{"id":20394,"date":"2023-05-13T02:34:18","date_gmt":"2023-05-13T05:34:18","guid":{"rendered":"https:\/\/revistaepocadigital.com.ar\/?p=20394"},"modified":"2023-05-19T01:33:32","modified_gmt":"2023-05-19T04:33:32","slug":"viven-en-israel-una-zona-caliente-del-mundo-el-capillense-santi-gonzalez-su-esposa-e-hijo","status":"publish","type":"post","link":"https:\/\/revistaepocadigital.com.ar\/?p=20394","title":{"rendered":"Viven en Israel. El capillense Santi Gonz\u00e1lez, su esposa e hijo. En una zona dif\u00edcil, otra vez a los sobresaltos"},"content":{"rendered":"<div class=\"I_ZkbNhI D_FY W_6D6F\" data-test-id=\"message-view-body\">\n<div class=\"msg-body P_wpofO mq_AS\" data-test-id=\"message-view-body-content\">\n<div class=\"jb_0 X_6MGW N_6Fd5\">\n<div>\n<div id=\"yiv0340939707\">\n<div><strong>ACTUALIZACI\u00d3N.<!--more--><\/strong><\/div>\n<div>Luego de los episodios ocurridos hace poco, en estos d\u00edas se ha renovado el conflicto armado, con intercambio de cohetes entre Israel y la Franja de Gaza, luego que las fuerzas israel\u00edas abatieran a tres l\u00edderes del movimiento Hamas.<\/div>\n<div><\/div>\n<\/div>\n<div>EPOCA habl\u00f3 con Santi <em>Nen\u00e9<\/em> Gonzalez acerca de la nueva escalada en el conflicto,<em> &#8220;s\u00ed, otra vez empezaron los problemas, ojal\u00e1 finalicen cuanto antes. En nuestro caso, con mi se\u00f1ora y mi hijo, cada vez que han sucedido, nos vamos de nuestra\u00a0 casa que como ya coment\u00e9, se encuentra cerca de la Franja de Gaza. Por eso las autoridades nos trasladaron a un hotel cerca de Jerusalen&#8221;<\/em>, cont\u00f3 el capillense.<\/div>\n<div><\/div>\n<div style=\"text-align: center;\"><strong>&#8212;&#8212;&#8212;&#8212;&#8212;&#8212;&#8212;&#8212;&#8212;&#8212;&#8212;-<\/strong><\/div>\n<div>nota anterior<\/div>\n<div id=\"yiv0340939707\">\n<div><\/div>\n<div><strong>ES CAPILLENSE Y CON SU ESPOSA Y LIO, EL PEQUE\u00d1O HIJO VIVEN EN ISRAEL.<!--more--><\/strong><\/div>\n<\/div>\n<\/div>\n<div>En una nota publicada en EPOCA, sobre historias de vida de exaltacrucenses que tomaron otros rumbos, en el interior de la Argentina o en el exterior, te contamos que Santi <em>Nen\u00e9<\/em> Gonz\u00e1lez junto a su esposa Galit de nacionalidad israel\u00ed y L\u00edo, el hijo de ambos, hace unos a\u00f1os luego de vivir en Buenos Aires, resolvieron radicarse en Israel donde vive la familia de Galit. <em>&#8220;Vivimos en un kibbutz llamado Nir Oz, al sur de Israel pegado a la Franja de Gaza!<\/em> (una de las zonas m\u00e1s calientes y conflictivas)&#8221;, le recuerda a Santi a EPOCA. El capillense, de 33 a\u00f1os como su esposa, es hijo de M\u00f3nica Pianovi, vecina de nuestra cudad, quien ha viajado en ocasiones a visitarlos.<\/div>\n<div><\/div>\n<\/div>\n<div><span class=\"x4k7w5x x1h91t0o x1h9r5lt xv2umb2 x1beo9mf xaigb6o x12ejxvf x3igimt xarpa2k xedcshv x1lytzrv x1t2pt76 x7ja8zs x1qrby5j x1jfb8zj\"><img decoding=\"async\" class=\"x1rg5ohu x5yr21d xl1xv1r xh8yej3\" src=\"https:\/\/scontent-eze1-1.xx.fbcdn.net\/v\/t39.30808-1\/300199663_10224612054661212_5750807386314509107_n.jpg?stp=dst-jpg_p100x100&amp;_nc_cat=102&amp;ccb=1-7&amp;_nc_sid=7206a8&amp;_nc_ohc=Jse6vTB7RE4AX-xXQF_&amp;_nc_ad=z-m&amp;_nc_cid=0&amp;_nc_ht=scontent-eze1-1.xx&amp;oh=00_AfDND02KwWsFIamZq5YZjRYvf_TfWCWHC5k9XFzBaNwJNg&amp;oe=643C0AF8\" alt=\"Santi Nen\u00e9 Gonzalez\" \/><\/span><\/div>\n<\/div>\n<pre><em>Santi Gonz\u00e1lez<\/em><\/pre>\n<div><\/div>\n<div>El desaf\u00edo fue enorme, sin embargo lo afrontaron convencidos que fue la decisi\u00f3n correcta. Supieron que los esperaba un pa\u00eds con notables avances, muy firmes convicciones, as\u00ed como inmerso en conflictos milenarios como los que se han reeditado hace poco como relata Gonz\u00e1lez.<\/div>\n<\/div>\n<div><\/div>\n<div><em>&#8220;Este un mes complicado en Israel -dice- y los conflictos con Palestina vuelven a aparecer. Es el mes del Ramadan, un mes sagrado para los musulmanes, y conflictivo para los jud\u00edos&#8221;.<\/em><\/div>\n<div><\/div>\n<div><em>&#8220;Por las circunstancias, nos piden que no vayamos a lugares tur\u00edsticos; desde hac\u00eda tiempo se sabe que en este mes hab\u00eda posibilidades de un ataque de Hamas hacia Israel o que se ocurrieran atentados, y lamentablemente as\u00ed pas\u00f3&#8221;.<\/em><\/div>\n<div><\/div>\n<div>El capillense se refiere a <em>&#8220;dos atentados en la capital israel\u00ed Tel Aviv y en Jerusal\u00e9n\u00a0 donde hubo muertos y heridos. Tambi\u00e9n recibimos disparos de misiles, el ej\u00e9rcito israel\u00ed devolvi\u00f3 esos ataques y nos pidi\u00f3 que estuvi\u00e9ramos cerca de los refugios antibombas que existen ac\u00e1. Por suerte el momento duro que nos toc\u00f3 atravesar esta vez s\u00f3lo duro tres d\u00edas y no hubo heridos entre la poblaci\u00f3n de Israel<\/em>&#8220;.<\/div>\n<div><\/div>\n<div><\/div>\n<div><img decoding=\"async\" class=\"x1lliihq x193iq5w x5yr21d xh8yej3\" src=\"https:\/\/scontent.xx.fbcdn.net\/v\/t1.15752-9\/338416492_2550147075284280_6375016943329383759_n.jpg?stp=dst-jpg_p160x160&amp;_nc_cat=106&amp;ccb=1-7&amp;_nc_sid=aee45a&amp;_nc_ohc=CHpxHZ0c76QAX--Geaq&amp;_nc_ad=z-m&amp;_nc_cid=0&amp;_nc_ht=scontent.xx&amp;oh=03_AdQ4YMzInefpPXfy6iTZojD-zpHrqYlUhxi7_5R1xaeidA&amp;oe=645EF8F8\" alt=\"Abrir foto\" \/><\/div>\n<pre>Gonz\u00e1lez, su esposa\r\ny Lio, el hijo de ambos\r\nde 2 a\u00f1os y medio<\/pre>\n<div><\/div>\n<div>Poco despu\u00e9s de los ataques, el gobierno israel\u00ed hizo saber a la poblaci\u00f3n que <em>&#8220;pod\u00edamos volver a la rutina diaria, de todas formas, seguimos estamos atentos a lo que pueda pasar&#8221;,<\/em> admite Santi. Sin embargo, para ellos como para tantos en el pa\u00eds, la vida sigue, saben de que se trata y la afrontan seguros de s\u00ed mismos.<\/div>\n","protected":false},"excerpt":{"rendered":"<p>ACTUALIZACI\u00d3N.<\/p>\n","protected":false},"author":4,"featured_media":20470,"comment_status":"open","ping_status":"open","sticky":false,"template":"","format":"standard","meta":{"footnotes":"","jetpack_publicize_message":"","jetpack_publicize_feature_enabled":true,"jetpack_social_post_already_shared":true,"jetpack_social_options":{"image_generator_settings":{"template":"highway","default_image_id":0,"font":"","enabled":false},"version":2}},"categories":[13],"tags":[2276,1867,1399],"class_list":["post-20394","post","type-post","status-publish","format-standard","has-post-thumbnail","hentry","category-interes-general","tag-capillense","tag-gonzalez","tag-israel"],"jetpack_publicize_connections":[],"jetpack_featured_media_url":"https:\/\/revistaepocadigital.com.ar\/wp-content\/uploads\/2023\/04\/santi-nene-gonzalez23.jpg","jetpack_likes_enabled":true,"_links":{"self":[{"href":"https:\/\/revistaepocadigital.com.ar\/index.php?rest_route=\/wp\/v2\/posts\/20394","targetHints":{"allow":["GET"]}}],"collection":[{"href":"https:\/\/revistaepocadigital.com.ar\/index.php?rest_route=\/wp\/v2\/posts"}],"about":[{"href":"https:\/\/revistaepocadigital.com.ar\/index.php?rest_route=\/wp\/v2\/types\/post"}],"author":[{"embeddable":true,"href":"https:\/\/revistaepocadigital.com.ar\/index.php?rest_route=\/wp\/v2\/users\/4"}],"replies":[{"embeddable":true,"href":"https:\/\/revistaepocadigital.com.ar\/index.php?rest_route=%2Fwp%2Fv2%2Fcomments&post=20394"}],"version-history":[{"count":0,"href":"https:\/\/revistaepocadigital.com.ar\/index.php?rest_route=\/wp\/v2\/posts\/20394\/revisions"}],"wp:featuredmedia":[{"embeddable":true,"href":"https:\/\/revistaepocadigital.com.ar\/index.php?rest_route=\/wp\/v2\/media\/20470"}],"wp:attachment":[{"href":"https:\/\/revistaepocadigital.com.ar\/index.php?rest_route=%2Fwp%2Fv2%2Fmedia&parent=20394"}],"wp:term":[{"taxonomy":"category","embeddable":true,"href":"https:\/\/revistaepocadigital.com.ar\/index.php?rest_route=%2Fwp%2Fv2%2Fcategories&post=20394"},{"taxonomy":"post_tag","embeddable":true,"href":"https:\/\/revistaepocadigital.com.ar\/index.php?rest_route=%2Fwp%2Fv2%2Ftags&post=20394"}],"curies":[{"name":"wp","href":"https:\/\/api.w.org\/{rel}","templated":true}]}}