{"id":20412,"date":"2023-04-11T09:00:08","date_gmt":"2023-04-11T12:00:08","guid":{"rendered":"https:\/\/revistaepocadigital.com.ar\/?p=20412"},"modified":"2023-04-11T09:00:08","modified_gmt":"2023-04-11T12:00:08","slug":"la-decision-de-larreta-agito-mas-las-aguas-en-juntos-por-el-cambio","status":"publish","type":"post","link":"https:\/\/revistaepocadigital.com.ar\/?p=20412","title":{"rendered":"La decisi\u00f3n de Larreta agit\u00f3 m\u00e1s las aguas en Juntos por el Cambio"},"content":{"rendered":"<p><strong>EL COMUNICADO DE LA UCR LOCAL.<\/strong><!--more--><\/p>\n<p>La UCR de Exaltaci\u00f3n de la Cruz, se pronunci\u00f3\u00a0 luego del anuncio del jefe de gobierno de la ciudad de Buenos Aires y pre candidato presidencial, Horacio Rodr\u00edguez Larreta, acerca de su decisi\u00f3n en torno al formato de las elecciones 2023 en CABA. La UCR local aval\u00f3 a Larreta.<\/p>\n<p>La decisi\u00f3n que ha causado otra fuerte controversia en Juntos por el Cambio. Mauricio Macri dijo sentir una &#8220;profunda desilusi\u00f3n&#8221;.<\/p>\n<p>&nbsp;<\/p>\n<p><img loading=\"lazy\" decoding=\"async\" class=\"aligncenter size-large wp-image-20414\" src=\"https:\/\/revistaepocadigital.com.ar\/wp-content\/uploads\/2023\/04\/ucr-comuniciado-1-701x1200.jpg\" alt=\"\" width=\"696\" height=\"1191\" srcset=\"https:\/\/revistaepocadigital.com.ar\/wp-content\/uploads\/2023\/04\/ucr-comuniciado-1-701x1200.jpg 701w, https:\/\/revistaepocadigital.com.ar\/wp-content\/uploads\/2023\/04\/ucr-comuniciado-1-175x300.jpg 175w, https:\/\/revistaepocadigital.com.ar\/wp-content\/uploads\/2023\/04\/ucr-comuniciado-1-768x1314.jpg 768w, https:\/\/revistaepocadigital.com.ar\/wp-content\/uploads\/2023\/04\/ucr-comuniciado-1-897x1536.jpg 897w, https:\/\/revistaepocadigital.com.ar\/wp-content\/uploads\/2023\/04\/ucr-comuniciado-1-696x1191.jpg 696w, https:\/\/revistaepocadigital.com.ar\/wp-content\/uploads\/2023\/04\/ucr-comuniciado-1-245x420.jpg 245w, https:\/\/revistaepocadigital.com.ar\/wp-content\/uploads\/2023\/04\/ucr-comuniciado-1-491x840.jpg 491w, https:\/\/revistaepocadigital.com.ar\/wp-content\/uploads\/2023\/04\/ucr-comuniciado-1.jpg 943w\" sizes=\"auto, (max-width: 696px) 100vw, 696px\" \/><\/p>\n","protected":false},"excerpt":{"rendered":"<p>EL COMUNICADO DE LA UCR LOCAL.<\/p>\n","protected":false},"author":4,"featured_media":20414,"comment_status":"open","ping_status":"open","sticky":false,"template":"","format":"standard","meta":{"footnotes":"","jetpack_publicize_message":"","jetpack_publicize_feature_enabled":true,"jetpack_social_post_already_shared":false,"jetpack_social_options":{"image_generator_settings":{"template":"highway","default_image_id":0,"font":"","enabled":false},"version":2}},"categories":[17],"tags":[43,1840,363],"class_list":["post-20412","post","type-post","status-publish","format-standard","has-post-thumbnail","hentry","category-politica","tag-elecciones","tag-larreta","tag-ucr"],"jetpack_publicize_connections":[],"jetpack_featured_media_url":"https:\/\/revistaepocadigital.com.ar\/wp-content\/uploads\/2023\/04\/ucr-comuniciado-1.jpg","jetpack_likes_enabled":true,"_links":{"self":[{"href":"https:\/\/revistaepocadigital.com.ar\/index.php?rest_route=\/wp\/v2\/posts\/20412","targetHints":{"allow":["GET"]}}],"collection":[{"href":"https:\/\/revistaepocadigital.com.ar\/index.php?rest_route=\/wp\/v2\/posts"}],"about":[{"href":"https:\/\/revistaepocadigital.com.ar\/index.php?rest_route=\/wp\/v2\/types\/post"}],"author":[{"embeddable":true,"href":"https:\/\/revistaepocadigital.com.ar\/index.php?rest_route=\/wp\/v2\/users\/4"}],"replies":[{"embeddable":true,"href":"https:\/\/revistaepocadigital.com.ar\/index.php?rest_route=%2Fwp%2Fv2%2Fcomments&post=20412"}],"version-history":[{"count":0,"href":"https:\/\/revistaepocadigital.com.ar\/index.php?rest_route=\/wp\/v2\/posts\/20412\/revisions"}],"wp:featuredmedia":[{"embeddable":true,"href":"https:\/\/revistaepocadigital.com.ar\/index.php?rest_route=\/wp\/v2\/media\/20414"}],"wp:attachment":[{"href":"https:\/\/revistaepocadigital.com.ar\/index.php?rest_route=%2Fwp%2Fv2%2Fmedia&parent=20412"}],"wp:term":[{"taxonomy":"category","embeddable":true,"href":"https:\/\/revistaepocadigital.com.ar\/index.php?rest_route=%2Fwp%2Fv2%2Fcategories&post=20412"},{"taxonomy":"post_tag","embeddable":true,"href":"https:\/\/revistaepocadigital.com.ar\/index.php?rest_route=%2Fwp%2Fv2%2Ftags&post=20412"}],"curies":[{"name":"wp","href":"https:\/\/api.w.org\/{rel}","templated":true}]}}