{"id":20418,"date":"2023-04-12T15:10:03","date_gmt":"2023-04-12T18:10:03","guid":{"rendered":"https:\/\/revistaepocadigital.com.ar\/?p=20418"},"modified":"2023-04-12T15:27:25","modified_gmt":"2023-04-12T18:27:25","slug":"mountain-bike-el-rally-serie-este-domingo-16-en-gaynor","status":"publish","type":"post","link":"https:\/\/revistaepocadigital.com.ar\/?p=20418","title":{"rendered":"MOUNTAIN BIKE: \u00a1EL RALLY SERIE ESTE DOMINGO 16 EN GAYNOR!"},"content":{"rendered":"\r\n<div class=\"content ot-article\">\r\n<figure><strong>ESTE DOMINGO 16 DE ABRIL LLEGA A DIEGO GAYNOR, LA GRAN FIESTA DEL TURISMO EN DOS RUEDAS.<\/strong><!--more--><\/figure>\r\n<figure>NO TE LA POD\u00c9S PERDER! VEN\u00cd A DISFRUTAR EN FAMILIA O CON AMIGOS, ALENT\u00c1 A LOS PARTICIPANTES Y DISFRUT\u00c1 UN D\u00cdA INOLVIDABLE!<\/figure>\r\n<figure>LA LARGADA ES A LAS 12:30 HORAS.<\/figure>\r\n<p>&nbsp;<\/p>\r\n<p>D\u00edas atr\u00e1s, el intendente Diego Nanni anunci\u00f3 que Exaltaci\u00f3n de la Cruz va a albergar una nueva edici\u00f3n del ya tradicional Rally Serie de mountain bike, evento anual que desde hace varios a\u00f1os inicia su calendario en nuestro distrito.<\/p>\r\n<p>Con el objetivo de ir puliendo detalles organizativos, el jefe comunal se reuni\u00f3 con el representante de la organizaci\u00f3n, Gast\u00f3n Busso, el delegado de Diego Gaynor, Hugo Giordano, y el director de Turismo comunal, Roberto Simonetti.<\/p>\r\n<\/div>\r\n<p><strong><img loading=\"lazy\" decoding=\"async\" class=\"aligncenter size-full wp-image-20448\" src=\"https:\/\/revistaepocadigital.com.ar\/wp-content\/uploads\/2023\/04\/mountain.jpg\" alt=\"\" width=\"526\" height=\"526\" srcset=\"https:\/\/revistaepocadigital.com.ar\/wp-content\/uploads\/2023\/04\/mountain.jpg 526w, https:\/\/revistaepocadigital.com.ar\/wp-content\/uploads\/2023\/04\/mountain-300x300.jpg 300w, https:\/\/revistaepocadigital.com.ar\/wp-content\/uploads\/2023\/04\/mountain-150x150.jpg 150w, https:\/\/revistaepocadigital.com.ar\/wp-content\/uploads\/2023\/04\/mountain-420x420.jpg 420w\" sizes=\"auto, (max-width: 526px) 100vw, 526px\" \/><\/strong><\/p>\r\n<div class=\"content ot-article\">\r\n<p>La competencia, que estar\u00e1 dividida en numerosas categor\u00edas y atraer\u00e1 a miles de personas a nuestro municipio. Es el pr\u00f3ximo domingo 16 de abril en Diego Gaynor.<\/p>\r\n<p>Los interesados tienen tiempo de inscribirse hasta el mi\u00e9rcoles 12 de abril y pueden anotarse o recabar m\u00e1s informaci\u00f3n en\u00a0<a tabindex=\"0\" href=\"https:\/\/www.instagram.com\/rallyserie\/?fbclid=IwAR3zEEGn_8C_HsNHq1rpKnrFXn94BeIn6_Zij8WVSYa--FTsBsDtlvw1jMU\" target=\"_blank\" rel=\"nofollow noopener\">https:\/\/www.instagram.com\/rallyserie\/<\/a><\/p>\r\n<\/div>\r\n\r\n\r\n\r\n<div class=\"ot-article-tags\">\u00a0<\/div>\r\n","protected":false},"excerpt":{"rendered":"<p>ESTE DOMINGO 16 DE ABRIL LLEGA A DIEGO GAYNOR, LA GRAN FIESTA DEL TURISMO EN DOS RUEDAS.<\/p>\n","protected":false},"author":3,"featured_media":20453,"comment_status":"open","ping_status":"open","sticky":false,"template":"","format":"standard","meta":{"footnotes":"","jetpack_publicize_message":"","jetpack_publicize_feature_enabled":true,"jetpack_social_post_already_shared":true,"jetpack_social_options":{"image_generator_settings":{"template":"highway","default_image_id":0,"font":"","enabled":false},"version":2}},"categories":[13],"tags":[952,2273],"class_list":["post-20418","post","type-post","status-publish","format-standard","has-post-thumbnail","hentry","category-interes-general","tag-diego-gaynor","tag-mountain-bike"],"jetpack_publicize_connections":[],"jetpack_featured_media_url":"https:\/\/revistaepocadigital.com.ar\/wp-content\/uploads\/2023\/04\/moun.jpg","jetpack_likes_enabled":true,"_links":{"self":[{"href":"https:\/\/revistaepocadigital.com.ar\/index.php?rest_route=\/wp\/v2\/posts\/20418","targetHints":{"allow":["GET"]}}],"collection":[{"href":"https:\/\/revistaepocadigital.com.ar\/index.php?rest_route=\/wp\/v2\/posts"}],"about":[{"href":"https:\/\/revistaepocadigital.com.ar\/index.php?rest_route=\/wp\/v2\/types\/post"}],"author":[{"embeddable":true,"href":"https:\/\/revistaepocadigital.com.ar\/index.php?rest_route=\/wp\/v2\/users\/3"}],"replies":[{"embeddable":true,"href":"https:\/\/revistaepocadigital.com.ar\/index.php?rest_route=%2Fwp%2Fv2%2Fcomments&post=20418"}],"version-history":[{"count":0,"href":"https:\/\/revistaepocadigital.com.ar\/index.php?rest_route=\/wp\/v2\/posts\/20418\/revisions"}],"wp:featuredmedia":[{"embeddable":true,"href":"https:\/\/revistaepocadigital.com.ar\/index.php?rest_route=\/wp\/v2\/media\/20453"}],"wp:attachment":[{"href":"https:\/\/revistaepocadigital.com.ar\/index.php?rest_route=%2Fwp%2Fv2%2Fmedia&parent=20418"}],"wp:term":[{"taxonomy":"category","embeddable":true,"href":"https:\/\/revistaepocadigital.com.ar\/index.php?rest_route=%2Fwp%2Fv2%2Fcategories&post=20418"},{"taxonomy":"post_tag","embeddable":true,"href":"https:\/\/revistaepocadigital.com.ar\/index.php?rest_route=%2Fwp%2Fv2%2Ftags&post=20418"}],"curies":[{"name":"wp","href":"https:\/\/api.w.org\/{rel}","templated":true}]}}