{"id":20425,"date":"2023-04-11T23:00:09","date_gmt":"2023-04-12T02:00:09","guid":{"rendered":"https:\/\/revistaepocadigital.com.ar\/?p=20425"},"modified":"2023-04-11T23:13:32","modified_gmt":"2023-04-12T02:13:32","slug":"vecinos-de-capilla-su-atencion-por-favor-hoy-limpieza-del-tanque-de-agua-municipal","status":"publish","type":"post","link":"https:\/\/revistaepocadigital.com.ar\/?p=20425","title":{"rendered":"VECINOS DE CAPILLA, SU ATENCI\u00d3N POR FAVOR: HOY LIMPIEZA DEL TANQUE DE AGUA MUNICIPAL"},"content":{"rendered":"<div class=\"x11i5rnm xat24cr x1mh8g0r x1vvkbs xdj266r x126k92a\">\n<div dir=\"auto\"><strong>EL TANQUE DE AGUA MUNICIPAL DE VITAL IMPORTANCIA.<\/strong><\/div>\n<\/div>\n<p><!--more--><\/p>\n<div class=\"x11i5rnm xat24cr x1mh8g0r x1vvkbs xtlvy1s x126k92a\">\n<div dir=\"auto\">Se informa que durante el d\u00eda mi\u00e9rcoles 12 DE ABRIL, se realiza la limpieza del tanque de agua municipal, en Capilla del Se\u00f1or.<\/div>\n<\/div>\n<div class=\"x11i5rnm xat24cr x1mh8g0r x1vvkbs xtlvy1s x126k92a\">\n<div dir=\"auto\"><\/div>\n<div dir=\"auto\">Por este motivo puede generarse una baja en la presi\u00f3n el d\u00eda jueves, 13 DE ABRIL. Por eso desde el municipio, sugirieron que los vecinos hagan un uso racional del servicio.<\/div>\n<div dir=\"auto\"><\/div>\n<\/div>\n","protected":false},"excerpt":{"rendered":"<p>EL TANQUE DE AGUA MUNICIPAL DE VITAL IMPORTANCIA.<\/p>\n","protected":false},"author":3,"featured_media":20428,"comment_status":"open","ping_status":"open","sticky":false,"template":"","format":"standard","meta":{"footnotes":"","jetpack_publicize_message":"","jetpack_publicize_feature_enabled":true,"jetpack_social_post_already_shared":true,"jetpack_social_options":{"image_generator_settings":{"template":"highway","default_image_id":0,"font":"","enabled":false},"version":2}},"categories":[13],"tags":[1007,2271],"class_list":["post-20425","post","type-post","status-publish","format-standard","has-post-thumbnail","hentry","category-interes-general","tag-limpieza","tag-tanque-agua-municipal"],"jetpack_publicize_connections":[],"jetpack_featured_media_url":"https:\/\/revistaepocadigital.com.ar\/wp-content\/uploads\/2023\/04\/tNQUE-1.jpg","jetpack_likes_enabled":true,"_links":{"self":[{"href":"https:\/\/revistaepocadigital.com.ar\/index.php?rest_route=\/wp\/v2\/posts\/20425","targetHints":{"allow":["GET"]}}],"collection":[{"href":"https:\/\/revistaepocadigital.com.ar\/index.php?rest_route=\/wp\/v2\/posts"}],"about":[{"href":"https:\/\/revistaepocadigital.com.ar\/index.php?rest_route=\/wp\/v2\/types\/post"}],"author":[{"embeddable":true,"href":"https:\/\/revistaepocadigital.com.ar\/index.php?rest_route=\/wp\/v2\/users\/3"}],"replies":[{"embeddable":true,"href":"https:\/\/revistaepocadigital.com.ar\/index.php?rest_route=%2Fwp%2Fv2%2Fcomments&post=20425"}],"version-history":[{"count":0,"href":"https:\/\/revistaepocadigital.com.ar\/index.php?rest_route=\/wp\/v2\/posts\/20425\/revisions"}],"wp:featuredmedia":[{"embeddable":true,"href":"https:\/\/revistaepocadigital.com.ar\/index.php?rest_route=\/wp\/v2\/media\/20428"}],"wp:attachment":[{"href":"https:\/\/revistaepocadigital.com.ar\/index.php?rest_route=%2Fwp%2Fv2%2Fmedia&parent=20425"}],"wp:term":[{"taxonomy":"category","embeddable":true,"href":"https:\/\/revistaepocadigital.com.ar\/index.php?rest_route=%2Fwp%2Fv2%2Fcategories&post=20425"},{"taxonomy":"post_tag","embeddable":true,"href":"https:\/\/revistaepocadigital.com.ar\/index.php?rest_route=%2Fwp%2Fv2%2Ftags&post=20425"}],"curies":[{"name":"wp","href":"https:\/\/api.w.org\/{rel}","templated":true}]}}