{"id":20429,"date":"2023-04-11T23:37:12","date_gmt":"2023-04-12T02:37:12","guid":{"rendered":"https:\/\/revistaepocadigital.com.ar\/?p=20429"},"modified":"2023-04-11T23:39:05","modified_gmt":"2023-04-12T02:39:05","slug":"capilla-del-senor-la-calle-migliaro-en-obras","status":"publish","type":"post","link":"https:\/\/revistaepocadigital.com.ar\/?p=20429","title":{"rendered":"CAPILLA DEL SE\u00d1OR. LA CALLE MIGLIARO EN OBRAS"},"content":{"rendered":"<div class=\"x11i5rnm xat24cr x1mh8g0r x1vvkbs xdj266r x126k92a\">\n<div dir=\"auto\"><strong>COMENZARON.<\/strong><\/div>\n<div dir=\"auto\"><\/div>\n<\/div>\n<p><!--more--><\/p>\n<div class=\"x11i5rnm xat24cr x1mh8g0r x1vvkbs xtlvy1s x126k92a\">\n<div dir=\"auto\">La reconstrucci\u00f3n de la calle Luis Mar\u00eda Migliaro, en Capilla del Se\u00f1or. Se trata de 250 metros lineales, desde la calle Pellegrini hasta la calle Irizar. All\u00ed empezaron a remover el antiguo hormig\u00f3n, luego se consolidar\u00e1 el suelo y finalmente, se colocar\u00e1 el nuevo hormig\u00f3n.<\/div>\n<div dir=\"auto\"><\/div>\n<\/div>\n<div class=\"x11i5rnm xat24cr x1mh8g0r x1vvkbs xtlvy1s x126k92a\">\n<div dir=\"auto\">Las tareas se centran en la cuadra de ingreso al Hospital San Jos\u00e9, por lo que debido a las obras, s\u00f3lo pueden acceder ambulancias y veh\u00edculos en emergencias.<\/div>\n<\/div>\n<div class=\"x11i5rnm xat24cr x1mh8g0r x1vvkbs xtlvy1s x126k92a\">\n<div dir=\"auto\"><\/div>\n<div dir=\"auto\">En cuanto al tr\u00e1nsito de colectivos, los mismos doblan en la calle Padre Fahy, para acceder luego a la terminal.<\/div>\n<\/div>\n","protected":false},"excerpt":{"rendered":"<p>COMENZARON.<\/p>\n","protected":false},"author":3,"featured_media":20431,"comment_status":"open","ping_status":"open","sticky":false,"template":"","format":"standard","meta":{"footnotes":"","jetpack_publicize_message":"","jetpack_publicize_feature_enabled":true,"jetpack_social_post_already_shared":true,"jetpack_social_options":{"image_generator_settings":{"template":"highway","default_image_id":0,"font":"","enabled":false},"version":2}},"categories":[15,16],"tags":[2272,37],"class_list":["post-20429","post","type-post","status-publish","format-standard","has-post-thumbnail","hentry","category-lo-que-tenes-que-saber","category-municipales","tag-calle-migliaro","tag-destacada"],"jetpack_publicize_connections":[],"jetpack_featured_media_url":"https:\/\/revistaepocadigital.com.ar\/wp-content\/uploads\/2023\/04\/calle-migliaro.jpg","jetpack_likes_enabled":true,"_links":{"self":[{"href":"https:\/\/revistaepocadigital.com.ar\/index.php?rest_route=\/wp\/v2\/posts\/20429","targetHints":{"allow":["GET"]}}],"collection":[{"href":"https:\/\/revistaepocadigital.com.ar\/index.php?rest_route=\/wp\/v2\/posts"}],"about":[{"href":"https:\/\/revistaepocadigital.com.ar\/index.php?rest_route=\/wp\/v2\/types\/post"}],"author":[{"embeddable":true,"href":"https:\/\/revistaepocadigital.com.ar\/index.php?rest_route=\/wp\/v2\/users\/3"}],"replies":[{"embeddable":true,"href":"https:\/\/revistaepocadigital.com.ar\/index.php?rest_route=%2Fwp%2Fv2%2Fcomments&post=20429"}],"version-history":[{"count":0,"href":"https:\/\/revistaepocadigital.com.ar\/index.php?rest_route=\/wp\/v2\/posts\/20429\/revisions"}],"wp:featuredmedia":[{"embeddable":true,"href":"https:\/\/revistaepocadigital.com.ar\/index.php?rest_route=\/wp\/v2\/media\/20431"}],"wp:attachment":[{"href":"https:\/\/revistaepocadigital.com.ar\/index.php?rest_route=%2Fwp%2Fv2%2Fmedia&parent=20429"}],"wp:term":[{"taxonomy":"category","embeddable":true,"href":"https:\/\/revistaepocadigital.com.ar\/index.php?rest_route=%2Fwp%2Fv2%2Fcategories&post=20429"},{"taxonomy":"post_tag","embeddable":true,"href":"https:\/\/revistaepocadigital.com.ar\/index.php?rest_route=%2Fwp%2Fv2%2Ftags&post=20429"}],"curies":[{"name":"wp","href":"https:\/\/api.w.org\/{rel}","templated":true}]}}