{"id":2043,"date":"2019-03-29T11:14:32","date_gmt":"2019-03-29T14:14:32","guid":{"rendered":"https:\/\/revistaepocadigital.com.ar\/?p=2043"},"modified":"2019-03-29T11:14:32","modified_gmt":"2019-03-29T14:14:32","slug":"quedo-prohibida-la-fumigacion-aerea-de-agrotoxicos-y-afines-en-exaltacion-de-la-cruz","status":"publish","type":"post","link":"https:\/\/revistaepocadigital.com.ar\/?p=2043","title":{"rendered":"Qued\u00f3 prohibida la fumigaci\u00f3n a\u00e9rea de agrot\u00f3xicos y afines en Exaltaci\u00f3n de la Cruz"},"content":{"rendered":"<p><strong>ESTUVO COLMADO.<\/strong><!--more--><\/p>\n<p>Numerosos vecinos, asistieron a la \u00faltima sesi\u00f3n del <strong>Concejo Deliberante<\/strong>, segunda abierta al p\u00fablico del actual per\u00edodo. Hubo vecinos del corredor de la ruta 8, docentes y padres de alumnos de la Escuela 4 de Parada Robles, representantes de diferentes organizaciones medioambientales como Salud Exaltaci\u00f3n, Natura Naturata, atento a las distintas problem\u00e1ticas que aquejan a diversos sectores del distrito.<\/p>\n<p>Uno de los temas m\u00e1s \u00e1lgidos, result\u00f3 el de la<strong> fumigaci\u00f3n a\u00e9rea<\/strong>, como se sabe hace poco caus\u00f3 fuerte rechazo y reclamos, la fumigaci\u00f3n efectuada en un campo muy cercano a la escuela de Parada Robles. El tema llev\u00f3 a que el bloque de <strong>Unidad Ciudadana, acompa\u00f1ado por los de Defensa Comunal, Frente Renovador y UCR,<\/strong> presentara un proyecto de ordenanza para <strong>prohibir la fumigaci\u00f3n a\u00e9rea de agrot\u00f3xicos y afines en Exaltaci\u00f3n de la Cruz.<\/strong><\/p>\n<p>El proyecto alcanz\u00f3 el consenso de todos los bloques, y con una modificaci\u00f3n breve presentada por el bloque de<strong> Cambiemos, fue aprobado por unanimidad,<\/strong> lo que origin\u00f3 el aplauso cerrado de la concurrencia presente en el HCD.<\/p>\n<p><strong>Qued\u00f3 en claro,<\/strong> que vecinos, entidades y organizaciones, han considerado a la aprobaci\u00f3n de la mencionadaordenanza, representa el primer paso hacia un<strong> municipio de Exaltaci\u00f3n de la Cruz, libre de agrot\u00f3xicos.<\/strong><\/p>\n<p><strong>BATERIA LA MARIA. LA POL\u00c9MICA<\/strong><\/p>\n<p>Otro tema que fue evidente, provoc\u00f3 la asistencia de p\u00fablico a la sesi\u00f3n, fue el referido a la conocida <strong>Bater\u00eda La Mar\u00eda,<\/strong> presente en los carnavales exaltacruce\u00f1os en los \u00faltimos a\u00f1os, a la que el municipio por medio de una nota, le solicit\u00f3 las llaves del <strong>galp\u00f3n del ex Ferrocarril Urquiza<\/strong> donde ensayan y guardan sus materiales desde hace cinco a\u00f1os, lo que gener\u00f3 pol\u00e9mica como reflejamos en nota aparte.<\/p>\n<p>La medida provoc\u00f3 mucho malestar en los concejales de<strong> Defensa Comunal,<\/strong> ya que al parecer no estaban al tanto de dicha nota emanada del municipio, al tiempo que calificaron al proyecto de <strong>Cambiemos<\/strong> como<em> &#8220;oportunista&#8221;<\/em>, sin abocarse a una soluci\u00f3n al problema planteado. En torno al tema de los carnavales y lo que conllevan, el titular del HCD, <strong>Ra\u00fal Sancho<\/strong>, present\u00f3 tambi\u00e9n un proyecto para modificar la ordenanza de 2013, que permite los ensayos de comparsas y agrupaciones entre el 1 de octubre y el 1 de marzo. Despu\u00e9s de un cuarto intermedio donde los ediles dialogaron con el representante de la agrupaci\u00f3n La Mar\u00eda, por momentos con elevados tonos de voces y creciente tensi\u00f3n, fue votada por <strong>unanimidad<\/strong> la citada comunicaci\u00f3n.<\/p>\n<p>Foto portada: gentileza Aeromundo Magazine<\/p>\n","protected":false},"excerpt":{"rendered":"<p>ESTUVO COLMADO.<\/p>\n","protected":false},"author":4,"featured_media":2047,"comment_status":"open","ping_status":"open","sticky":false,"template":"","format":"standard","meta":{"footnotes":"","jetpack_publicize_message":"","jetpack_publicize_feature_enabled":true,"jetpack_social_post_already_shared":false,"jetpack_social_options":{"image_generator_settings":{"template":"highway","default_image_id":0,"font":"","enabled":false},"version":2}},"categories":[17],"tags":[252,279],"class_list":["post-2043","post","type-post","status-publish","format-standard","has-post-thumbnail","hentry","category-politica","tag-fumigacion","tag-la-maria"],"jetpack_publicize_connections":[],"jetpack_featured_media_url":"https:\/\/revistaepocadigital.com.ar\/wp-content\/uploads\/2019\/03\/fumiga-foto-aeromundo.jpg","jetpack_likes_enabled":true,"_links":{"self":[{"href":"https:\/\/revistaepocadigital.com.ar\/index.php?rest_route=\/wp\/v2\/posts\/2043","targetHints":{"allow":["GET"]}}],"collection":[{"href":"https:\/\/revistaepocadigital.com.ar\/index.php?rest_route=\/wp\/v2\/posts"}],"about":[{"href":"https:\/\/revistaepocadigital.com.ar\/index.php?rest_route=\/wp\/v2\/types\/post"}],"author":[{"embeddable":true,"href":"https:\/\/revistaepocadigital.com.ar\/index.php?rest_route=\/wp\/v2\/users\/4"}],"replies":[{"embeddable":true,"href":"https:\/\/revistaepocadigital.com.ar\/index.php?rest_route=%2Fwp%2Fv2%2Fcomments&post=2043"}],"version-history":[{"count":0,"href":"https:\/\/revistaepocadigital.com.ar\/index.php?rest_route=\/wp\/v2\/posts\/2043\/revisions"}],"wp:featuredmedia":[{"embeddable":true,"href":"https:\/\/revistaepocadigital.com.ar\/index.php?rest_route=\/wp\/v2\/media\/2047"}],"wp:attachment":[{"href":"https:\/\/revistaepocadigital.com.ar\/index.php?rest_route=%2Fwp%2Fv2%2Fmedia&parent=2043"}],"wp:term":[{"taxonomy":"category","embeddable":true,"href":"https:\/\/revistaepocadigital.com.ar\/index.php?rest_route=%2Fwp%2Fv2%2Fcategories&post=2043"},{"taxonomy":"post_tag","embeddable":true,"href":"https:\/\/revistaepocadigital.com.ar\/index.php?rest_route=%2Fwp%2Fv2%2Ftags&post=2043"}],"curies":[{"name":"wp","href":"https:\/\/api.w.org\/{rel}","templated":true}]}}