{"id":20455,"date":"2023-04-13T01:29:57","date_gmt":"2023-04-13T04:29:57","guid":{"rendered":"https:\/\/revistaepocadigital.com.ar\/?p=20455"},"modified":"2023-04-13T01:38:10","modified_gmt":"2023-04-13T04:38:10","slug":"farmacia-san-jose-pensar-siempre-en-crecer-y-en-el-futuro","status":"publish","type":"post","link":"https:\/\/revistaepocadigital.com.ar\/?p=20455","title":{"rendered":"FARMACIA SAN JOS\u00c9: PENSAR SIEMPRE EN CRECER Y EN EL FUTURO"},"content":{"rendered":"<div class=\"I_ZkbNhI D_FY W_6D6F\" data-test-id=\"message-view-body\">\n<div class=\"msg-body P_wpofO mq_AS\" data-test-id=\"message-view-body-content\">\n<div class=\"jb_0 X_6MGW N_6Fd5\">\n<div dir=\"ltr\"><strong>DESDE EL A\u00d1O 1998<\/strong>.<!--more--><\/div>\n<div dir=\"ltr\"><\/div>\n<div dir=\"ltr\">Fue cuando el conocido matrimonio compuesto por &#8220;<strong>Marita&#8221; Jatar (farmac\u00e9utica) y &#8220;Rolo&#8221; Mezzelani<\/strong>, como todo el mundo los conoce, decidieron emprender un camino en el que nunca dejar\u00edan de creer y apostar. Fue as\u00ed que se hicieron cargo de la<strong> Farmacia San Jos\u00e9,<\/strong> ubicada en la esquina de Pellegrini y Migliaro en Capilla del Se\u00f1or.<\/div>\n<div dir=\"ltr\"><\/div>\n<div dir=\"ltr\">Los a\u00f1os transcurrieron, lleg\u00f3 el orgullo m\u00e1s grande para ambos, su hijo Tom\u00e1s, y por sobre los obst\u00e1culos y crisis recurrentes que no han dejado de perforar a la Argentina, en forma invariable, nunca dejaron de mirar el vaso medio lleno y siguieron adelante.<\/div>\n<\/div>\n<div dir=\"ltr\"><\/div>\n<div class=\"jb_0 X_6MGW N_6Fd5\">\n<div dir=\"ltr\">\n<figure id=\"attachment_20460\" aria-describedby=\"caption-attachment-20460\" style=\"width: 696px\" class=\"wp-caption aligncenter\"><img loading=\"lazy\" decoding=\"async\" class=\"size-large wp-image-20460\" src=\"https:\/\/revistaepocadigital.com.ar\/wp-content\/uploads\/2023\/04\/MARITA-ROL-TOMAS-1198x1200.jpg\" alt=\"\" width=\"696\" height=\"697\" srcset=\"https:\/\/revistaepocadigital.com.ar\/wp-content\/uploads\/2023\/04\/MARITA-ROL-TOMAS-1198x1200.jpg 1198w, https:\/\/revistaepocadigital.com.ar\/wp-content\/uploads\/2023\/04\/MARITA-ROL-TOMAS-300x300.jpg 300w, https:\/\/revistaepocadigital.com.ar\/wp-content\/uploads\/2023\/04\/MARITA-ROL-TOMAS-150x150.jpg 150w, https:\/\/revistaepocadigital.com.ar\/wp-content\/uploads\/2023\/04\/MARITA-ROL-TOMAS-768x769.jpg 768w, https:\/\/revistaepocadigital.com.ar\/wp-content\/uploads\/2023\/04\/MARITA-ROL-TOMAS-696x697.jpg 696w, https:\/\/revistaepocadigital.com.ar\/wp-content\/uploads\/2023\/04\/MARITA-ROL-TOMAS-1068x1070.jpg 1068w, https:\/\/revistaepocadigital.com.ar\/wp-content\/uploads\/2023\/04\/MARITA-ROL-TOMAS-419x420.jpg 419w, https:\/\/revistaepocadigital.com.ar\/wp-content\/uploads\/2023\/04\/MARITA-ROL-TOMAS-839x840.jpg 839w, https:\/\/revistaepocadigital.com.ar\/wp-content\/uploads\/2023\/04\/MARITA-ROL-TOMAS.jpg 1200w\" sizes=\"auto, (max-width: 696px) 100vw, 696px\" \/><figcaption id=\"caption-attachment-20460\" class=\"wp-caption-text\">El corte de cintas!. Marita Jatar, su esposo Rolo Mezzelani y Tom\u00e1s, el hijo del matrimonio.<\/figcaption><\/figure>\n<\/div>\n<div dir=\"ltr\">\n<figure id=\"attachment_20462\" aria-describedby=\"caption-attachment-20462\" style=\"width: 896px\" class=\"wp-caption aligncenter\"><img loading=\"lazy\" decoding=\"async\" class=\"size-full wp-image-20462\" src=\"https:\/\/revistaepocadigital.com.ar\/wp-content\/uploads\/2023\/04\/MARITA-ROL-PERSONAL.jpg\" alt=\"\" width=\"896\" height=\"648\" srcset=\"https:\/\/revistaepocadigital.com.ar\/wp-content\/uploads\/2023\/04\/MARITA-ROL-PERSONAL.jpg 896w, https:\/\/revistaepocadigital.com.ar\/wp-content\/uploads\/2023\/04\/MARITA-ROL-PERSONAL-300x217.jpg 300w, https:\/\/revistaepocadigital.com.ar\/wp-content\/uploads\/2023\/04\/MARITA-ROL-PERSONAL-768x555.jpg 768w, https:\/\/revistaepocadigital.com.ar\/wp-content\/uploads\/2023\/04\/MARITA-ROL-PERSONAL-324x235.jpg 324w, https:\/\/revistaepocadigital.com.ar\/wp-content\/uploads\/2023\/04\/MARITA-ROL-PERSONAL-648x470.jpg 648w, https:\/\/revistaepocadigital.com.ar\/wp-content\/uploads\/2023\/04\/MARITA-ROL-PERSONAL-696x503.jpg 696w, https:\/\/revistaepocadigital.com.ar\/wp-content\/uploads\/2023\/04\/MARITA-ROL-PERSONAL-581x420.jpg 581w\" sizes=\"auto, (max-width: 896px) 100vw, 896px\" \/><figcaption id=\"caption-attachment-20462\" class=\"wp-caption-text\">\u00a1Hay equipo!, El matrimonio Mezzelani junto al staff de colaboradores<\/figcaption><\/figure>\n<\/div>\n<div dir=\"ltr\">El crecimiento poblacional de Exaltaci\u00f3n de la Cruz y la zona, fue demandando m\u00e1s la presencia de farmacias y Marita junto a Rolo, imbu\u00eddos de una misma filosof\u00eda de trabajo se desarrollaron, pensando en los vecinos, como tambi\u00e9n puede mencionarse a farmacias colegas. La Farmacia San Jos\u00e9 se iba a convertir en una referencia, y como tal ha subido un nuevo escal\u00f3n al inaugurar la ampliaci\u00f3n de su local, dotado de optimizaciones, mayor cantidad de distintos tipos de medicamentos y tambi\u00e9n gran variedad de productos.<\/div>\n<div dir=\"ltr\"><\/div>\n<div dir=\"ltr\">\n<div class=\"I_ZkbNhI D_FY W_6D6F\" data-test-id=\"message-view-body\">\n<div class=\"msg-body P_wpofO mq_AS\" data-test-id=\"message-view-body-content\">\n<div class=\"jb_0 X_6MGW N_6Fd5\">\n<div dir=\"ltr\"><em>&#8220;\u00bfC\u00f3mo nos surgi\u00f3 la idea de ampliar nuestra farmacia?; bueno, hace tiempo que con Rolo mi esposo ten\u00edamos in mente concretar el proyecto de ampliarla con el fin de ofrecer mayor comodidad a la gente y una mejor atenci\u00f3n. Y as\u00ed nos decidimos y pudimos concretar el proyecto que nos llev\u00f3 un poco m\u00e1s de un a\u00f1o&#8221;,<\/em> le comenta Marita Jatar a EPOCA quien apunta en cuanto a lo mencionado de optimizar la atenci\u00f3n, <em>&#8220;por eso sumamos un sistema de turnos electr\u00f3nico que cuenta con una pantalla, de esa forma aumentamos la eficiencia y evitamos esperas innecesarias&#8221;.<\/em><\/div>\n<\/div>\n<\/div>\n<\/div>\n<\/div>\n<\/div>\n<\/div>\n<\/div>\n<div dir=\"ltr\"><\/div>\n<div dir=\"ltr\">\n<figure id=\"attachment_20464\" aria-describedby=\"caption-attachment-20464\" style=\"width: 422px\" class=\"wp-caption aligncenter\"><img loading=\"lazy\" decoding=\"async\" class=\"size-full wp-image-20464\" src=\"https:\/\/revistaepocadigital.com.ar\/wp-content\/uploads\/2023\/04\/MARIT-ROL-LOCAL-1.jpg\" alt=\"\" width=\"422\" height=\"317\" srcset=\"https:\/\/revistaepocadigital.com.ar\/wp-content\/uploads\/2023\/04\/MARIT-ROL-LOCAL-1.jpg 422w, https:\/\/revistaepocadigital.com.ar\/wp-content\/uploads\/2023\/04\/MARIT-ROL-LOCAL-1-300x225.jpg 300w, https:\/\/revistaepocadigital.com.ar\/wp-content\/uploads\/2023\/04\/MARIT-ROL-LOCAL-1-80x60.jpg 80w, https:\/\/revistaepocadigital.com.ar\/wp-content\/uploads\/2023\/04\/MARIT-ROL-LOCAL-1-160x120.jpg 160w, https:\/\/revistaepocadigital.com.ar\/wp-content\/uploads\/2023\/04\/MARIT-ROL-LOCAL-1-265x198.jpg 265w\" sizes=\"auto, (max-width: 422px) 100vw, 422px\" \/><figcaption id=\"caption-attachment-20464\" class=\"wp-caption-text\">En el sector inaugurado cada rubro con m\u00e1s f\u00e1cil acceso.<\/figcaption><\/figure>\n<\/div>\n<div dir=\"ltr\">\n<figure id=\"attachment_20463\" aria-describedby=\"caption-attachment-20463\" style=\"width: 384px\" class=\"wp-caption aligncenter\"><img loading=\"lazy\" decoding=\"async\" class=\"size-full wp-image-20463\" src=\"https:\/\/revistaepocadigital.com.ar\/wp-content\/uploads\/2023\/04\/MARIT-ROL-LOCAL1.jpg\" alt=\"\" width=\"384\" height=\"288\" srcset=\"https:\/\/revistaepocadigital.com.ar\/wp-content\/uploads\/2023\/04\/MARIT-ROL-LOCAL1.jpg 384w, https:\/\/revistaepocadigital.com.ar\/wp-content\/uploads\/2023\/04\/MARIT-ROL-LOCAL1-300x225.jpg 300w, https:\/\/revistaepocadigital.com.ar\/wp-content\/uploads\/2023\/04\/MARIT-ROL-LOCAL1-80x60.jpg 80w, https:\/\/revistaepocadigital.com.ar\/wp-content\/uploads\/2023\/04\/MARIT-ROL-LOCAL1-160x120.jpg 160w, https:\/\/revistaepocadigital.com.ar\/wp-content\/uploads\/2023\/04\/MARIT-ROL-LOCAL1-265x198.jpg 265w\" sizes=\"auto, (max-width: 384px) 100vw, 384px\" \/><figcaption id=\"caption-attachment-20463\" class=\"wp-caption-text\">M\u00e1s espacio y comodidad.<\/figcaption><\/figure>\n<\/div>\n<div class=\"I_ZkbNhI D_FY W_6D6F\" data-test-id=\"message-view-body\">\n<div class=\"msg-body P_wpofO mq_AS\" data-test-id=\"message-view-body-content\">\n<div class=\"jb_0 X_6MGW N_6Fd5\">\n<div dir=\"ltr\">\n<div class=\"I_ZkbNhI D_FY W_6D6F\" data-test-id=\"message-view-body\">\n<div class=\"msg-body P_wpofO mq_AS\" data-test-id=\"message-view-body-content\">\n<div class=\"jb_0 X_6MGW N_6Fd5\">\n<div dir=\"ltr\">\n<figure id=\"attachment_20467\" aria-describedby=\"caption-attachment-20467\" style=\"width: 384px\" class=\"wp-caption aligncenter\"><img loading=\"lazy\" decoding=\"async\" class=\"size-full wp-image-20467\" src=\"https:\/\/revistaepocadigital.com.ar\/wp-content\/uploads\/2023\/04\/marit-rolo-fren-1-rotated.jpg\" alt=\"\" width=\"384\" height=\"512\" srcset=\"https:\/\/revistaepocadigital.com.ar\/wp-content\/uploads\/2023\/04\/marit-rolo-fren-1-rotated.jpg 384w, https:\/\/revistaepocadigital.com.ar\/wp-content\/uploads\/2023\/04\/marit-rolo-fren-1-225x300.jpg 225w, https:\/\/revistaepocadigital.com.ar\/wp-content\/uploads\/2023\/04\/marit-rolo-fren-1-315x420.jpg 315w\" sizes=\"auto, (max-width: 384px) 100vw, 384px\" \/><figcaption id=\"caption-attachment-20467\" class=\"wp-caption-text\">El frente del nuevo sector de la Farmacia San Jos\u00e9.<\/figcaption><\/figure>\n<\/div>\n<div dir=\"ltr\">La ampliaci\u00f3n del local comprende 270 metros cuadrados, nueva iluminaci\u00f3n y decoraci\u00f3n interior y exterior, posibilitando agregar mas opciones al rubro farmac\u00e9utico, <em>&#8220;hemos sumado dermocosm\u00e9tica, salud y bienestar y le dimos m\u00e1s volumen a perfumer\u00eda y accesorios&#8221;,<\/em> apunta Marita quien no olvida de agradecer<em> &#8220;a los empleados, a sus familia as\u00ed como a la nuestra, a amigos, a quienes estuvieron a cargo de la obra en todos sus aspectos y desde ya, a todos los pacientes-clientes que nos acompa\u00f1an desde hace 25 a\u00f1os\u2026<\/em>&#8220;.<\/div>\n<div dir=\"ltr\"><\/div>\n<div dir=\"ltr\">&#8220;<em>Nos esperan ahora tiempos para seguir trabajando duro y con la dedicaci\u00f3n de siempre junto a nuestro staff de empleados: Rub\u00e9n Sachetto, Juan Cruz Boubeta Chehin, Anabella Su\u00e1rez, Catalina Acu\u00f1a, Cristian Rodr\u00edguez, Raquel Bar\u00f3n, Marisol Ghesinich y Natalia Herlin&#8221;,<\/em> apunta Rolo Mezzelani. A continuar pues.<\/div>\n<div dir=\"ltr\"><\/div>\n<\/div>\n<\/div>\n<\/div>\n<\/div>\n<\/div>\n<\/div>\n<\/div>\n","protected":false},"excerpt":{"rendered":"<p>DESDE EL A\u00d1O 1998.<\/p>\n","protected":false},"author":4,"featured_media":20469,"comment_status":"open","ping_status":"open","sticky":false,"template":"","format":"standard","meta":{"footnotes":"","jetpack_publicize_message":"","jetpack_publicize_feature_enabled":true,"jetpack_social_post_already_shared":true,"jetpack_social_options":{"image_generator_settings":{"template":"highway","default_image_id":0,"font":"","enabled":false},"version":2}},"categories":[15],"tags":[2275,37,2274],"class_list":["post-20455","post","type-post","status-publish","format-standard","has-post-thumbnail","hentry","category-lo-que-tenes-que-saber","tag-ampliacion","tag-destacada","tag-farmacia-san-jose"],"jetpack_publicize_connections":[],"jetpack_featured_media_url":"https:\/\/revistaepocadigital.com.ar\/wp-content\/uploads\/2023\/04\/MARITA-AROLO-TAPA-1.jpg","jetpack_likes_enabled":true,"_links":{"self":[{"href":"https:\/\/revistaepocadigital.com.ar\/index.php?rest_route=\/wp\/v2\/posts\/20455","targetHints":{"allow":["GET"]}}],"collection":[{"href":"https:\/\/revistaepocadigital.com.ar\/index.php?rest_route=\/wp\/v2\/posts"}],"about":[{"href":"https:\/\/revistaepocadigital.com.ar\/index.php?rest_route=\/wp\/v2\/types\/post"}],"author":[{"embeddable":true,"href":"https:\/\/revistaepocadigital.com.ar\/index.php?rest_route=\/wp\/v2\/users\/4"}],"replies":[{"embeddable":true,"href":"https:\/\/revistaepocadigital.com.ar\/index.php?rest_route=%2Fwp%2Fv2%2Fcomments&post=20455"}],"version-history":[{"count":0,"href":"https:\/\/revistaepocadigital.com.ar\/index.php?rest_route=\/wp\/v2\/posts\/20455\/revisions"}],"wp:featuredmedia":[{"embeddable":true,"href":"https:\/\/revistaepocadigital.com.ar\/index.php?rest_route=\/wp\/v2\/media\/20469"}],"wp:attachment":[{"href":"https:\/\/revistaepocadigital.com.ar\/index.php?rest_route=%2Fwp%2Fv2%2Fmedia&parent=20455"}],"wp:term":[{"taxonomy":"category","embeddable":true,"href":"https:\/\/revistaepocadigital.com.ar\/index.php?rest_route=%2Fwp%2Fv2%2Fcategories&post=20455"},{"taxonomy":"post_tag","embeddable":true,"href":"https:\/\/revistaepocadigital.com.ar\/index.php?rest_route=%2Fwp%2Fv2%2Ftags&post=20455"}],"curies":[{"name":"wp","href":"https:\/\/api.w.org\/{rel}","templated":true}]}}