{"id":20505,"date":"2023-04-23T20:47:03","date_gmt":"2023-04-23T23:47:03","guid":{"rendered":"https:\/\/revistaepocadigital.com.ar\/?p=20505"},"modified":"2023-04-24T11:38:55","modified_gmt":"2023-04-24T14:38:55","slug":"caral-joyeria-y-relojeria-40-anos-de-fecunda-trayectoria-en-capilla-del-senor","status":"publish","type":"post","link":"https:\/\/revistaepocadigital.com.ar\/?p=20505","title":{"rendered":"Caral Joyer\u00eda y Relojer\u00eda, 40 a\u00f1os de fecunda trayectoria en Capilla del Se\u00f1or"},"content":{"rendered":"<p><strong>CUATRO D\u00c9CADAS!<\/strong><!--more--><\/p>\n<p>Uno de los comercios convertido en una referencia en la ciudad de Capilla del Se\u00f1or es &#8220;Caral&#8221;, la conocida joyer\u00eda y relojeria, emprendimiento encabezado por su propietaria Alba V\u00e1zquez desde su inauguraci\u00f3n all\u00e1 por 1983, punto inicial tambi\u00e9n que Alba con el transcurrir del tiempo, proveniente de Pilar, se convirtiera en una vecina capillense m\u00e1s.<\/p>\n<figure id=\"attachment_20512\" aria-describedby=\"caption-attachment-20512\" style=\"width: 334px\" class=\"wp-caption aligncenter\"><img loading=\"lazy\" decoding=\"async\" class=\"size-full wp-image-20512\" src=\"https:\/\/revistaepocadigital.com.ar\/wp-content\/uploads\/2023\/04\/caral-alba.jpg\" alt=\"\" width=\"334\" height=\"264\" srcset=\"https:\/\/revistaepocadigital.com.ar\/wp-content\/uploads\/2023\/04\/caral-alba.jpg 334w, https:\/\/revistaepocadigital.com.ar\/wp-content\/uploads\/2023\/04\/caral-alba-300x237.jpg 300w\" sizes=\"auto, (max-width: 334px) 100vw, 334px\" \/><figcaption id=\"caption-attachment-20512\" class=\"wp-caption-text\">Alba en plena labor.<\/figcaption><\/figure>\n<p>Mucho empe\u00f1o, silencioso pero sostenido esfuerzo que sigue prolong\u00e1ndose a diario y la atenci\u00f3n brindada a los clientes de la ciudad y la zona, caracterizan quienes llevan adelante a la Joyer\u00eda y Relojer\u00eda Caral, ubicada en pleno centro, sobre la calle Mateo S. Casco, que adem\u00e1s, fue ampliando la variedad de productos ofrecidos, resalt\u00e1ndo finas artesan\u00edas y art\u00edculos afines y, desde ya, una gran variedad de relojes, alhajas, cadenas y anillos.<\/p>\n<p>Alba no oculta su satisfacci\u00f3n, as\u00ed como sus colaboradoras, en abril Caral ha cumplido 40 a\u00f1os; los primeros 40 a\u00f1os!<\/p>\n<figure id=\"attachment_20514\" aria-describedby=\"caption-attachment-20514\" style=\"width: 512px\" class=\"wp-caption aligncenter\"><img loading=\"lazy\" decoding=\"async\" class=\"size-full wp-image-20514\" src=\"https:\/\/revistaepocadigital.com.ar\/wp-content\/uploads\/2023\/04\/caral-3.jpg\" alt=\"\" width=\"512\" height=\"360\" srcset=\"https:\/\/revistaepocadigital.com.ar\/wp-content\/uploads\/2023\/04\/caral-3.jpg 512w, https:\/\/revistaepocadigital.com.ar\/wp-content\/uploads\/2023\/04\/caral-3-300x211.jpg 300w, https:\/\/revistaepocadigital.com.ar\/wp-content\/uploads\/2023\/04\/caral-3-100x70.jpg 100w, https:\/\/revistaepocadigital.com.ar\/wp-content\/uploads\/2023\/04\/caral-3-200x140.jpg 200w\" sizes=\"auto, (max-width: 512px) 100vw, 512px\" \/><figcaption id=\"caption-attachment-20514\" class=\"wp-caption-text\">La constante visita de clientes, reitera la consolidaci\u00f3n de Caral, luego de 40 a\u00f1os.<\/figcaption><\/figure>\n<p>Fotos: EPOCA.<\/p>\n","protected":false},"excerpt":{"rendered":"<p>CUATRO D\u00c9CADAS!<\/p>\n","protected":false},"author":4,"featured_media":20511,"comment_status":"open","ping_status":"open","sticky":false,"template":"","format":"standard","meta":{"footnotes":"","jetpack_publicize_message":"","jetpack_publicize_feature_enabled":true,"jetpack_social_post_already_shared":true,"jetpack_social_options":{"image_generator_settings":{"template":"highway","default_image_id":0,"font":"","enabled":false},"version":2}},"categories":[11],"tags":[1830,2277],"class_list":["post-20505","post","type-post","status-publish","format-standard","has-post-thumbnail","hentry","category-entidades","tag-40-anos","tag-joyeria-caral"],"jetpack_publicize_connections":[],"jetpack_featured_media_url":"https:\/\/revistaepocadigital.com.ar\/wp-content\/uploads\/2023\/04\/caral1.jpg","jetpack_likes_enabled":true,"_links":{"self":[{"href":"https:\/\/revistaepocadigital.com.ar\/index.php?rest_route=\/wp\/v2\/posts\/20505","targetHints":{"allow":["GET"]}}],"collection":[{"href":"https:\/\/revistaepocadigital.com.ar\/index.php?rest_route=\/wp\/v2\/posts"}],"about":[{"href":"https:\/\/revistaepocadigital.com.ar\/index.php?rest_route=\/wp\/v2\/types\/post"}],"author":[{"embeddable":true,"href":"https:\/\/revistaepocadigital.com.ar\/index.php?rest_route=\/wp\/v2\/users\/4"}],"replies":[{"embeddable":true,"href":"https:\/\/revistaepocadigital.com.ar\/index.php?rest_route=%2Fwp%2Fv2%2Fcomments&post=20505"}],"version-history":[{"count":0,"href":"https:\/\/revistaepocadigital.com.ar\/index.php?rest_route=\/wp\/v2\/posts\/20505\/revisions"}],"wp:featuredmedia":[{"embeddable":true,"href":"https:\/\/revistaepocadigital.com.ar\/index.php?rest_route=\/wp\/v2\/media\/20511"}],"wp:attachment":[{"href":"https:\/\/revistaepocadigital.com.ar\/index.php?rest_route=%2Fwp%2Fv2%2Fmedia&parent=20505"}],"wp:term":[{"taxonomy":"category","embeddable":true,"href":"https:\/\/revistaepocadigital.com.ar\/index.php?rest_route=%2Fwp%2Fv2%2Fcategories&post=20505"},{"taxonomy":"post_tag","embeddable":true,"href":"https:\/\/revistaepocadigital.com.ar\/index.php?rest_route=%2Fwp%2Fv2%2Ftags&post=20505"}],"curies":[{"name":"wp","href":"https:\/\/api.w.org\/{rel}","templated":true}]}}