{"id":20508,"date":"2023-04-15T23:40:23","date_gmt":"2023-04-16T02:40:23","guid":{"rendered":"https:\/\/revistaepocadigital.com.ar\/?p=20508"},"modified":"2023-04-15T23:40:23","modified_gmt":"2023-04-16T02:40:23","slug":"cepral-informa-5","status":"publish","type":"post","link":"https:\/\/revistaepocadigital.com.ar\/?p=20508","title":{"rendered":"Cepral Informa"},"content":{"rendered":"<p><img decoding=\"async\" src=\"https:\/\/41sau.img.a.d.sendibm1.com\/im\/2340286\/6ec3491b70d12c8229954e8c72c77726d3950ba295dd47330846be6a24a8d8b7.jpg?e=jD9j4h8T8al96TO5GrBdA9hEGQhnbOfmVzg8SlC8v_Wvb7juTqb9yQnuQinmJftLeq4Ip5GknPV2_OzaDuOXyc1yh_nXdi5oeR0DK8b-ZFVnSiIiQJbZpGibusgrpLAENS5KXZu1b9ggDAq2zXhiu43hOwGHZ-OTCEZPmRSM4sUKvHoPcKCq84-_MX7GQiqp4VC6_5URKDeJJ-yUog1DNE8XSAqzxBqGLz1SrA\" alt=\"\" border=\"0\" hspace=\"0\" data-inlineimagemanipulating=\"true\" \/><img decoding=\"async\" src=\"https:\/\/41sau.img.a.d.sendibm1.com\/im\/2340286\/9a201db0b6e6b1f1dd23d1b84f337652f2e7406b2b31321d7d4094bb32ce3a83.gif?e=RYvls9RpJcs-ztEVoEbQtA1rKPICJLZF04KlH6SmAxnBozrHRJ9Og50AlY--Drp_A4J9bDeWdhsyHMjUqHPosUXCUjFU59cThWWKcpiWJ_GOlF90Haqn65g9hxGg7PHGgl_RuMtRqeSXwZFDzZgWZVlwzInqxWuc6V0kjh3QeOoK_oxDFCP_vg8N71c6aQa9pTKwoJjRisX_n20pgMEbgISJaLmnSuB3ssy1gw\" alt=\"\" border=\"0\" hspace=\"0\" data-inlineimagemanipulating=\"true\" \/><strong>\u00a1En Contacto!<\/strong><\/p>\n<div><strong>Estimados vecinos y usuarios:<\/strong><\/div>\n<div><\/div>\n<div>Les compartimos los avances de nuestra Cooperativa.<\/div>\n<div><\/div>\n<div>Cepral estuvo presente en el 4\u00b0 Encuentro de la CLERTIC (Conferencia Latinoamericana y Caribe\u00f1a de Energ\u00eda y Telecomunicaciones Rurales \u2013 Tecnolog\u00edas de la Informaci\u00f3n y la Comunicaci\u00f3n) llevada a cabo en Gualeguaych\u00fa el 31 de marzo.<\/div>\n<div><\/div>\n<div>En cuanto a los avances en el Servicio El\u00e9ctrico domiciliario, estamos finalizando las tareas de mantenimiento en los barrios Los Pinos y El Remanso 1\u00b0 Serie sobre las l\u00edneas de Baja Tensi\u00f3n reemplazando tendido convencional por cable preensamblado.<\/div>\n<div><\/div>\n<div>Nuestra F\u00e1brica de Columnas de Hormig\u00f3n Pretensado contin\u00faa con las refacciones edilicias como as\u00ed tambi\u00e9n est\u00e1 sumando nuevos trabajadores para hacer frente a los nuevos contratos cerrados que implican un aumento de nuestra producci\u00f3n.<\/div>\n<div><\/div>\n<div>Como lo adelantamos en nuestra edici\u00f3n anterior, hemos renovado nuestra Oficina Virtual, sumando dos nuevas posibilidades para una mejor atenci\u00f3n a nuestros usuarios.<\/div>\n<div><\/div>\n<div>Nos encontramos realizando tareas de mantenimiento, reemplazando un tramo del cableado convencional por Fibra \u00d3ptica antiroedor, acciones que impactar\u00e1n en la mejora del Servicio de Telecomunicaciones en Barrio Sakura.<\/div>\n<div><\/div>\n<div>Les recordamos que el viernes 28 de abril a partir de las 16 hs. se llevar\u00e1 a cabo nuestra Asamblea General Ordinaria en la sede de nuestra Cooperativa.<\/div>\n<div><\/div>\n<div>Nuevas Tarifas Vigentes para el Servicio El\u00e9ctrico a partir del 12 de abril.<\/div>\n<div><\/div>\n<div>Los mantendremos informados de los avances de nuestra gesti\u00f3n.<\/div>\n<div><\/div>\n<div><strong>\u00a0 \u00a0 \u00a0 \u00a0 \u00a0 \u00a0 \u00a0 \u00a0 \u00a0 \u00a0 \u00a0 \u00a0 \u00a0 \u00a0 \u00a0 \u00a0 \u00a0 \u00a0 \u00a0 \u00a0 \u00a0 \u00a0 \u00a0 Consejo de Administraci\u00f3n Cepral<\/strong><\/div>\n<p><img decoding=\"async\" src=\"https:\/\/41sau.img.a.d.sendibm1.com\/im\/2340286\/f904fd3f7b7068f173f9167c132f89f25f12346a88e9bfb9f266bc7009aae7e4.jpg?e=gW5mnByNgTOLk3oixFDCHNRl9NYlOnUnHj1cbg6YWv5pnM6BckKDZoDwOMZBOuZDo8RpLyivP1FA50tsGh8AyiejL1YwLaoLu9rB8mVA_XOgZGX13t_8MS2m6YYS3rNGu-cPOWZ1gob7NTmsIjC6hcLEOVxGPnBHLWZcGo2FcNY1qaSxbXb7X_CvD5PwEDzkCAQob5eQZrz94DiKL6LHZDl9yfGr2vkEZKGiJw\" alt=\"\" border=\"0\" hspace=\"0\" data-inlineimagemanipulating=\"true\" \/><\/p>\n<div><strong>OFICINA VIRTUAL: NUEVAS FACILIDADES<\/strong><\/div>\n<div><\/div>\n<div><strong>Como nuestra WEB ha sido redireccionada, para ingresar a la Oficina Virtual les recomendamos por favor utilizar el siguiente link:\u00a0\u00a0<a href=\"https:\/\/41sau.r.a.d.sendibm1.com\/mk\/cl\/f\/Z-DEYeFySPcq1b6eYWwUqxUXeC5lE_cr4b8pH4ro-4PYBwd5scpjw_8mtfe4tCGF_XIW1zSNWMRLJvtvogiHHeODeoTDSHz2OJXA263IIq-jlzhMfdw9YJtsDIM8QxhFr8VP9zPjQvUo0xNBUTiz7xfEq9Mdex3bBcCQodtElhLwX6-ZZ0AAPssa3p1WZo3Cke_YzeJzc7E-PdEKMjs2lNuGI_w51UQR-n3rVpoCFafrhSKUJOeh\" target=\"_blank\" rel=\"noreferrer noopener\">https:\/\/oficinavirtual.cepral.coop\/modulos\/clientes\/<\/a>\u00a0<\/strong><\/div>\n<div><strong>Esto es importante para aquellos usuarios que tienen como \u201cfavorita\u201d la Cepral Web con el cach\u00e9 anterior, porque en este caso, no\u00a0 podr\u00e1n visualizar o abonar algunas facturas.<\/strong><\/div>\n<div><\/div>\n<div>\n<p>Pensando en nuevas formas de facilitar la informaci\u00f3n a nuestros usuarios, <strong>actualizamos las prestaciones de nuestra Oficina Virtual.<\/strong><\/p>\n<p>Ahora desde Mi Deuda, podr\u00e1s averiguar los montos de las facturas adeudadas al momento de la consulta, como tambi\u00e9n realizar el pago sin moverte de tu casa.<\/p>\n<p>En la opci\u00f3n #quedateentucasa, podr\u00e1s registrar tu mail para comenzar a recibir tus facturas, notificaciones, newsletters y avisos de cortes programados.\n<\/p><\/div>\n<div>Seguimos trabajando para brindar una mejor atenci\u00f3n a nuestros usuarios.<br \/>\n<img decoding=\"async\" src=\"https:\/\/41sau.img.a.d.sendibm1.com\/im\/2340286\/7c95df34b1f164f21294fa89e1b74055f7be2237abcf7f74867cebddb3364707.jpg?e=ILOUwJuZKU7QHxu5bvFUz6_5ECcmakloCEPv6h24hRA-1oekVz0ho0Vcx4j7ydnOJ2xZrrRnf6dEFRMGqE8LspgWRu5pm7nz2T9jPblhkLzuf4PZkuRK4vuxogA-yiNC-n4LKuM2GsYL5leUWSm0PiVUYbdi5gBWLvPLsxR0QR1dl8RmT8EXUXvfEkbHbnKpbebVWVTzt0If1puwbGgpOcYGOYW1OY5kCFVlYg\" alt=\"\" border=\"0\" hspace=\"0\" data-inlineimagemanipulating=\"true\" \/><\/p>\n<div>Nos complace compartirles los resultados del trabajo y los logros del Equipo de nuestra F\u00e1brica de Columnas.<\/div>\n<div>En tiempos donde las condiciones econ\u00f3micas terminan quebrando tanto a peque\u00f1as como a grandes empresas, a finales de marzo firmamos un nuevo e importante Contrato con EDENOR.<\/div>\n<div>Compromiso que se suma a los pedidos que tenemos de otras cooperativas y clientes.<br \/>\nPara hacer frente a este vol\u00famen de contratos, hemos tomado la decisi\u00f3n de incorporar 4 trabajadores a nuestra querida F\u00e1brica.<\/div>\n<div>Se ha aumentando la producci\u00f3n diaria y nos encontramos planificando compras de cima, tapas para los moldes y se adquirieron paletas nuevas para la m\u00e1quina hormigonera.<\/div>\n<div>Es un orgullo para nosotros el seguir generando trabajo genuino para las familias de nuestra localidad.<\/p>\n<hr \/>\n<p><strong><img loading=\"lazy\" decoding=\"async\" class=\"alignleft\" src=\"https:\/\/41sau.img.a.d.sendibm1.com\/im\/2340286\/9007fbe69fcfc248d1fbafdfbce5d3408ab1e3293ed5b9a86b5d635f660f7733.jpg?e=ND5Hd3T0P-deMlFLo_32I2iizLwfIp8kMX5Wv6RKoaw6zcD_Dt5L8ZLybHowBQB7UTFgYlYRLPo-Ymk7fmXoEnTL6rnEGP-Gmejvw5NzQiBwaUifC50-vGqH_LHCtW7S8MrB1qjhVB2uVN2BxBzsWqx_RdxD_jJC-vx7UGfTXv7GOWZ7cypfV6NmIM3UEVsmpvsvGTYJpCL_QYXTxfUfURQ5VVX7ndccEbOgVA\" alt=\"\" width=\"162\" height=\"233\" border=\"0\" hspace=\"0\" data-inlineimagemanipulating=\"true\" \/>TAREAS DE MANTENIMIENTO EN LOS BARRIOS EL REMANSO 1\u00b0 SERIE Y<br \/>\nLOS PINOS<\/strong><\/p>\n<div>Durante la semana anterior estuvimos trabajando en el Barrio El Remanso 1\u00b0 Serie, en las calles Media Ca\u00f1a y Entrevero y en Los Pinos, en la calle Cangallo a lo largo de 500 metros, reemplazando el tendido convencional de las l\u00edneas de Media Tensi\u00f3n por cable\u00a0preensamblado.<\/div>\n<div>Con estas tareas de mantenimiento apuntamos a la mejora en la calidad de servicio de los vecinos de estas zonas.<\/div>\n<hr \/>\n<\/div>\n<p><img decoding=\"async\" src=\"https:\/\/41sau.img.a.d.sendibm1.com\/im\/2340286\/ff68697b0bacf433fedc7a67283b6a7e25e55c73925223e9b5544590836f94ed.jpg?e=eXi7FhTs3fD8Leg2V5Kqcpg1GCUMqDKjE0CdpsAY2MZie3UfjCUs4ooFaZdECftEVcBzZQhbfavh4lDttFKIFjweTOeTsvZsdxZGsl7bvCDJn7WN-lLldY6-ZfWCXTmSEbkf63vXQSejgDG-Of0xWvpQoVZvtDe1TsYjlzHK2aiW_52lwXMpIGF--xAfz0ui8TFQ2Xv9XHh5sYSauPmyy8AvxpKU9RLSQ-zKfA\" alt=\"\" border=\"0\" hspace=\"0\" data-inlineimagemanipulating=\"true\" \/><\/p>\n<div><b>NUEVO CUADRO TARIFARIO<\/b><\/div>\n<div><b>VIGENTE AL 12 DE ABRIL<\/b><\/div>\n<div><\/div>\n<div><strong>Comunicamos a nuestros usuarios que, por Resoluci\u00f3n N\u00b0 477-MIYSPGP-2023 rige\u00a0a partir del 12 de abril de 2023 un nuevo cuadro tarifario para el Servicio El\u00e9ctrico. <\/strong><\/div>\n<div><\/div>\n<div><strong>El mismo ya\u00a0puede verse en la web de Oceba, ingresando en el siguiente link:<\/strong><\/div>\n<div>\n<div><\/div>\n<div><strong><a href=\"https:\/\/41sau.r.a.d.sendibm1.com\/mk\/cl\/f\/6QmnkmrOa_YckEl7uAeUS9a020_3vQ5JIoGsv5Ca2akBw9jt5sWUthb9a4dPO89pAGK23pF0hClS6xMAvnRiJHevIZpGd0U-QzS83coxpGB9dPmRXsBPDizRFARoOPM_niCDv4piRQNUe41tW3vmqt-UGH5Y0z6aCjSeGkBHrwR-Fg5L9cERGnbDaY2LpHqdDFiuOYRl8VjkdSiT3q5Pb4aHt1yIgLPtxH8Dt5aiusftrA\" target=\"_blank\" rel=\"noreferrer noopener\">https:\/\/oceba.gba.gov.ar\/nueva_web\/s.php?i=17<\/a><\/strong><\/div>\n<\/div>\n<div>\n<div>\n<div><\/div>\n<\/div>\n<\/div>\n<div><strong>\u00a0 \u00a0 \u00a0 \u00a0 \u00a0 \u00a0 \u00a0 \u00a0 \u00a0 \u00a0 \u00a0 \u00a0 \u00a0 \u00a0 \u00a0 \u00a0 \u00a0 \u00a0 \u00a0 \u00a0 \u00a0 \u00a0 \u00a0 Consejo de Administraci\u00f3n Cepral<\/strong><\/div>\n<div>\n<hr \/>\n<\/div>\n<div><strong>SEGMENTACI\u00d3N ENERG\u00c9TICA: <\/strong><\/div>\n<div><strong>QUITA DE SUBSIDIOS EN LAS TARIFAS DE ENERG\u00cdA<\/strong><\/div>\n<div><\/div>\n<div>Confirmamos a nuestros usuarios de todos los niveles (N1 altos ingresos, N2 bajos ingresos, N3 ingresos medios) que continua la aplicaci\u00f3n de manera escalonada de la quita de los subsidios de acuerdo a lo dispuesto para la Provincia de Buenos Aires, seg\u00fan lo solicitado por el Gobierno Nacional.<\/div>\n<div><\/div>\n<div>A su vez, todos aquellos usuarios que ya no cuenten con dicho subsidio o que no se hayan registrado en la Segmentaci\u00f3n Energ\u00e9tica, ver\u00e1n reflejado en sus pr\u00f3ximas facturas el impacto por la quita del mismo.<\/div>\n<div><\/div>\n<div>Recordamos para todos aquellos usuarios que no hayan completado el formulario de adhesi\u00f3n que a\u00fan sigue abierta la inscripci\u00f3n.<\/p>\n<hr \/>\n<\/div>\n<\/div>\n<div>\n<p><strong>CONVOCATORIA ASAMBLEA GENERAL ORDINARIA<\/strong><\/p>\n<p>Les recordamos a nuestros socios que el d\u00eda viernes 28 de abril apartir de las 16:00 hs. se llevar\u00e1 a cabo nuestra Asamblea General Ordinaria.<\/p>\n<\/div>\n<div><\/div>\n<div>La Convocatoria que transcribimos debajo fue publicada, de acuerdo a lo que marcan nuestros Estatutos,\u00a0 en la edici\u00f3n de El Lugare\u00f1o del viernes 24 de marzo.<\/p>\n<\/div>\n<p><img decoding=\"async\" src=\"https:\/\/41sau.img.a.d.sendibm1.com\/im\/2340286\/a7297c0e05b258fcf2ec287ceb4a978d8a661f09044d918363994ed17b30d275.jpg?e=z14dZtxHYX9EkPXz9Uey0K9J3gI-ZBlpS-s9XYdh6k64b_w-FRk6d19KkTZWCwBBENJmyYACLJDqZJEh2_Av5RnIuh0eIn7L8ZWJLC1_r8YQUYQVi0hbTRsbrGfCCfFJqeFwUHTvPHTtgjJrgqPaVVVO_9k9-DW6aUBL1Syn3L1KwaLqegI7sUe5i3mJ9cELHWTzvVoTLpewXmzHKit_pHWkeKNIychi3t2YAQ\" alt=\"\" border=\"0\" hspace=\"0\" data-inlineimagemanipulating=\"true\" \/><\/p>\n<p><img decoding=\"async\" src=\"https:\/\/41sau.img.a.d.sendibm1.com\/im\/2340286\/6a4ecdb74eebaea0b586bfb15b894ca4fc30afc1c5914c16654a82041f4d9bf1.jpg?e=Hobd-nUOfW-u0JyEtgN0FqjnGOD3DhE-6wfB6_xU0IfDvZ7IBBjJssEZCIhlooWXlPQIj_QZrhJB-qqonCw2SzIyYSDAZxRxLhU72zDzFmRj6yETR9TZ5PzRXTfCyPbk9nV4h8UxttTvSDdjYoDxAmKfSj4APRx9BI9Ymxi0p_aSxqn26R8Sq4PJRKbSce_JaI-AtjahWEfafnZbXeoN-1MlaU4zNMDKDduHAQ\" alt=\"\" border=\"0\" hspace=\"0\" data-inlineimagemanipulating=\"true\" \/><\/p>\n<div><strong>Dentro de nuestra planificaci\u00f3n de mantenimiento, durante esta semana nos encontramos haciendo el reemplazo de m\u00e1s de 400 metros de cableado convencional por Fibra \u00d3ptica antiroedor sobre la calle Galvez del barrio Sakura.<\/strong><\/div>\n<div><\/div>\n<div>\n<p><strong>Continuamos con las tareas de saneamiento en nuestras redes de Telecomunicaciones en los distintos barrios.<\/strong><\/p>\n<p>Actualmente estamos efectuando entre 12 y 15 migraciones diarias al Servicio Fibra \u00d3ptica en tu Hogar en los barrios que ya cuentan con la infraestructura necesaria.<\/p>\n<\/div>\n<div><\/div>\n<div><strong><strong>Para disfrutar de este nuevo servicio, los invitamos a contactarse con nuestra Administraci\u00f3n.<\/strong><\/strong><\/p>\n<hr \/>\n<div><strong>PARA UNA MEJOR ATENCI\u00d3N EN NUESTRA SEDE:<\/strong><\/div>\n<div>\u00a1Recomendamos gestionar previamente un turno personalizado a trav\u00e9s de nuestra p\u00e1gina web o desde el chat de CepralBot!<\/div>\n<p><img decoding=\"async\" src=\"https:\/\/41sau.img.a.d.sendibm1.com\/im\/2340286\/7bd64c8f13430af9e8e4628ea5f4c2ab5514cc3c0bfc2683e85a04f4349b16be.jpeg?e=xmHXMJElU-Fo0rdn9g-nr-farhUfA82vZACePl2g4UAiGg1RFiYt_CrWYDRFr5Hi4dIS9hkl6Z83m9hSzdzWC1G3RFIngkd8v5qNmp1hkvFeXItoYASWvaIPEVBAH5GJn9G1pKK-BJhWdGwS1y0f0SyLS3NoIz9N4fAZeSoXG8W6khx1ZOD6b3BlNIcUfVYIRTU2fS3nra3ju4NaKw0vZErDVLN-Y0CHmC_5H1A\" alt=\"\" border=\"0\" hspace=\"0\" data-inlineimagemanipulating=\"true\" \/><\/div>\n<div><b>INSCRIPCI\u00d3N PARA SUBSIDIOS A LA ENERG\u00cdA<\/b><\/div>\n<div>\n<div><\/div>\n<div>\n<div><strong>Recordamos a nuestros usuarios que s<\/strong><strong>e mantine abierta la inscripci\u00f3n en el Registro de Acceso a los Subsidios a la Energ\u00eda (RASE) <u>para quienes no hayan iniciado el tr\u00e1mite y quieran mantener los subsidios a la energ\u00eda as\u00ed como para rectificar datos.<\/u><\/strong><\/div>\n<div><\/div>\n<div><strong>El tr\u00e1mite se podr\u00e1 realizar de la siguiente manera:<\/strong><\/div>\n<div><\/div>\n<div><strong>(I) Ingresando en<a href=\"https:\/\/41sau.r.a.d.sendibm1.com\/mk\/cl\/f\/ki2aRnQAXN5RxYwUF0KR0xlvMouUYov3i1YRiC0EIy1w8jfeOsZvZv1OurYjbO2X1SUJBf-XYDWVi9kMmkaZ7edR8G19oc3Ncbx5Fh8BdyoDdHZYyf7e0V2KyWJUsbQea6CAoBmJmqOUDe7moDtltOZFnaCokpoZowp9vR4K3wiOagJWlceS1Ig_0m55px8hbBVhc3Rss3U3dfdCVKIsyy6wdV7lcNLe0kfRmwrGsxlqhMUh\" target=\"_blank\" rel=\"noreferrer noopener\"> https:\/\/subsidios-energia.argentina.gob.ar<\/a> o desde la aplicaci\u00f3n Mi Argentina, o<\/strong><\/div>\n<div><\/div>\n<div><strong>(II) En la oficina de ANSES m\u00e1s cercana, para lo cual podr\u00e1 solicitar un turno por la p\u00e1gina web <a href=\"https:\/\/41sau.r.a.d.sendibm1.com\/mk\/cl\/f\/7Pr3PiD9nddrpn7_ffk3XUWOjJD0PMm2EVssCBZy7oNEizbzDVLFRILfI1Ovf3JwEBnizdSzxXGGMq9dJNtb6wuy3A4A1YacVx5akk9tRqLdih6riljFVX0dxYEPzXRbvCfbNBzuzkAkivI5w8JFzX_oB5MmTcv4X5FrTfcXNno_olzz1qGQAS99-OpdE3sSevFbCUiO8i8E2AQ\" target=\"_blank\" rel=\"noreferrer noopener\">http:\/\/www.anses.gov.ar turnos<\/a>\u00a0.<\/strong><\/div>\n<div><\/div>\n<div><strong>Por otra parte, remarcamos que si bien, de conformidad con lo establecido en la Resoluci\u00f3n N\u00ba 631\/2022 y Disposici\u00f3n SPE N\u00ba 3\/2022, los usuarios beneficiarios de Tarifa Social se encuentran incorporados al padr\u00f3n de beneficiarios del RASE como Nivel 2 (Menores Ingresos), aquellos usuarios que no se hayan inscripto en el RASE deber\u00e1n realizar la inscripci\u00f3n, a fin de mantener el subsidio a la energ\u00eda.<\/strong><\/div>\n<\/div>\n<\/div>\n<div>\n<div>\n<div><\/div>\n<\/div>\n<\/div>\n<div><strong>\u00a0 \u00a0 \u00a0 \u00a0 \u00a0 \u00a0 \u00a0 \u00a0 \u00a0 \u00a0 \u00a0 \u00a0 \u00a0 \u00a0 \u00a0 \u00a0 \u00a0 \u00a0 \u00a0 \u00a0 \u00a0 \u00a0 \u00a0 Consejo de Administraci\u00f3n Cepral<\/strong><\/div>\n<div>\n<hr \/>\n<p>Por favor, no dejar restos de poda bajo las l\u00edneas de cableado. \u00a1Prevengamos incendios, da\u00f1os en las viviendas e interrupci\u00f3n de los servicios!<\/p>\n<hr \/>\n<\/div>\n<p><img decoding=\"async\" src=\"https:\/\/41sau.img.a.d.sendibm1.com\/im\/2340286\/f904fd3f7b7068f173f9167c132f89f25f12346a88e9bfb9f266bc7009aae7e4.jpg?e=Ofrt7Us10MRUbWOyP2kqI5dEqU3S0U89qr_dvUSCbpfZkLCoVOmWTq7zwt8iS80bb7sQ8jtAbpe7609Tgr9Sf-21q7laFLTiPV94nRJQHmGLN0CvBwSrFWez1_rZG9OLegnGf02AHKT4CSQL01Euecqa3RJENfP_sGG4qY3JyCgCZDuGPb27T4BiOWTX-wrmbqxv7FXmaaUHKGy3RQwXPBv996M33qPckwYLlQ\" alt=\"\" border=\"0\" hspace=\"0\" data-inlineimagemanipulating=\"true\" \/><\/p>\n<div><strong>ALUMBRADO P\u00daBLICO Y LA SITUACI\u00d3N DE EMERGENCIA<\/strong><\/div>\n<div>De acuerdo a las reuniones mantenidas entre el Intendente Municipal, Diego Nanni y el Presidente de Cepral, Omar Palavecino, se acord\u00f3 la contrataci\u00f3n de <u>una nueva cuadrilla que se sum\u00f3 hace 15 d\u00edas<\/u>\u00a0para colaborar con la que la Cooperativa ya ten\u00eda destinada para el mantenimiento de la Luminaria P\u00fablica.<\/div>\n<div><\/div>\n<div>Cabe destacar que estamos reparando un promedio semanal de 120 luminarias. Estimamos que en el plazo de 3 meses tendr\u00edamos la red de Alumbrado P\u00fablico reparada en un 100%.<\/div>\n<div><\/div>\n<div><strong>Recordamos que la Cooperativa, es una empresa prestataria del Municipio, para brindar el servicio de Almumbrado P\u00fablico.\u00a0<\/strong><\/div>\n<div><img decoding=\"async\" src=\"https:\/\/41sau.img.a.d.sendibm1.com\/im\/2340286\/29ad30730bff5dedfae0edc08498f33e41e4fa1b2b05343321e60ab069d06c5c.jpg?e=n1x0oa-M8uYhouKs-8JvTxFCmKVrM-lv-Y2Vn6xIRZsjHCKjE7iPrYmJ8ACCDKBjfpGlGi5WQpAnkU2_H-CrLTUq3y3Bn09fC_3LTfKsAUEF5_M4J8U-0llJ_b-MOK0jwqMk2WvsGmGtwO_KQ7VcgDHgonypfUfukCzU8Z-v0YNffY3rH2REjz1O-sqr2rT9JSZGS5kOkn5R9c2MRHoPILPzyU6jFQt-8bCZtA\" alt=\"\" border=\"0\" hspace=\"0\" data-inlineimagemanipulating=\"true\" \/>Las claves del mismo fueron las Telecomunicaciones, energ\u00edas renovables, conectividad y sus desaf\u00edos actuales y futuros.<\/div>\n<div>El viernes 31 de marzo, se llev\u00f3 a cabo en el Centro de Convenciones de la Ciudad de Gualeguaych\u00fa, Entre R\u00edos, el 4\u00b0 Encuentro de la CLERTIC (Conferencia Latinoamericana y Caribe\u00f1a de Energ\u00eda y Telecomunicaciones Rurales \u2013 Tecnolog\u00edas de la Informaci\u00f3n y la Comunicaci\u00f3n).<\/div>\n<div><\/div>\n<div>Esta entidad se di\u00f3 a conocer en el a\u00f1o 2020 durante el Seminario Tecnol\u00f3gico de FACE y cuyo objetivo es integrar a todos los actores sociales, en especial a Cooperativistas y Pymes para disminuir las brechas de energ\u00eda el\u00e9ctrica y telecomunicaciones en pa\u00edses de Latinoam\u00e9rica y El Caribe, especialmente en las zonas rurales.<\/div>\n<div><\/div>\n<div>En el acto de apertura estuvieron presentes Nahuel Otero, Presidente de la Cooperativa El\u00e9ctrica de Gualeguaych\u00fa y uno de los anfitriones; Antonio Roncorini el Presidente de la CLERTIC; Jos\u00e9 \u00c1lvarez, Presidente de FACE (Federaci\u00f3n Argentina de Cooperativas El\u00e9ctricas y Servicios P\u00fablicos) y Vicepresidente de la CLERTIC junto Manuel Bello Secretario de la CLERTIC, oriundo de COPELEC en la Rep\u00fablica de Chile.<\/div>\n<div><\/div>\n<div>En sus palabras iniciales, Nahuel Otero puntualiz\u00f3 en que la entidad surgi\u00f3 con la finalidad de que todos los sectores de la energ\u00eda y las telecomunicaciones pudiesen expresar y dar a conocer sus realidades y la importancia de poner en relieve que la energ\u00eda es un recurso estrat\u00e9gico y necesario; <strong>\u201ces un derecho humano, entonces b\u00e1sicamente estamos brindando un servicio humano, esencial y encima lo queremos dar de manera cooperativa, entonces vaya desaf\u00edo\u201d, sostuvo el cooperativista.<\/strong><\/div>\n<div><\/div>\n<div>Por su parte, Jos\u00e9 \u00c1lvarez, reafirm\u00f3 el compromiso de FACE para sostener y consolidar la entidad \u201cno hay otro camino, comprometerse, proyectar y trabajar, por eso estamos aqu\u00ed\u201d. As\u00ed mismo, destac\u00f3 el potencial del sector cooperativo y dijo \u201cno solo en la capacidad t\u00e9cnica sino en la capacidad humana, tenemos profesionales, hombres y mujeres que nos demuestran en cada lugar de Argentina que somos capaces de poder construir en nuestra comunidad algo que vaya en beneficio de nuestra gente\u201d.<\/div>\n<hr \/>\n<div><strong>LAS COOPERATIVAS ELECTRICAS ADVIERTEN POR LA CR\u00cdTICA SITUACI\u00d3N QUE ESTAN ATRAVESANDO<\/strong><\/div>\n<div><\/div>\n<div>Esta es una problem\u00e1tica que desde este y otros espacios se viene comentando y tiene relaci\u00f3n directa con la prestaci\u00f3n de los servicios que brindamos las cooperativas de servicios p\u00fablicos de la Provincia de Buenos Aires.<\/div>\n<div><\/div>\n<div>La Federaci\u00f3n de Cooperativas de Electricidad y Servicios P\u00fablicos de la Provincia de Buenos Aires (Fedecoba) expuso \u201csu creciente preocupaci\u00f3n por el agravamiento de la situaci\u00f3n econ\u00f3mica y financiera\u201d de las entidades asociadas que la conforman, distribuidoras del servicio de energ\u00eda el\u00e9ctrica en m\u00e1s de 150 pueblos y localidades del interior bonaerense.<\/div>\n<div>\n<div><\/div>\n<div>Para leer la nota completa, los invitamos a ingresar al siguiente link:<\/div>\n<div><\/div>\n<\/div>\n<div><a href=\"https:\/\/41sau.r.a.d.sendibm1.com\/mk\/cl\/f\/j1k-Hfx-228wKnwBO-NfXUCguKZDJAR4ieyYYoEPUW_W933_Zrj-tMIL3yJF54YOcWirzyO5dSa7QJkmrJDxbw5nYNe4FP8bgWRHtCkBiVVFGzw-4gmbsccl6Ou-2O97cTUHL5u2KGwKjS7RDUQXYUBh0Dh8L5RQW2DtvE837oJTJomdVh5998ja_r5phkijX7Lz5Hp9BJR7sl1FiKu_redM3o5gQkce6u0NNSan5CfD0rFJilZR0Dyd597U85wYmDSZQt0P1ELcoi5vfHpJfD0N6HYB5LFGiuRF-HIkbH_xjEPfzZD-5q9B1Q\" target=\"_blank\" rel=\"noreferrer noopener\">https:\/\/www.elcivismo.com.ar\/notas\/49938\/cooperativas-electricas-advierten-por-la-situacion-critica.html<\/a><\/div>\n<div>\n<hr \/>\n<\/div>\n<p><img decoding=\"async\" src=\"https:\/\/41sau.img.a.d.sendibm1.com\/im\/2340286\/a7acf7f596ece8aa7bd4937bb9160d3dad709fad2e9297fce73d205f23b5e1f6.jpg?e=1Xp3DeuBDug-6e6PlrVKaFiWoouAyyU7WKkYZPFFf_QfVjF4PFdpkw_y1EpQq5_C5A6Ab8qBQkvAJrvkKhMtC4dwfa2RN03d47q2Ok5UQHSZVjJRsSyP6eil7_TOS3kIgiJb30P63RYdvZVNecDmizd8f67kLBRAGgjnFO1KTx8ti36tyGYmRh4MMyZvaZ93zGW5LbFqFqMjtLbn8vgAYA2WAzl9C4JcoBgo_A\" alt=\"\" border=\"0\" hspace=\"0\" data-inlineimagemanipulating=\"true\" \/><\/p>\n<p>&nbsp;<\/p>\n<hr \/>\n<p>&nbsp;<\/p>\n","protected":false},"excerpt":{"rendered":"<p>\u00a1En Contacto! Estimados vecinos y usuarios: Les compartimos los avances de nuestra Cooperativa. Cepral estuvo presente en el 4\u00b0 Encuentro de la CLERTIC (Conferencia Latinoamericana y Caribe\u00f1a de Energ\u00eda y Telecomunicaciones Rurales \u2013 Tecnolog\u00edas de la Informaci\u00f3n y la Comunicaci\u00f3n) llevada a cabo en Gualeguaych\u00fa el 31 de marzo. En cuanto a los avances en [&hellip;]<\/p>\n","protected":false},"author":3,"featured_media":16853,"comment_status":"open","ping_status":"open","sticky":false,"template":"","format":"standard","meta":{"footnotes":"","jetpack_publicize_message":"","jetpack_publicize_feature_enabled":true,"jetpack_social_post_already_shared":true,"jetpack_social_options":{"image_generator_settings":{"template":"highway","default_image_id":0,"font":"","enabled":false},"version":2}},"categories":[5],"tags":[],"class_list":["post-20508","post","type-post","status-publish","format-standard","has-post-thumbnail","hentry","category-aqui-parada-robles"],"jetpack_publicize_connections":[],"jetpack_featured_media_url":"https:\/\/revistaepocadigital.com.ar\/wp-content\/uploads\/2022\/07\/cepral-logo.png","jetpack_likes_enabled":true,"_links":{"self":[{"href":"https:\/\/revistaepocadigital.com.ar\/index.php?rest_route=\/wp\/v2\/posts\/20508","targetHints":{"allow":["GET"]}}],"collection":[{"href":"https:\/\/revistaepocadigital.com.ar\/index.php?rest_route=\/wp\/v2\/posts"}],"about":[{"href":"https:\/\/revistaepocadigital.com.ar\/index.php?rest_route=\/wp\/v2\/types\/post"}],"author":[{"embeddable":true,"href":"https:\/\/revistaepocadigital.com.ar\/index.php?rest_route=\/wp\/v2\/users\/3"}],"replies":[{"embeddable":true,"href":"https:\/\/revistaepocadigital.com.ar\/index.php?rest_route=%2Fwp%2Fv2%2Fcomments&post=20508"}],"version-history":[{"count":0,"href":"https:\/\/revistaepocadigital.com.ar\/index.php?rest_route=\/wp\/v2\/posts\/20508\/revisions"}],"wp:featuredmedia":[{"embeddable":true,"href":"https:\/\/revistaepocadigital.com.ar\/index.php?rest_route=\/wp\/v2\/media\/16853"}],"wp:attachment":[{"href":"https:\/\/revistaepocadigital.com.ar\/index.php?rest_route=%2Fwp%2Fv2%2Fmedia&parent=20508"}],"wp:term":[{"taxonomy":"category","embeddable":true,"href":"https:\/\/revistaepocadigital.com.ar\/index.php?rest_route=%2Fwp%2Fv2%2Fcategories&post=20508"},{"taxonomy":"post_tag","embeddable":true,"href":"https:\/\/revistaepocadigital.com.ar\/index.php?rest_route=%2Fwp%2Fv2%2Ftags&post=20508"}],"curies":[{"name":"wp","href":"https:\/\/api.w.org\/{rel}","templated":true}]}}