{"id":20533,"date":"2023-04-18T22:49:47","date_gmt":"2023-04-19T01:49:47","guid":{"rendered":"https:\/\/revistaepocadigital.com.ar\/?p=20533"},"modified":"2023-04-18T22:49:47","modified_gmt":"2023-04-19T01:49:47","slug":"plan-motosierra-de-javier-milei","status":"publish","type":"post","link":"https:\/\/revistaepocadigital.com.ar\/?p=20533","title":{"rendered":"Plan motosierra de Javier Milei\u00a0"},"content":{"rendered":"<header class=\"news-headline\">\n<pre><span style=\"color: #111111; font-family: Roboto, sans-serif; font-size: 32px;\">Asegur\u00f3 que recortar\u00e1 13 puntos\r\ndel gasto publico y que cerrar\u00e1 \r\nlas empresas del Estado<\/span><\/pre>\n<\/header>\n<p><!--more--><\/p>\n<header class=\"news-headline\">\n<h2 class=\"news-headline__article-summary\">Adem\u00e1s sostuvo que eliminar\u00e1 la obra p\u00fablica, las transferencias a las provincias y los subsidios econ\u00f3micos. Tambi\u00e9n apunt\u00f3 a las empresas p\u00fablicas.<\/h2>\n<\/header>\n<p><!--more--><\/p>\n<p>&nbsp;<\/p>\n<div class=\"detail-highlighted-multimedia content-protected-false\">\n<figure class=\"detail-highlighted-multimedia__figure\">El precandidato a presidente Javier Milei asegur\u00f3 que en caso de ser electo eliminar\u00e1 r\u00e1pidamente 13 puntos del gasto en el primer a\u00f1o de gesti\u00f3n. Se\u00f1al\u00f3 que lo har\u00e1 eliminando la obra p\u00fablica, las transferencias a las provincias y los subsidios econ\u00f3micos. Tambi\u00e9n volvi\u00f3 a se\u00f1alar que cerrar\u00eda todas las empresas p\u00fablicas. El dirigente libertario buscar\u00e1 explicar a los empresarios su plan para dolarizar la econom\u00eda.<\/figure>\n<\/div>\n<div class=\"banner banner--free-banner\">\n<div class=\"banner__content-wrapper\">\n<div id=\"ad-slot-outstream\" class=\"ad-slot-outstream\"><\/div>\n<\/div>\n<\/div>\n<article class=\"article-body article-body--second-paragraph content-protected-false\">En el marco del Foro Llao Llao, Milei convers\u00f3 con \u00c1mbito y otros medios presentes en la cumbre que re\u00fane a m\u00e1s de un centenar de empresarios de peso en diversos sectores. Prometi\u00f3 alcanzar el super\u00e1vit fiscal en el primer a\u00f1o de su eventual gesti\u00f3n y para eso asegur\u00f3 que llevar\u00e1 adelante un recorte del gasto que estar\u00e1 entre los 13 y los 15 puntos.<\/article>\n<section class=\"related-news\">\n<div class=\"row row--eq-height\">\n<div class=\"col-12 col-md-6\">\n<article class=\"news-article news-article--landscape-news news-article--landscape-news\">\n<div class=\"news-article__info-wrapper\">\n<h2 class=\"news-article__title\"><span style=\"font-family: Verdana, Geneva, sans-serif; font-size: 15px; color: #222222;\">\u201cVoy a eliminar la obra p\u00fablica y pasar al sistema de iniciativa privada a la chilena. Lo otro que proponemos es eliminar las transferencias discrecionales de la provincias con el robo que implica ese costo para la gente. Lo otro que estamos proponiendo es la eliminaci\u00f3n de los subsidios econ\u00f3micos\u201d, explic\u00f3 el diputado nacional. Entre esas tres iniciativas, dijo, se recortar\u00eda un 13% del gasto.<\/span><\/h2>\n<\/div>\n<\/article>\n<\/div>\n<\/div>\n<\/section>\n<article class=\"article-body article-body--fourth-paragraph content-protected-false\">\u201cYa ah\u00ed met\u00ed un lindo ajuste. Pero despu\u00e9s ten\u00e9s el tema de las empresas del Estado, que yo considero que hay que cerrarlas porque b\u00e1sicamente son un mecanismo por el cual la pol\u00edtica se hace de caja destrozando empresas. Despu\u00e9s lo otro que te queda, que eso ya entra en una l\u00ednea m\u00e1s complicada, es el tema de las jubilaciones de privilegio\u201d, sostuvo el candidato libertario y a\u00f1adi\u00f3 que ese segundo combo sumar\u00eda un recorte de otros dos puntos.<\/article>\n<article class=\"article-body article-body--remaining-paragraph content-protected-false\">\n<h2>Dolarizaci\u00f3n<\/h2>\n<p>En la charla con empresarios, Milei se centr\u00f3 en explicar su plan para dolarizar la econom\u00eda. \u201cVoy a hacer mi mejor esfuerzo para explicarlo de manera simple\u201d, dijo previo a ingresar al encuentro. Ante una consulta de \u00c1mbito, el economista reconoci\u00f3 que es dif\u00edcil estimar a qu\u00e9 valores se har\u00eda conversi\u00f3n llegado el momento de eliminar el peso.<\/p>\n<p>Adem\u00e1s, dijo que \u201cno habr\u00e1 costo social\u201d porque la medida terminar\u00e1 con la inflaci\u00f3n que pega entre \u201centre 25 y 30 veces m\u00e1s fuerte a los m\u00e1s vulnerables\u201d. En ese sentido, sostuvo: \u201cTengo un programa de ajuste lo suficientemente fuerte como para que el fisco, en lugar de ser un elemento que expande dinero, absorba dinero\u201d.<\/p>\n<p>La palabra de Javier Milei es una de las m\u00e1s esperadas por los empresarios de este foro que el a\u00f1o pasado lo recibieron como a un \u201coutsider\u201d y hoy lo escuchan como a un candidato a presidente que, seg\u00fan algunas encuestas, podr\u00eda entrar a una segunda vuelta.<\/p>\n<\/article>\n<div class=\"news-topics\">nota publicada en Ambito Financiero.<\/div>\n","protected":false},"excerpt":{"rendered":"<p>Asegur\u00f3 que recortar\u00e1 13 puntos del gasto publico y que cerrar\u00e1 las empresas del Estado<\/p>\n","protected":false},"author":4,"featured_media":20535,"comment_status":"open","ping_status":"open","sticky":false,"template":"","format":"standard","meta":{"footnotes":"","jetpack_publicize_message":"","jetpack_publicize_feature_enabled":true,"jetpack_social_post_already_shared":true,"jetpack_social_options":{"image_generator_settings":{"template":"highway","default_image_id":0,"font":"","enabled":false},"version":2}},"categories":[17],"tags":[43,2278,2279],"class_list":["post-20533","post","type-post","status-publish","format-standard","has-post-thumbnail","hentry","category-politica","tag-elecciones","tag-milei","tag-plan-politico"],"jetpack_publicize_connections":[],"jetpack_featured_media_url":"https:\/\/revistaepocadigital.com.ar\/wp-content\/uploads\/2023\/04\/javier-mileiwebp.webp","jetpack_likes_enabled":true,"_links":{"self":[{"href":"https:\/\/revistaepocadigital.com.ar\/index.php?rest_route=\/wp\/v2\/posts\/20533","targetHints":{"allow":["GET"]}}],"collection":[{"href":"https:\/\/revistaepocadigital.com.ar\/index.php?rest_route=\/wp\/v2\/posts"}],"about":[{"href":"https:\/\/revistaepocadigital.com.ar\/index.php?rest_route=\/wp\/v2\/types\/post"}],"author":[{"embeddable":true,"href":"https:\/\/revistaepocadigital.com.ar\/index.php?rest_route=\/wp\/v2\/users\/4"}],"replies":[{"embeddable":true,"href":"https:\/\/revistaepocadigital.com.ar\/index.php?rest_route=%2Fwp%2Fv2%2Fcomments&post=20533"}],"version-history":[{"count":0,"href":"https:\/\/revistaepocadigital.com.ar\/index.php?rest_route=\/wp\/v2\/posts\/20533\/revisions"}],"wp:featuredmedia":[{"embeddable":true,"href":"https:\/\/revistaepocadigital.com.ar\/index.php?rest_route=\/wp\/v2\/media\/20535"}],"wp:attachment":[{"href":"https:\/\/revistaepocadigital.com.ar\/index.php?rest_route=%2Fwp%2Fv2%2Fmedia&parent=20533"}],"wp:term":[{"taxonomy":"category","embeddable":true,"href":"https:\/\/revistaepocadigital.com.ar\/index.php?rest_route=%2Fwp%2Fv2%2Fcategories&post=20533"},{"taxonomy":"post_tag","embeddable":true,"href":"https:\/\/revistaepocadigital.com.ar\/index.php?rest_route=%2Fwp%2Fv2%2Ftags&post=20533"}],"curies":[{"name":"wp","href":"https:\/\/api.w.org\/{rel}","templated":true}]}}