{"id":20540,"date":"2023-04-20T00:59:41","date_gmt":"2023-04-20T03:59:41","guid":{"rendered":"https:\/\/revistaepocadigital.com.ar\/?p=20540"},"modified":"2023-04-20T01:03:18","modified_gmt":"2023-04-20T04:03:18","slug":"hospital-de-cardales-en-un-ano-electoral-sancho-critica-y-nanni-no-quiere-entrar-en-ese-juegotos-de-nanninanni","status":"publish","type":"post","link":"https:\/\/revistaepocadigital.com.ar\/?p=20540","title":{"rendered":"Hospital de Cardales en un a\u00f1o electoral. Sancho critica y Nanni no quiere entrar &#8220;en ese juego&#8221;"},"content":{"rendered":"<p><strong>LA NUEVA CUESTI\u00d3N, REITERA EL FUERTE DISTANCIAMIENTO POL\u00cdTICO QUE MANTIENEN EL INTENDENTE DIEGO NANNI Y EL PRESIDENTE DEL BLOQUE JUNTOS EN EL HCD, RA\u00daL SANCHO. POSICIONES QUE ACENT\u00daAN EN UN A\u00d1O ELECTORAL COMO EL QUE SE TRANSITA, AMBOS SE HAN POSTULADO PARA EJERCER EL CARGO DE INTENDENTE DESDE EL A\u00d1O PR\u00d3XIMO.<\/strong><!--more--><\/p>\n<p><strong>Sancho lanzado a pleno, tempranamente,<\/strong> en su campa\u00f1a electoral viene recorriendo barrios, visitando instituciones, tomando contacto con vecinos, escuchando pareceres y reclamos que luego, vuelca con f\u00e9rreas cr\u00edticas en forma continua en sus espacios en las redes sociales, en especial Facebook y Whatsaap, continuadas en un medio digital marcadamente partidario.<\/p>\n<p>Entre sus constantes cuestionamientos, Sancho puso su ojo y le apunt\u00f3 al funcionamiento del <strong>Hospital Modular, inaugurado hace poco en Los Cardales<\/strong>. El referente de Juntos ha calificado de &#8220;<em>desastre&#8221;<\/em> al funcionamiento del hospital cardalense, a la vez que denunci\u00f3 que &#8220;<em>vecinos denuncian colas interminables para sacar un turno en el hospital<\/em>&#8220;. Vecinos que en algunos casos, tambi\u00e9n han expresado cr\u00edticas en relaci\u00f3n al hospital de Cardales.<\/p>\n<p><strong>Nanni<\/strong> sabedor de las quejas vinculadas al nuevo hospital, durante un di\u00e1logo breve, se mostr\u00f3 bastante remiso a replicar las cr\u00edticas de Sancho, su principal rival pol\u00edtico en las urnas este a\u00f1o. <em>&#8220;A ver, no quiero entrar en pol\u00e9micas, ni hacer el juego a quienes quieren obtener r\u00e9ditos pol\u00edticas y electorales con algunos pronunciamientos<\/em>&#8220;. <em>&#8220;De todas manera<\/em>s -dijo- m<em>e parece importante transmitirle a los vecinos, que desde nuestra gesti\u00f3n nunca dijimos que ibamos a replicar las prestaciones m\u00e9dicas brindadas en el Hospital San Jos\u00e9 de Capilla del Se\u00f1or, en el nuevo Hospital Modular en Cardales. Ese concepto es el que quieren instalar algunos, y es una l\u00e1stima. En Cardales hay alta complejidadad en determinadas \u00e1reas, emergentolog\u00eda, terapia intensiva, especialidades pero no como en Capilla&#8221;. <\/em><\/p>\n<p>&#8220;<em>No hay m\u00e9dicos, y c\u00f3mo no hay m\u00e9dicos hay pocos turnos o directamente no hay turnos. y ante la necesidad de atenci\u00f3n de la salud, la gente se agolpa haciendo colas durante horas, y en muchos casos para nada, porque cuando les toca ser atendidos ya no quedaron turnos&#8230;&#8221;,<\/em> ha remarcado en forma enf\u00e1tica <strong>Sancho<\/strong>.<\/p>\n<p>Luego de reiterar que <em>&#8220;no quiero entrar en el juego que se pretende instalar&#8221;<\/em>, menciona Nanni el tema de las especialidades brindadas en el hospital cardalense, objetadas en algunos casos en materia de prestaciones.\u00a0 &#8220;<em>Se dice que no se otorgan turnos o que no se cuenta con m\u00e9dicos para atender, cuando en realidad y como digo, hay especialidades que no se prestan. La gente supone que en el Hospital de Cardales se brindan los mismos servicios y existe la misma complejidad que en el de Capilla, y no es as\u00ed<\/em>&#8220;.<\/p>\n<p>Sancho entiende que<em> &#8220;cuando se usa la salud para hacer campa\u00f1a, pasan estas cosas<\/em>&#8221; y ratifica cr\u00edticas al decir que tambi\u00e9n pasan cosas como las que menciona<em> &#8220;cuando se invierte en estructura pero no en el personal. Un hospital sin m\u00e9dicos, sin turnos y sin insumos, pone en juego la salud&#8221;.<\/em><\/p>\n<p>&#8220;<em>Ojal\u00e1 con el transcurso, si Dios quiere, se llegue a que el\u00a0 Hospital de Cardales cuente con las mismas prestaciones para nuestros vecinos, que las que dispone el de Capilla <\/em>-sostuvo el intendente<em>-; mismas prestaciones insisto, que nunca dijimos que se iban a\u00a0 brindar. Yo dir\u00eda que valoremos que desde hace poco, Los Cardales cuenta con un centro asistencial muy superador a lo que exist\u00eda, hay un hospital ni m\u00e1s ni menos!, y con servicios que no se cuentan en otros en la zona&#8221;.<\/em><\/p>\n<p>Est\u00e1 claro que se atraviesa un a\u00f1o electoral, <strong>\u00bfno?, sac\u00e1 tus propias conclusiones.<\/strong><\/p>\n<p>&nbsp;<\/p>\n","protected":false},"excerpt":{"rendered":"<p>LA NUEVA CUESTI\u00d3N, REITERA EL FUERTE DISTANCIAMIENTO POL\u00cdTICO QUE MANTIENEN EL INTENDENTE DIEGO NANNI Y EL PRESIDENTE DEL BLOQUE JUNTOS EN EL HCD, RA\u00daL SANCHO. POSICIONES QUE ACENT\u00daAN EN UN A\u00d1O ELECTORAL COMO EL QUE SE TRANSITA, AMBOS SE HAN POSTULADO PARA EJERCER EL CARGO DE INTENDENTE DESDE EL A\u00d1O PR\u00d3XIMO.<\/p>\n","protected":false},"author":4,"featured_media":20553,"comment_status":"open","ping_status":"open","sticky":false,"template":"","format":"standard","meta":{"footnotes":"","jetpack_publicize_message":"","jetpack_publicize_feature_enabled":true,"jetpack_social_post_already_shared":true,"jetpack_social_options":{"image_generator_settings":{"template":"highway","default_image_id":0,"font":"","enabled":false},"version":2}},"categories":[17],"tags":[1390,66,256],"class_list":["post-20540","post","type-post","status-publish","format-standard","has-post-thumbnail","hentry","category-politica","tag-hospital-cardales","tag-nanni","tag-sancho"],"jetpack_publicize_connections":[],"jetpack_featured_media_url":"https:\/\/revistaepocadigital.com.ar\/wp-content\/uploads\/2023\/04\/hospit-cardale.jpg","jetpack_likes_enabled":true,"_links":{"self":[{"href":"https:\/\/revistaepocadigital.com.ar\/index.php?rest_route=\/wp\/v2\/posts\/20540","targetHints":{"allow":["GET"]}}],"collection":[{"href":"https:\/\/revistaepocadigital.com.ar\/index.php?rest_route=\/wp\/v2\/posts"}],"about":[{"href":"https:\/\/revistaepocadigital.com.ar\/index.php?rest_route=\/wp\/v2\/types\/post"}],"author":[{"embeddable":true,"href":"https:\/\/revistaepocadigital.com.ar\/index.php?rest_route=\/wp\/v2\/users\/4"}],"replies":[{"embeddable":true,"href":"https:\/\/revistaepocadigital.com.ar\/index.php?rest_route=%2Fwp%2Fv2%2Fcomments&post=20540"}],"version-history":[{"count":0,"href":"https:\/\/revistaepocadigital.com.ar\/index.php?rest_route=\/wp\/v2\/posts\/20540\/revisions"}],"wp:featuredmedia":[{"embeddable":true,"href":"https:\/\/revistaepocadigital.com.ar\/index.php?rest_route=\/wp\/v2\/media\/20553"}],"wp:attachment":[{"href":"https:\/\/revistaepocadigital.com.ar\/index.php?rest_route=%2Fwp%2Fv2%2Fmedia&parent=20540"}],"wp:term":[{"taxonomy":"category","embeddable":true,"href":"https:\/\/revistaepocadigital.com.ar\/index.php?rest_route=%2Fwp%2Fv2%2Fcategories&post=20540"},{"taxonomy":"post_tag","embeddable":true,"href":"https:\/\/revistaepocadigital.com.ar\/index.php?rest_route=%2Fwp%2Fv2%2Ftags&post=20540"}],"curies":[{"name":"wp","href":"https:\/\/api.w.org\/{rel}","templated":true}]}}