{"id":20541,"date":"2023-04-19T23:17:57","date_gmt":"2023-04-20T02:17:57","guid":{"rendered":"https:\/\/revistaepocadigital.com.ar\/?p=20541"},"modified":"2023-04-19T23:17:57","modified_gmt":"2023-04-20T02:17:57","slug":"asfalto-para-el-barrio-san-jose-y-parada-orlando","status":"publish","type":"post","link":"https:\/\/revistaepocadigital.com.ar\/?p=20541","title":{"rendered":"ASFALTO PARA EL BARRIO SAN JOS\u00c9 Y PARADA ORLANDO"},"content":{"rendered":"<div class=\"I_ZkbNhI D_FY W_6D6F\" data-test-id=\"message-view-body\">\n<div class=\"msg-body P_wpofO mq_AS\" data-test-id=\"message-view-body-content\">\n<div class=\"jb_0 X_6MGW N_6Fd5\">\n<div>\n<div id=\"yiv4835441598\">\n<div>\n<div><strong>APROBACI\u00d3N DEL CONCEJO DELIBERANTE.<!--more--><\/strong><\/div>\n<div><\/div>\n<div>En la \u00faltima sesi\u00f3n, el Concejo Deliberante de Exaltaci\u00f3n de la Cruz, aprob\u00f3 el proyecto para el asfaltado de calles de dos de los barrios populosos y conocidos del distrito, el Barrio San Jos\u00e9 y Parada Orlando.<\/div>\n<div><img loading=\"lazy\" decoding=\"async\" class=\"alignleft size-medium wp-image-20542\" src=\"https:\/\/revistaepocadigital.com.ar\/wp-content\/uploads\/2023\/04\/barrio-sa-jose-300x293.jpg\" alt=\"\" width=\"300\" height=\"293\" srcset=\"https:\/\/revistaepocadigital.com.ar\/wp-content\/uploads\/2023\/04\/barrio-sa-jose-300x293.jpg 300w, https:\/\/revistaepocadigital.com.ar\/wp-content\/uploads\/2023\/04\/barrio-sa-jose.jpg 500w, https:\/\/revistaepocadigital.com.ar\/wp-content\/uploads\/2023\/04\/barrio-sa-jose-430x420.jpg 430w\" sizes=\"auto, (max-width: 300px) 100vw, 300px\" \/><\/div>\n<div>Barrios que como otros en el distrito, con creciente cantidad de pobladores, demandan con justa raz\u00f3n, m\u00e1s y mejores servicios. &#8220;Se aprob\u00f3 en la \u00faltima sesi\u00f3n; una necesidad impostergable como en muchos otros barrios que llevan d\u00e9cadas esperando el asfalto&#8221;, sostuvo el concejal Ra\u00fal Sancho, presidente del bloque Juntos.<\/div>\n<div><\/div>\n<div>Las obras de pavimentaci\u00f3n en los mencionados barrios, abarcar\u00e1 las calles M\u00e9xico, Honduras, Guatemala, Panam\u00e1, Bolivia y Venezuela.<\/div>\n<div><\/div>\n<p>El proyecto de asfaltado de las calles, se concretar\u00e1 con la firma de un convenio entre el municipio y la provincia de Buenos Aires, que fuera aprobado por unanimidad en el Concejo Deliberante. La inversi\u00f3n demandar\u00e1 la suma de $160.000.000.<\/p><\/div>\n<\/div>\n<\/div>\n<\/div>\n<\/div>\n<\/div>\n<p>&nbsp;<\/p>\n","protected":false},"excerpt":{"rendered":"<p>APROBACI\u00d3N DEL CONCEJO DELIBERANTE.<\/p>\n","protected":false},"author":3,"featured_media":20543,"comment_status":"open","ping_status":"open","sticky":false,"template":"","format":"standard","meta":{"footnotes":"","jetpack_publicize_message":"","jetpack_publicize_feature_enabled":true,"jetpack_social_post_already_shared":true,"jetpack_social_options":{"image_generator_settings":{"template":"highway","default_image_id":0,"font":"","enabled":false},"version":2}},"categories":[13],"tags":[2281,2237,2280],"class_list":["post-20541","post","type-post","status-publish","format-standard","has-post-thumbnail","hentry","category-interes-general","tag-asfaltos","tag-barrio-san-jose","tag-parada-orlando"],"jetpack_publicize_connections":[],"jetpack_featured_media_url":"https:\/\/revistaepocadigital.com.ar\/wp-content\/uploads\/2023\/04\/barrio-sa-jose-1.jpg","jetpack_likes_enabled":true,"_links":{"self":[{"href":"https:\/\/revistaepocadigital.com.ar\/index.php?rest_route=\/wp\/v2\/posts\/20541","targetHints":{"allow":["GET"]}}],"collection":[{"href":"https:\/\/revistaepocadigital.com.ar\/index.php?rest_route=\/wp\/v2\/posts"}],"about":[{"href":"https:\/\/revistaepocadigital.com.ar\/index.php?rest_route=\/wp\/v2\/types\/post"}],"author":[{"embeddable":true,"href":"https:\/\/revistaepocadigital.com.ar\/index.php?rest_route=\/wp\/v2\/users\/3"}],"replies":[{"embeddable":true,"href":"https:\/\/revistaepocadigital.com.ar\/index.php?rest_route=%2Fwp%2Fv2%2Fcomments&post=20541"}],"version-history":[{"count":0,"href":"https:\/\/revistaepocadigital.com.ar\/index.php?rest_route=\/wp\/v2\/posts\/20541\/revisions"}],"wp:featuredmedia":[{"embeddable":true,"href":"https:\/\/revistaepocadigital.com.ar\/index.php?rest_route=\/wp\/v2\/media\/20543"}],"wp:attachment":[{"href":"https:\/\/revistaepocadigital.com.ar\/index.php?rest_route=%2Fwp%2Fv2%2Fmedia&parent=20541"}],"wp:term":[{"taxonomy":"category","embeddable":true,"href":"https:\/\/revistaepocadigital.com.ar\/index.php?rest_route=%2Fwp%2Fv2%2Fcategories&post=20541"},{"taxonomy":"post_tag","embeddable":true,"href":"https:\/\/revistaepocadigital.com.ar\/index.php?rest_route=%2Fwp%2Fv2%2Ftags&post=20541"}],"curies":[{"name":"wp","href":"https:\/\/api.w.org\/{rel}","templated":true}]}}