{"id":2055,"date":"2019-04-04T15:26:14","date_gmt":"2019-04-04T18:26:14","guid":{"rendered":"https:\/\/revistaepocadigital.com.ar\/?p=2055"},"modified":"2019-04-04T15:26:14","modified_gmt":"2019-04-04T18:26:14","slug":"todos-unidos-triunfaremos-2","status":"publish","type":"post","link":"https:\/\/revistaepocadigital.com.ar\/?p=2055","title":{"rendered":"TODOS UNIDOS TRIUNFAREMOS&#8230;"},"content":{"rendered":"<p><strong>EL ARCO DEL JUSTICIALISMO, DE NUEVO REUNIDO. ESTUVIERON DIEGO NANNI, LUISMA MARTIN, CONCEJALES, REFERENTES DE DISTINTAS VERTIENTES Y DE DOS SINDICATOS.<\/strong><!--more--><\/p>\n<p>Como en diciembre del a\u00f1o pasado cuando se encontraron en el predio de Fatica en Parada Robles, las vertientes del justicialismo exaltacruce\u00f1o volvieron a reunirse en lo que result\u00f3 un dato para considerar, habida cuenta del a\u00f1o electoral que se transita y las definiciones de estrategias y candidaturas.<\/p>\n<p><img loading=\"lazy\" decoding=\"async\" class=\"aligncenter size-full wp-image-2057\" src=\"https:\/\/revistaepocadigital.com.ar\/wp-content\/uploads\/2019\/04\/peronistas11A.jpg\" alt=\"\" width=\"691\" height=\"426\" srcset=\"https:\/\/revistaepocadigital.com.ar\/wp-content\/uploads\/2019\/04\/peronistas11A.jpg 691w, https:\/\/revistaepocadigital.com.ar\/wp-content\/uploads\/2019\/04\/peronistas11A-300x185.jpg 300w, https:\/\/revistaepocadigital.com.ar\/wp-content\/uploads\/2019\/04\/peronistas11A-356x220.jpg 356w, https:\/\/revistaepocadigital.com.ar\/wp-content\/uploads\/2019\/04\/peronistas11A-681x420.jpg 681w\" sizes=\"auto, (max-width: 691px) 100vw, 691px\" \/><\/p>\n<p>El encuentro esta vez tuvo lugar en el nueo Patio Cervecero ubicado sobre Ruta 39, &#8220;El Fruto&#8221;; sentados a la mesa se vio a Diego Nanni quien es sabido se postula a la intendencia e impulsor de UJAPU, una de las vertientes internas del PJ, concejales como Mart\u00edn Faure, Emmanuel Mart\u00ednez y Mart\u00edn Real Salas; Luis Mariano Mart\u00edn del Frente Renovador, tambi\u00e9n dirigentes del partido justicialista como la &#8220;Chancha&#8221; Gimenez, de la agrupaciones La C\u00e1mpora, La Mart\u00edn Fierro, CTEP, Movimiento Evita y se sumaron representantes gremiales como Alejandro Villanueva de Suteba y tambi\u00e9n de ATE.<\/p>\n","protected":false},"excerpt":{"rendered":"<p>EL ARCO DEL JUSTICIALISMO, DE NUEVO REUNIDO. ESTUVIERON DIEGO NANNI, LUISMA MARTIN, CONCEJALES, REFERENTES DE DISTINTAS VERTIENTES Y DE DOS SINDICATOS.<\/p>\n","protected":false},"author":4,"featured_media":2056,"comment_status":"open","ping_status":"open","sticky":false,"template":"","format":"standard","meta":{"footnotes":"","jetpack_publicize_message":"","jetpack_publicize_feature_enabled":true,"jetpack_social_post_already_shared":false,"jetpack_social_options":{"image_generator_settings":{"template":"highway","default_image_id":0,"font":"","enabled":false},"version":2}},"categories":[17],"tags":[280,66],"class_list":["post-2055","post","type-post","status-publish","format-standard","has-post-thumbnail","hentry","category-politica","tag-justicialismo-reuniones","tag-nanni"],"jetpack_publicize_connections":[],"jetpack_featured_media_url":"https:\/\/revistaepocadigital.com.ar\/wp-content\/uploads\/2019\/04\/peronis.jpg","jetpack_likes_enabled":true,"_links":{"self":[{"href":"https:\/\/revistaepocadigital.com.ar\/index.php?rest_route=\/wp\/v2\/posts\/2055","targetHints":{"allow":["GET"]}}],"collection":[{"href":"https:\/\/revistaepocadigital.com.ar\/index.php?rest_route=\/wp\/v2\/posts"}],"about":[{"href":"https:\/\/revistaepocadigital.com.ar\/index.php?rest_route=\/wp\/v2\/types\/post"}],"author":[{"embeddable":true,"href":"https:\/\/revistaepocadigital.com.ar\/index.php?rest_route=\/wp\/v2\/users\/4"}],"replies":[{"embeddable":true,"href":"https:\/\/revistaepocadigital.com.ar\/index.php?rest_route=%2Fwp%2Fv2%2Fcomments&post=2055"}],"version-history":[{"count":0,"href":"https:\/\/revistaepocadigital.com.ar\/index.php?rest_route=\/wp\/v2\/posts\/2055\/revisions"}],"wp:featuredmedia":[{"embeddable":true,"href":"https:\/\/revistaepocadigital.com.ar\/index.php?rest_route=\/wp\/v2\/media\/2056"}],"wp:attachment":[{"href":"https:\/\/revistaepocadigital.com.ar\/index.php?rest_route=%2Fwp%2Fv2%2Fmedia&parent=2055"}],"wp:term":[{"taxonomy":"category","embeddable":true,"href":"https:\/\/revistaepocadigital.com.ar\/index.php?rest_route=%2Fwp%2Fv2%2Fcategories&post=2055"},{"taxonomy":"post_tag","embeddable":true,"href":"https:\/\/revistaepocadigital.com.ar\/index.php?rest_route=%2Fwp%2Fv2%2Ftags&post=2055"}],"curies":[{"name":"wp","href":"https:\/\/api.w.org\/{rel}","templated":true}]}}