{"id":20577,"date":"2023-04-22T01:36:04","date_gmt":"2023-04-22T04:36:04","guid":{"rendered":"https:\/\/revistaepocadigital.com.ar\/?p=20577"},"modified":"2023-05-10T02:15:23","modified_gmt":"2023-05-10T05:15:23","slug":"el-valor-terapeutico-de-un-adicto-que-ayuda-a-otro-no-tiene-igual-2","status":"publish","type":"post","link":"https:\/\/revistaepocadigital.com.ar\/?p=20577","title":{"rendered":"\u201cSEGURAMENTE ESTABAN DROGADOS\u2026\u201d. ESTIGMATIZACI\u00d3N"},"content":{"rendered":"<p><strong>ESTIGMATIZACI\u00d3N.<\/strong><!--more--><\/p>\n<p>&nbsp;<\/p>\n<p>es el se\u00f1alamiento negativo hacia una persona o grupo de ellas con el fin de insultar, ofender, atacar, por el desprecio, prejuicios o estereotipos aprendidos. Es penoso pero tambi\u00e9n inevitable que el \u201cfalopero\u201d caiga en este estereotipo poblacional tan marcado. Es tan penoso como inevitable que el\u00a0 gordo, la homosexual, el negro, la villera, no escapen de esa se\u00f1alizaci\u00f3n directa hacia la persona en particular enmarcada muchas veces en ancestral informaci\u00f3n y formaci\u00f3n intelectual que desde la cultura aparece. Se instala como forma de pensamiento quedando incorporada en plenitud en la poblaci\u00f3n hasta convertirse seguramente en la manera imperante de pensamiento social.<\/p>\n<p>Drogas y delincuencia, de la mano. Marginalidad y delincuencia, de la mano. Marginalidad y drogas, de la mano. Lejos estoy de justificar al delincuente que comete el il\u00edcito estando bajo los efectos de las sustancias (drogas) pero s\u00ed invito a hacer una reflexi\u00f3n m\u00e1s amplia de lo que significa el consumo de ellas. En infinidad de casos nos sumergen en situaciones en las que no queremos estar y el estad\u00edo emocional se traduce en una sensaci\u00f3n de exultancia incontrolable. Claramente conductas exacerbadas.<\/p>\n<p><img loading=\"lazy\" decoding=\"async\" class=\"alignleft size-full wp-image-20597\" src=\"https:\/\/revistaepocadigital.com.ar\/wp-content\/uploads\/2023\/04\/AADD.jpg\" alt=\"\" width=\"259\" height=\"292\" \/><\/p>\n<p>Hace poco m\u00e1s de dos d\u00e9cadas que la OMS (Organizaci\u00f3n Mundial de la Salud) considera a la adicci\u00f3n una enfermedad. Muy poco tiempo m\u00e1s all\u00e1 de que la proliferaci\u00f3n del uso de sustancias (drogas) aumenta y la desinformaci\u00f3n a\u00fan m\u00e1s. Enfermedad que condiciona y ataca directamente sobre las conductas. Tampoco invito a ver bondadosamente al delincuente desde la mirada de la enfermedad en el caso de que las drogas est\u00e9n cerca de un hecho delictivo pero s\u00ed a desmitificar el corriente dicho de que <strong>\u201cseguramente estaban drogados\u201d <\/strong>como corrientemente se expresa o que el adicto tiene la libre elecci\u00f3n de serlo al consumir drogas y desarrollar la enfermedad.<\/p>\n<p>Por un lado, la mirada suave del uso recreativo o necesario en el caso de una dolencia determinada, de drogas l\u00edcitas o no y por el otro, la condena social o estigmatizaci\u00f3n del adicto sin tener en cuenta que en ambos casos el consumo es de lo mismo.<\/p>\n<p>Navegamos los diferentes niveles del uso de drogas yendo desde el consumo placentero, pasando por el consumo problem\u00e1tico hasta caer en la adicci\u00f3n y con el dif\u00edcil retorno desde esta \u00faltima etapa.<\/p>\n<p>Yo abrazo la teor\u00eda de que la enfermedad de la adicci\u00f3n no tiene cura conocida bas\u00e1ndome justamente en que no se sabe cu\u00e1l es el origen m\u00e1s all\u00e1 de muchas teor\u00edas existentes. V\u00e1lidas s\u00ed, pero no certeras.<\/p>\n<p>Hablo s\u00ed de la inviabilidad de la cura pero tambi\u00e9n y de manera determinante y en\u00e9rgica de la posibilidad de la recuperaci\u00f3n<strong>. Vivir en Recuperaci\u00f3n <\/strong>que lejos se debe entender de estar <strong>\u201crecuperado\u201d<\/strong>.<\/p>\n<p>Generar nuevas conductas, incorporarlas y sostenerlas es el gran desaf\u00edo de la Recuperaci\u00f3n. Pedir ayuda es el disparador de la misma, tomar conciencia de enfermedad es otro paso en el proceso. Sostener la Recuperaci\u00f3n de un d\u00eda a la vez la Gran Responsabilidad.<\/p>\n<p><img loading=\"lazy\" decoding=\"async\" class=\"alignright size-full wp-image-20598\" src=\"https:\/\/revistaepocadigital.com.ar\/wp-content\/uploads\/2023\/04\/AADD1.jpg\" alt=\"\" width=\"306\" height=\"305\" srcset=\"https:\/\/revistaepocadigital.com.ar\/wp-content\/uploads\/2023\/04\/AADD1.jpg 306w, https:\/\/revistaepocadigital.com.ar\/wp-content\/uploads\/2023\/04\/AADD1-300x300.jpg 300w, https:\/\/revistaepocadigital.com.ar\/wp-content\/uploads\/2023\/04\/AADD1-150x150.jpg 150w\" sizes=\"auto, (max-width: 306px) 100vw, 306px\" \/><\/p>\n<p>Muchas veces decimos que el consumo de drogas es la punta del iceberg, lo que se ve. El trabajo a realizar es sobre lo no visible. All\u00ed est\u00e1 la estructura emocional de la enfermedad del Adicto. Entrar all\u00ed no es f\u00e1cil y muchas veces doloroso. All\u00ed nos encontramos con nosotros mismos y\u00a0 descubrimos a alguien que no nos gusta. Lo m\u00e1s trabajoso es sostener esa tarea.<\/p>\n<p>Condici\u00f3n<strong> INDISPENSABLE <\/strong>dejar de drogarse. Parar de drogarse. De all\u00ed en m\u00e1s, seremos esa maravilla de la Recuperaci\u00f3n.<\/p>\n<p><strong>LA RECUPERACI\u00d3N ES POSIBLE, VIVIR SIN DROGAS TAMBI\u00c9N LO ES\u2026DEFINITIVAMENTE. <\/strong><\/p>\n<p><em><strong>Por Pablo J. Roca<\/strong><\/em>.<\/p>\n<p>(11 3572 4612)<\/p>\n<p>Consejero en Salud Mental especializado en Adicciones.<\/p>\n<p>Acompa\u00f1ante Terap\u00e9utico Especializado en Adicciones.<\/p>\n<p>Especialista Par.<\/p>\n<p>Instagram: pablojavierroca\/ centro_entre_pares.<\/p>\n<p><strong>\u00a0<\/strong><\/p>\n<p>&nbsp;<\/p>\n","protected":false},"excerpt":{"rendered":"<p>ESTIGMATIZACI\u00d3N.<\/p>\n","protected":false},"author":3,"featured_media":20596,"comment_status":"open","ping_status":"open","sticky":false,"template":"","format":"standard","meta":{"footnotes":"","jetpack_publicize_message":"","jetpack_publicize_feature_enabled":true,"jetpack_social_post_already_shared":true,"jetpack_social_options":{"image_generator_settings":{"template":"highway","default_image_id":0,"font":"","enabled":false},"version":2}},"categories":[7,14],"tags":[2046],"class_list":["post-20577","post","type-post","status-publish","format-standard","has-post-thumbnail","hentry","category-columna-de-opinion","category-la-gente","tag-adicciones"],"jetpack_publicize_connections":[],"jetpack_featured_media_url":"https:\/\/revistaepocadigital.com.ar\/wp-content\/uploads\/2023\/04\/AADDD.jpg","jetpack_likes_enabled":true,"_links":{"self":[{"href":"https:\/\/revistaepocadigital.com.ar\/index.php?rest_route=\/wp\/v2\/posts\/20577","targetHints":{"allow":["GET"]}}],"collection":[{"href":"https:\/\/revistaepocadigital.com.ar\/index.php?rest_route=\/wp\/v2\/posts"}],"about":[{"href":"https:\/\/revistaepocadigital.com.ar\/index.php?rest_route=\/wp\/v2\/types\/post"}],"author":[{"embeddable":true,"href":"https:\/\/revistaepocadigital.com.ar\/index.php?rest_route=\/wp\/v2\/users\/3"}],"replies":[{"embeddable":true,"href":"https:\/\/revistaepocadigital.com.ar\/index.php?rest_route=%2Fwp%2Fv2%2Fcomments&post=20577"}],"version-history":[{"count":0,"href":"https:\/\/revistaepocadigital.com.ar\/index.php?rest_route=\/wp\/v2\/posts\/20577\/revisions"}],"wp:featuredmedia":[{"embeddable":true,"href":"https:\/\/revistaepocadigital.com.ar\/index.php?rest_route=\/wp\/v2\/media\/20596"}],"wp:attachment":[{"href":"https:\/\/revistaepocadigital.com.ar\/index.php?rest_route=%2Fwp%2Fv2%2Fmedia&parent=20577"}],"wp:term":[{"taxonomy":"category","embeddable":true,"href":"https:\/\/revistaepocadigital.com.ar\/index.php?rest_route=%2Fwp%2Fv2%2Fcategories&post=20577"},{"taxonomy":"post_tag","embeddable":true,"href":"https:\/\/revistaepocadigital.com.ar\/index.php?rest_route=%2Fwp%2Fv2%2Ftags&post=20577"}],"curies":[{"name":"wp","href":"https:\/\/api.w.org\/{rel}","templated":true}]}}