{"id":2059,"date":"2019-04-01T15:29:50","date_gmt":"2019-04-01T18:29:50","guid":{"rendered":"https:\/\/revistaepocadigital.com.ar\/?p=2059"},"modified":"2019-04-04T15:32:22","modified_gmt":"2019-04-04T18:32:22","slug":"anses-extendio-el-plazo-para-que-jubilados-y-pensionados-confirmen-descuentos-de-mutuales-y-cooperativas","status":"publish","type":"post","link":"https:\/\/revistaepocadigital.com.ar\/?p=2059","title":{"rendered":"ANSES extendi\u00f3 el plazo para que jubilados y pensionados confirmen descuentos de mutuales y cooperativas"},"content":{"rendered":"<p><strong>EL OBJETIVO.<br \/>\n<\/strong><!--more--><\/p>\n<p>Es el de asegurar la transparencia y brindar seguridad a los adultos mayores, a trav\u00e9s de la Resoluci\u00f3n 1\/2019 publicada hoy en el Bolet\u00edn Oficial, ANSES prorrog\u00f3 hasta el <strong>30 de septiembre <\/strong>el plazo de confirmaci\u00f3n para los jubilados y pensionados que poseen descuentos de mutuales o cooperativas en sus recibos de haberes y deb\u00edan ratificarlos <strong>antes del 31 de marzo<\/strong>.<\/p>\n<p>De esta manera, el organismo previsional dispuso que aquellos que deseen continuar abonando alg\u00fan servicio de terceras entidades a trav\u00e9s de su recibo de haberes deber\u00e1n confirmar su aceptaci\u00f3n en <u><a href=\"http:\/\/www.anses.gob.ar\/mutuales\">www.anses.gob.ar\/mutuales<\/a><\/u>.<\/p>\n<p>Quienes consientan el descuento deber\u00e1n revalidarlo cada 24 meses; caso contrario, ANSES dejar\u00e1 de descontar el importe de su recibo de haberes y el jubilado <strong>deber\u00e1 regularizar la situaci\u00f3n directamente con la mutual o cooperativa<\/strong>.<\/p>\n<p><strong>Grupos de pago para 1 de abril de 2019<\/strong><\/p>\n<ul>\n<li>Titulares de Pensiones No Contributivas cuyos documentos terminan en 0 y 1.<\/li>\n<\/ul>\n<p><strong>Los calendarios de pagos de todas las prestaciones pueden consultarse en <u><a href=\"http:\/\/www.anses.gob.ar\">www.anses.gob.ar<\/a><\/u>, opci\u00f3n <em>Accesos R\u00e1pidos<\/em>.<\/strong><\/p>\n<p>&nbsp;<\/p>\n<p>&nbsp;<\/p>\n<p>&nbsp;<\/p>\n","protected":false},"excerpt":{"rendered":"<p>EL OBJETIVO.<\/p>\n","protected":false},"author":3,"featured_media":2060,"comment_status":"open","ping_status":"open","sticky":false,"template":"","format":"standard","meta":{"footnotes":"","jetpack_publicize_message":"","jetpack_publicize_feature_enabled":true,"jetpack_social_post_already_shared":false,"jetpack_social_options":{"image_generator_settings":{"template":"highway","default_image_id":0,"font":"","enabled":false},"version":2}},"categories":[81],"tags":[281],"class_list":["post-2059","post","type-post","status-publish","format-standard","has-post-thumbnail","hentry","category-anses","tag-anses-1-4-19"],"jetpack_publicize_connections":[],"jetpack_featured_media_url":"https:\/\/revistaepocadigital.com.ar\/wp-content\/uploads\/2019\/04\/ANSES1-1.jpg","jetpack_likes_enabled":true,"_links":{"self":[{"href":"https:\/\/revistaepocadigital.com.ar\/index.php?rest_route=\/wp\/v2\/posts\/2059","targetHints":{"allow":["GET"]}}],"collection":[{"href":"https:\/\/revistaepocadigital.com.ar\/index.php?rest_route=\/wp\/v2\/posts"}],"about":[{"href":"https:\/\/revistaepocadigital.com.ar\/index.php?rest_route=\/wp\/v2\/types\/post"}],"author":[{"embeddable":true,"href":"https:\/\/revistaepocadigital.com.ar\/index.php?rest_route=\/wp\/v2\/users\/3"}],"replies":[{"embeddable":true,"href":"https:\/\/revistaepocadigital.com.ar\/index.php?rest_route=%2Fwp%2Fv2%2Fcomments&post=2059"}],"version-history":[{"count":0,"href":"https:\/\/revistaepocadigital.com.ar\/index.php?rest_route=\/wp\/v2\/posts\/2059\/revisions"}],"wp:featuredmedia":[{"embeddable":true,"href":"https:\/\/revistaepocadigital.com.ar\/index.php?rest_route=\/wp\/v2\/media\/2060"}],"wp:attachment":[{"href":"https:\/\/revistaepocadigital.com.ar\/index.php?rest_route=%2Fwp%2Fv2%2Fmedia&parent=2059"}],"wp:term":[{"taxonomy":"category","embeddable":true,"href":"https:\/\/revistaepocadigital.com.ar\/index.php?rest_route=%2Fwp%2Fv2%2Fcategories&post=2059"},{"taxonomy":"post_tag","embeddable":true,"href":"https:\/\/revistaepocadigital.com.ar\/index.php?rest_route=%2Fwp%2Fv2%2Ftags&post=2059"}],"curies":[{"name":"wp","href":"https:\/\/api.w.org\/{rel}","templated":true}]}}