{"id":20600,"date":"2023-04-23T01:10:47","date_gmt":"2023-04-23T04:10:47","guid":{"rendered":"https:\/\/revistaepocadigital.com.ar\/?p=20600"},"modified":"2023-04-23T01:10:47","modified_gmt":"2023-04-23T04:10:47","slug":"la-entrega-de-39-escrituras","status":"publish","type":"post","link":"https:\/\/revistaepocadigital.com.ar\/?p=20600","title":{"rendered":"La entrega de 39 escrituras"},"content":{"rendered":"<div><strong>EL ACTO EN CAPILLA DEL SE\u00d1OR.<\/strong><\/div>\n<p><!--more--><\/p>\n<div><\/div>\n<div>A familias exaltacrucenses, sum\u00e1ndose a las 300 otorgadas &#8220;durante esta gesti\u00f3n&#8221;, han mencionado desde el municipio.\u00a0<em>&#8220;El acto tuvo una carga de emoci\u00f3n muy grande, porque tuvo que ver con un papel que parece muy sencillo, pero es lo que realmente a nuestras vecinas y vecinos les da el derecho de propiedad de ese lugar donde se desarrollan su vida y forma su familia&#8221;,<\/em> sostuvo el intendente Nanni quien por otro lado, agradeci\u00f3 &#8220;la presencia de Carlos Bianco, jefe de Asesores de la Provincia de Buenos Aires, por acercarse a Exaltaci\u00f3n de la Cruz, representando a un gobierno Provincial que entiende la importancia de estas acciones&#8221;.<\/div>\n<div><\/div>\n<div>Bianco, el mismo jefe de Asesores quien en ocasi\u00f3n de la inauguraci\u00f3n del <strong>Centro Universitario en Capilla del Se\u00f1or,<\/strong> mostr\u00f3 su desacuerdo y se ofusc\u00f3 con EPOCA cuando fue consultado sobre la angustiante inseguridad padecida a diario en tantos puntos de la Argentina, en especial en el Gran Buenos Aires, El funcionario kirchnerista asegur\u00f3 con un tono arrogante que nunca un gobierno provincial como el encabezado por Axel Kicillof,<em> &#8220;hizo tanto por la seguridad<\/em>&#8220;, mencionando los materiales entregados a la polic\u00eda bonaerense, en desmedro para variar, del &#8220;<em>desastre que dej\u00f3 (<\/em>Mar\u00eda Eugenia) <em>Vidal cuando gobern\u00f3 la provincia&#8221;<\/em>, y negando a su vez que exista una inseguridad generalizada, para eso mencion\u00e1ndose \u00edndices que la realidad misma contradice.<\/div>\n<div><\/div>\n","protected":false},"excerpt":{"rendered":"<p>EL ACTO EN CAPILLA DEL SE\u00d1OR.<\/p>\n","protected":false},"author":4,"featured_media":20601,"comment_status":"open","ping_status":"open","sticky":false,"template":"","format":"standard","meta":{"footnotes":"","jetpack_publicize_message":"","jetpack_publicize_feature_enabled":true,"jetpack_social_post_already_shared":true,"jetpack_social_options":{"image_generator_settings":{"template":"highway","default_image_id":0,"font":"","enabled":false},"version":2}},"categories":[17],"tags":[2286,2285,66],"class_list":["post-20600","post","type-post","status-publish","format-standard","has-post-thumbnail","hentry","category-politica","tag-bianco","tag-entrega-escrituras","tag-nanni"],"jetpack_publicize_connections":[],"jetpack_featured_media_url":"https:\/\/revistaepocadigital.com.ar\/wp-content\/uploads\/2023\/04\/NANNI-JEFE-GABINE.jpg","jetpack_likes_enabled":true,"_links":{"self":[{"href":"https:\/\/revistaepocadigital.com.ar\/index.php?rest_route=\/wp\/v2\/posts\/20600","targetHints":{"allow":["GET"]}}],"collection":[{"href":"https:\/\/revistaepocadigital.com.ar\/index.php?rest_route=\/wp\/v2\/posts"}],"about":[{"href":"https:\/\/revistaepocadigital.com.ar\/index.php?rest_route=\/wp\/v2\/types\/post"}],"author":[{"embeddable":true,"href":"https:\/\/revistaepocadigital.com.ar\/index.php?rest_route=\/wp\/v2\/users\/4"}],"replies":[{"embeddable":true,"href":"https:\/\/revistaepocadigital.com.ar\/index.php?rest_route=%2Fwp%2Fv2%2Fcomments&post=20600"}],"version-history":[{"count":0,"href":"https:\/\/revistaepocadigital.com.ar\/index.php?rest_route=\/wp\/v2\/posts\/20600\/revisions"}],"wp:featuredmedia":[{"embeddable":true,"href":"https:\/\/revistaepocadigital.com.ar\/index.php?rest_route=\/wp\/v2\/media\/20601"}],"wp:attachment":[{"href":"https:\/\/revistaepocadigital.com.ar\/index.php?rest_route=%2Fwp%2Fv2%2Fmedia&parent=20600"}],"wp:term":[{"taxonomy":"category","embeddable":true,"href":"https:\/\/revistaepocadigital.com.ar\/index.php?rest_route=%2Fwp%2Fv2%2Fcategories&post=20600"},{"taxonomy":"post_tag","embeddable":true,"href":"https:\/\/revistaepocadigital.com.ar\/index.php?rest_route=%2Fwp%2Fv2%2Ftags&post=20600"}],"curies":[{"name":"wp","href":"https:\/\/api.w.org\/{rel}","templated":true}]}}