{"id":20604,"date":"2023-04-23T02:07:56","date_gmt":"2023-04-23T05:07:56","guid":{"rendered":"https:\/\/revistaepocadigital.com.ar\/?p=20604"},"modified":"2023-04-23T02:07:56","modified_gmt":"2023-04-23T05:07:56","slug":"en-la-clase-a-de-tc-regional-destacado-papel-de-pocho-cuidet","status":"publish","type":"post","link":"https:\/\/revistaepocadigital.com.ar\/?p=20604","title":{"rendered":"En la Clase A de TC Regional, destacado papel de Pocho Cuidet"},"content":{"rendered":"<p><strong>EN EL ROBERTO MOURAS DE LA PLATA, COMENZ\u00d3 LA TEMPORADA 2023 CON SUS DISTINTAS CLASES EL TC REGIONAL, QUE ESTE A\u00d1O CUMPLE 40 A\u00d1OS DE EXISTENCIA.<\/strong><!--more--><\/p>\n<p><strong>Pocho Cuidet<\/strong> se convirti\u00f3 al menos por el momento, en el \u00fanico representante capillense en la Clase A, ante la partida hacia el TC Bonaerense de Valerio Diamante, as\u00ed como Felipe Valdez.<\/p>\n<p>Lautaro Miranda se qued\u00f3 con la victoria en la primera fecha de la Clase A en La Plata, &#8220;Gran Premio Sofarm&#8221;. El piloto de Moron aprovech\u00f3 el abandono tempranero del campe\u00f3n Juany Pierce, y lider\u00f3 con holgura durante las 12 vueltas de la final. Cuidet luego de marchar segundo, arrib\u00f3 cuarto debido a que se solt\u00f3 un cable de buj\u00eda del motor Chevrolet de su auto.<\/p>\n<figure id=\"attachment_20607\" aria-describedby=\"caption-attachment-20607\" style=\"width: 696px\" class=\"wp-caption aligncenter\"><img loading=\"lazy\" decoding=\"async\" class=\"size-large wp-image-20607\" src=\"https:\/\/revistaepocadigital.com.ar\/wp-content\/uploads\/2023\/04\/pocho1-1200x675.jpg\" alt=\"\" width=\"696\" height=\"392\" srcset=\"https:\/\/revistaepocadigital.com.ar\/wp-content\/uploads\/2023\/04\/pocho1-1200x675.jpg 1200w, https:\/\/revistaepocadigital.com.ar\/wp-content\/uploads\/2023\/04\/pocho1-300x169.jpg 300w, https:\/\/revistaepocadigital.com.ar\/wp-content\/uploads\/2023\/04\/pocho1-768x432.jpg 768w, https:\/\/revistaepocadigital.com.ar\/wp-content\/uploads\/2023\/04\/pocho1-1536x864.jpg 1536w, https:\/\/revistaepocadigital.com.ar\/wp-content\/uploads\/2023\/04\/pocho1-696x392.jpg 696w, https:\/\/revistaepocadigital.com.ar\/wp-content\/uploads\/2023\/04\/pocho1-1068x601.jpg 1068w, https:\/\/revistaepocadigital.com.ar\/wp-content\/uploads\/2023\/04\/pocho1-747x420.jpg 747w, https:\/\/revistaepocadigital.com.ar\/wp-content\/uploads\/2023\/04\/pocho1-1493x840.jpg 1493w, https:\/\/revistaepocadigital.com.ar\/wp-content\/uploads\/2023\/04\/pocho1.jpg 1600w\" sizes=\"auto, (max-width: 696px) 100vw, 696px\" \/><figcaption id=\"caption-attachment-20607\" class=\"wp-caption-text\">El auto de Cuidet<\/figcaption><\/figure>\n<div class=\"mceTemp\"><\/div>\n<p>Cuidet, conocido y experimentado piloto de Capilla del Se\u00f1or, cuenta este a\u00f1o con motor elaborado por el reconocido y exitoso preparador zarate\u00f1o Juanjo T\u00e1rtara, mientras que el chasis est\u00e1 a cargo de Nacho T\u00e1rtara, hijo del diversificado motorista. <em>&#8220;El a\u00f1o se presenta dif\u00edcil por la situaci\u00f3n del pa\u00eds que todos conocemos, de todas maneras con la gente que me acompa\u00f1a, estamos dispuestos a seguir dando batalla. Por eso agradezco mucho a los que me apoyan como Ultralimp, Casa De Feo, Pinturer\u00eda Arco Iris, Nicol\u00e1s Chehin Seguros. Tambi\u00e9n a la Municipalidad de Exaltaci\u00f3n de la Cruz; Indepal; SUTPA, el sindicato del Peaje Larena; Servicio Juan Lucio S.A, entre otros&#8221;<\/em><\/p>\n<p><em>&#8220;Empec\u00e9 bien con pista h\u00fameda en los entrenamientos, despu\u00e9s en la clasificaci\u00f3n hice el 2\u00b0 tiempo y en la serie llegu\u00e9 3\u00b0 complicado por un problema en la caja de cambios. Para la final, la cambiamos y me acomod\u00e9 2\u00b0 y firme hasta que se solt\u00f3 un cable de buj\u00eda y tambi\u00e9n empezaron a saltar de nuevo los cambios y qued\u00e9 4\u00b0, un resultado bueno que me permiti\u00f3 sumar puntos gordos en una carrera que dio puntaje y medio, y muy confome adem\u00e1s por el rendimiento del auto&#8221;<\/em>, coment\u00f3 Cuidet a EPOCA.<\/p>\n<p>Fue muy bueno el espect\u00e1culo brindado en la pelea en pista entre Ulises Martellini, Rodrigo Escudero junto a Pocho Cuidet, hasta que el motor del capillense comenz\u00f3 a fallar. En la Copa Senior la victoria fue para el retornado Claudio Caro, escoltado por Alberto Somoza y Octavio Cutillo. La pr\u00f3xima fecha de TC Regional, tambi\u00e9n en el Mouras, 21 y 22 de mayo.<\/p>\n","protected":false},"excerpt":{"rendered":"<p>EN EL ROBERTO MOURAS DE LA PLATA, COMENZ\u00d3 LA TEMPORADA 2023 CON SUS DISTINTAS CLASES EL TC REGIONAL, QUE ESTE A\u00d1O CUMPLE 40 A\u00d1OS DE EXISTENCIA.<\/p>\n","protected":false},"author":4,"featured_media":20606,"comment_status":"open","ping_status":"open","sticky":false,"template":"","format":"standard","meta":{"footnotes":"","jetpack_publicize_message":"","jetpack_publicize_feature_enabled":true,"jetpack_social_post_already_shared":true,"jetpack_social_options":{"image_generator_settings":{"template":"highway","default_image_id":0,"font":"","enabled":false},"version":2}},"categories":[9],"tags":[32,334],"class_list":["post-20604","post","type-post","status-publish","format-standard","has-post-thumbnail","hentry","category-deportes","tag-cuidet","tag-tc-regional"],"jetpack_publicize_connections":[],"jetpack_featured_media_url":"https:\/\/revistaepocadigital.com.ar\/wp-content\/uploads\/2023\/04\/pocho-1-23.jpg","jetpack_likes_enabled":true,"_links":{"self":[{"href":"https:\/\/revistaepocadigital.com.ar\/index.php?rest_route=\/wp\/v2\/posts\/20604","targetHints":{"allow":["GET"]}}],"collection":[{"href":"https:\/\/revistaepocadigital.com.ar\/index.php?rest_route=\/wp\/v2\/posts"}],"about":[{"href":"https:\/\/revistaepocadigital.com.ar\/index.php?rest_route=\/wp\/v2\/types\/post"}],"author":[{"embeddable":true,"href":"https:\/\/revistaepocadigital.com.ar\/index.php?rest_route=\/wp\/v2\/users\/4"}],"replies":[{"embeddable":true,"href":"https:\/\/revistaepocadigital.com.ar\/index.php?rest_route=%2Fwp%2Fv2%2Fcomments&post=20604"}],"version-history":[{"count":0,"href":"https:\/\/revistaepocadigital.com.ar\/index.php?rest_route=\/wp\/v2\/posts\/20604\/revisions"}],"wp:featuredmedia":[{"embeddable":true,"href":"https:\/\/revistaepocadigital.com.ar\/index.php?rest_route=\/wp\/v2\/media\/20606"}],"wp:attachment":[{"href":"https:\/\/revistaepocadigital.com.ar\/index.php?rest_route=%2Fwp%2Fv2%2Fmedia&parent=20604"}],"wp:term":[{"taxonomy":"category","embeddable":true,"href":"https:\/\/revistaepocadigital.com.ar\/index.php?rest_route=%2Fwp%2Fv2%2Fcategories&post=20604"},{"taxonomy":"post_tag","embeddable":true,"href":"https:\/\/revistaepocadigital.com.ar\/index.php?rest_route=%2Fwp%2Fv2%2Ftags&post=20604"}],"curies":[{"name":"wp","href":"https:\/\/api.w.org\/{rel}","templated":true}]}}