{"id":20609,"date":"2023-04-23T02:44:02","date_gmt":"2023-04-23T05:44:02","guid":{"rendered":"https:\/\/revistaepocadigital.com.ar\/?p=20609"},"modified":"2023-04-23T02:44:57","modified_gmt":"2023-04-23T05:44:57","slug":"alberto-fernandez-no-massa-scioli-de-pedro-o-cristina-el-dilema-del-kirchnerismo","status":"publish","type":"post","link":"https:\/\/revistaepocadigital.com.ar\/?p=20609","title":{"rendered":"Alberto Fern\u00e1ndez no. Massa, Scioli, De Pedro o&#8230;Cristina?. El dilema del kirchnerismo"},"content":{"rendered":"<h4 id=\"content-title\" class=\"title\"><strong>ELECCIONES 2023.<\/strong><\/h4>\n<p><!--more--><\/p>\n<h5 class=\"description\">El Presidente anunci\u00f3 su decisi\u00f3n de no presentarse a la reelecci\u00f3n para presidente, y las dudas y especulaciones aumentaron ante el nuevo mapa electoral. Fuente diario el Cronista Comercial.<\/h5>\n<div class=\"block-content\">\n<div id=\"interior-zleft\" class=\"zleft\">\n<div class=\"separator\">El presidente <b>Alberto Fern\u00e1ndez<\/b> anunci\u00f3 (21-4) que <b>no se volver\u00e1 a presentar como candidato a presidente en las\u00a0<a href=\"https:\/\/www.cronista.com\/tools\/redirect.php?t=3&amp;i=803200&amp;s=a9cf04db97a86aa47ea4a3f591714869\" target=\"_blank\" rel=\"noopener\">Elecciones 2023<\/a><\/b> en busca de un nuevo mandato, lo inform\u00f3 a trav\u00e9s de sus redes sociales.<\/div>\n<\/div>\n<\/div>\n<div class=\"block-content\">\n<div id=\"interior-zleft\" class=\"zleft\">\n<div id=\"vsmcontent\" class=\"content vsmcontent\">\n<p><b>En un video de poco menos de ocho minutos<\/b>, Fern\u00e1ndez repas\u00f3 su trabajo al frente de la Argentina durante su presidencia y revel\u00f3 que no se presentar\u00e1 como precandidato a la reelecci\u00f3n: &#8220;<b>Entregar\u00e9 la banda presidencial a quien haya sido elegido leg\u00edtimamente en las urnas<\/b>, por el voto popular&#8221;.<\/p>\n<aside class=\"piece interiornews\">\n<section class=\"piece interiornews l30 news padding bglight\">\n<article class=\"item news sa\">\n<div class=\"mts\">\n<div class=\"media\">\u00a0En la v\u00edspera de la<a href=\"https:\/\/www.cronista.com\/tools\/redirect.php?t=3&amp;i=803819&amp;s=7e13d44520e49f612a5b506c3d052cd6\" target=\"_blank\" rel=\"noopener\">\u00a0primera reuni\u00f3n del Partido Justicialista (PJ) para definir el armado electoral<\/a> del oficialismo,el presidente adelant\u00f3 la definici\u00f3n que <b>La C\u00e1mpora le ven\u00eda exigiendo<\/b>. Ahora, Fern\u00e1ndez busca presentarse como\u00a0<b>el armador de la estrategia electoral del Frente de Todos<\/b>\u00a0desde su posici\u00f3n como titular del PJ Nacional. As\u00ed lo evidenci\u00f3 en el video publicado en redes: &#8220;Como presidente del Partido Justicialista,\u00a0<b>voy a garantizar que todos y todas los que se sientan capacitados para encarar este desaf\u00edo puedan hacerlo<\/b>&#8220;.<\/div>\n<\/div>\n<\/article>\n<\/section>\n<\/aside>\n<p>&#8220;Desde que comenc\u00e9 a administrar pol\u00edticamente desde los a\u00f1os &#8217;70, nunca antepuse una misi\u00f3n personal a la necesidad del conjunto. Como militante peronista, siempre supe que primero estaba la patria, despu\u00e9s el movimiento y por \u00faltimo los hombres, es por eso que\u00a0<b>voy a cumplir con esta escala de prioridades<\/b>&#8220;, adelant\u00f3 Fern\u00e1ndez al respecto.<\/p>\n<p>&#8220;El contexto econ\u00f3mico me obliga a dedicar todos mis esfuerzos a atender los dif\u00edciles momentos que atraviesa la Argentina&#8221;, sum\u00f3. Y reforz\u00f3 su pedido de que el Frente de Todos defina su candidato en elecciones primarias: &#8220;<b>Creo que las PASO son el veh\u00edculo\u00a0<\/b>para que la sociedad seleccione los mejores hombres y mujeres de nuestro frente que mejor nos representen en las pr\u00f3ximas elecciones generales&#8221;.<\/p>\n<p>Aunque desde el entorno de Fern\u00e1ndez sosten\u00edan que su presentaci\u00f3n por la reelecci\u00f3n era viable, las encuestas mostraban al actual Presidente con\u00a0<b>niveles muy bajos de competitividad y desde La C\u00e1mpora presionaban por su paso al costado.\u00a0<\/b><\/p>\n<p>Mientras tanto, pese a que anunci\u00f3 el a\u00f1o pasado que no se presentar\u00e1 este 2023,\u00a0<b>el kirchnerismo alimenta el &#8220;operativo clamor&#8221; por una nueva candidatura de Cristina<\/b>, la dirigente que mejor mide dentro del oficialismo gracias a su n\u00facleo duro de votantes. Ahora, la reuni\u00f3n de este viernes deber\u00eda comenzar a organizar las fichas oficialistas.<\/p>\n<p>En el video, el presidente record\u00f3 su paso como\u00a0<b>jefe de Gabinete de N\u00e9stor Kirchner<\/b>, critic\u00f3 el gobierno del expresidente Mauricio Macri y realiz\u00f3 un repaso por su gesti\u00f3n que termina el pr\u00f3ximo 10 de diciembre en el video publicado en redes sociales con su voz en off.<\/p>\n<p class=\"moreinfo\"><strong><em><a class=\"link-type-content content-type-news\" href=\"https:\/\/www.cronista.com\/tools\/redirect.php?t=3&amp;i=804463&amp;s=63a22d818aaef73e93f11511459fdfc4\" target=\"_blank\" rel=\"noopener\">&#8220;Ahora la pelota la tiene cristina&#8221;: reacciones de la pol\u00edtica a la decisi\u00f3n de Alberto<\/a><\/em><\/strong><\/p>\n<p>Fern\u00e1ndez<b>\u00a0culp\u00f3 a la pandemia, la guerra y la sequ\u00eda<\/b>\u00a0por el dif\u00edcil panorama macroecon\u00f3mico actual de la Argentina e indic\u00f3 que &#8220;el contexto econ\u00f3mico&#8221; lo obliga a\u00a0<b>dedicar todos sus esfuerzos a dar respuesta a &#8220;los problemas de la Argentina&#8221;.<\/b><\/p>\n<p>&#8220;La responsabilidad y el compromiso me llevan hoy a estar convencido, sin espacio para ninguna duda, que tengo que concentrar mi esfuerzo, mi compromiso y mi coraz\u00f3n en<b>\u00a0resolver los problemas de los argentinos<\/b>&#8220;, indic\u00f3 en este sentido.<\/p>\n<p>Tras asumir algunas falencias de su gesti\u00f3n &#8211;<b>&#8220;Est\u00e1 claro que no logramos todo lo que nos propusimos&#8221;<\/b>-, el Presidente llam\u00f3 a encarar un\u00a0<b>&#8220;nuevo ciclo virtuoso&#8221;<\/b>\u00a0y calific\u00f3 al Frente de Todos como &#8220;el espacio que garantiza que no volver\u00e1 la derecha&#8221; que trae &#8220;su pesadilla y su oscuridad&#8221;.<\/p>\n<p>&#8220;El pr\u00f3ximo 10 de diciembre es el d\u00eda exacto en que cumplamos 40 a\u00f1os de democracia. Ese d\u00eda,\u00a0<b>entregar\u00e9 la banda presidencia a quien haya sido elegido leg\u00edtimamente en las urnas por el voto popular<\/b>&#8220;, dijo al cierre del video para evidenciar su decisi\u00f3n.<\/p>\n<p>Y cerr\u00f3: &#8220;Trabajar\u00e9 fervientemente para que sea<b>\u00a0un compa\u00f1ero o una compa\u00f1era de nuestro espacio pol\u00edtico<\/b>\u00a0y represente a quienes seguimos y seguiremos luchando por una patria justa, con equidad y felicidad para todos y todas&#8221;.<\/p>\n<p tabindex=\"-1\" data-t=\"{&quot;n&quot;:&quot;blueLinks&quot;}\" aria-expanded=\"true\">En un mensaje evidente a Cristina Fernandez de Kirchner, su vicepresidenta, quien lo eligi\u00f3 como candidato a presidente en una decisi\u00f3n personal, sostuvo el presidente<i>: &#8220;i<\/i><i> D\u00e9mosle la lapicera a cada militante. El peronismo tiene la fuerza, la militancia y los cuadros para lograr la victoria. Esa victoria depende de nosotros. En este a\u00f1o, cumplimos 40 a\u00f1os de democracia. Este logro nos llena de orgullo y hace a\u00fan m\u00e1s evidente nuestras deudas con una parte importante de nuestro pueblo&#8221;.<\/i><\/p>\n<p tabindex=\"-1\" data-t=\"{&quot;n&quot;:&quot;blueLinks&quot;}\" aria-expanded=\"true\"><i><b>&#8220;El pr\u00f3ximo 10 de diciembre es el d\u00eda exacto en que cumplamos 40 a\u00f1os de democracia. Ese d\u00eda, entregar\u00e9 la banda presidencia a quien haya sido elegido leg\u00edtimamente <\/b>en las urnas por el voto popular&#8221;, remarc\u00f3 el presidente.<\/i><\/p>\n<p tabindex=\"-1\" data-t=\"{&quot;n&quot;:&quot;blueLinks&quot;}\" aria-expanded=\"true\">A poco de conocerse la decisi\u00f3n de Alberto Fern\u00e1ndez, <strong>se acentu\u00f3 la carrera de candidatos<\/strong>. Aflor\u00f3 nuevamente Daniel Scioli para reiterar su postulaci\u00f3n como candidato a presidente; sin decirlo se anota Sergio Massa (enfrentado con Scioli), el kirchnerismo ve con buenos ojos a Wado de Pedro, otro ministro como Agust\u00edn Rossi tambi\u00e9n se anota. A mediados de mayo habr\u00e1 una decisi\u00f3n, hasta ese momento, la <em>guerra interna en el Frente de Todos y en el gobierno,<\/em> no bajar\u00e1 los decibeles.\u00bfY si se anota Cristina?<\/p>\n<\/div>\n<\/div>\n<\/div>\n","protected":false},"excerpt":{"rendered":"<p>ELECCIONES 2023.<\/p>\n","protected":false},"author":3,"featured_media":20610,"comment_status":"open","ping_status":"open","sticky":false,"template":"","format":"standard","meta":{"footnotes":"","jetpack_publicize_message":"","jetpack_publicize_feature_enabled":true,"jetpack_social_post_already_shared":true,"jetpack_social_options":{"image_generator_settings":{"template":"highway","default_image_id":0,"font":"","enabled":false},"version":2}},"categories":[17],"tags":[1268,2287],"class_list":["post-20609","post","type-post","status-publish","format-standard","has-post-thumbnail","hentry","category-politica","tag-fernandez","tag-renuncia-a-candidatura"],"jetpack_publicize_connections":[],"jetpack_featured_media_url":"https:\/\/revistaepocadigital.com.ar\/wp-content\/uploads\/2023\/04\/63dfaa90bf9d9_700_387.webp","jetpack_likes_enabled":true,"_links":{"self":[{"href":"https:\/\/revistaepocadigital.com.ar\/index.php?rest_route=\/wp\/v2\/posts\/20609","targetHints":{"allow":["GET"]}}],"collection":[{"href":"https:\/\/revistaepocadigital.com.ar\/index.php?rest_route=\/wp\/v2\/posts"}],"about":[{"href":"https:\/\/revistaepocadigital.com.ar\/index.php?rest_route=\/wp\/v2\/types\/post"}],"author":[{"embeddable":true,"href":"https:\/\/revistaepocadigital.com.ar\/index.php?rest_route=\/wp\/v2\/users\/3"}],"replies":[{"embeddable":true,"href":"https:\/\/revistaepocadigital.com.ar\/index.php?rest_route=%2Fwp%2Fv2%2Fcomments&post=20609"}],"version-history":[{"count":0,"href":"https:\/\/revistaepocadigital.com.ar\/index.php?rest_route=\/wp\/v2\/posts\/20609\/revisions"}],"wp:featuredmedia":[{"embeddable":true,"href":"https:\/\/revistaepocadigital.com.ar\/index.php?rest_route=\/wp\/v2\/media\/20610"}],"wp:attachment":[{"href":"https:\/\/revistaepocadigital.com.ar\/index.php?rest_route=%2Fwp%2Fv2%2Fmedia&parent=20609"}],"wp:term":[{"taxonomy":"category","embeddable":true,"href":"https:\/\/revistaepocadigital.com.ar\/index.php?rest_route=%2Fwp%2Fv2%2Fcategories&post=20609"},{"taxonomy":"post_tag","embeddable":true,"href":"https:\/\/revistaepocadigital.com.ar\/index.php?rest_route=%2Fwp%2Fv2%2Ftags&post=20609"}],"curies":[{"name":"wp","href":"https:\/\/api.w.org\/{rel}","templated":true}]}}