{"id":2062,"date":"2019-04-02T15:32:30","date_gmt":"2019-04-02T18:32:30","guid":{"rendered":"https:\/\/revistaepocadigital.com.ar\/?p=2062"},"modified":"2019-04-04T15:35:14","modified_gmt":"2019-04-04T18:35:14","slug":"primera-capacitacion-previsional-para-la-comunidad-francesa","status":"publish","type":"post","link":"https:\/\/revistaepocadigital.com.ar\/?p=2062","title":{"rendered":"Primera capacitaci\u00f3n previsional para la comunidad francesa"},"content":{"rendered":"<p><strong>EN EL MARCO.<br \/>\n<\/strong><br \/>\n<!--more--><\/p>\n<p>Del Convenio Bilateral de Seguridad Social vigente entre Argentina y Francia, ANSES brind\u00f3 en su sede central el primer taller destinado a la comunidad de ese pa\u00eds europeo cuyo objetivo fue difundir la existencia e importancia del acuerdo entre ambos pa\u00edses, vigente desde el a\u00f1o 2012, y sus caracter\u00edsticas.<\/p>\n<p>Durante el encuentro, funcionarios de la ANSES, explicaron a los asistentes cu\u00e1les son los tr\u00e1mites previsionales que pueden gestionarse entre ambos pa\u00edses (jubilaciones, pensiones, retiros por invalidez), c\u00f3mo y d\u00f3nde gestionarlos (Unidad de Convenios Internacionales de ANSES) y la importancia de tener los aportes registrados. Asimismo, se expusieron detalles sobre el convenio bilateral de la Seguridad Social vigente.<\/p>\n<p>Entre los participantes estuvo presente el C\u00f3nsul General de Francia, <strong>Julien Bouchard<\/strong>, y el Consejero de Asuntos Sociales de la embajada francesa en Buenos Aires, <strong>Vincent Billerey<\/strong>. Asimismo, por parte de ANSES, el Director General de Relaciones Institucionales y con la Comunidad de ANSES, <strong>Patricio Piffano<\/strong>, entre otras autoridades.<\/p>\n<p><strong>No existen grupos de pago para 2 de abril, por ser feriado nacional, al conmemorarse el d\u00eda del veterano y de los ca\u00eddos en la guerra de Malvinas.<\/strong><\/p>\n<p><strong>Los calendarios de pagos de todas las prestaciones pueden consultarse en <u><a href=\"http:\/\/www.anses.gob.ar\">www.anses.gob.ar<\/a><\/u>, opci\u00f3n <em>Accesos R\u00e1pidos<\/em>.<\/strong><\/p>\n<p>&nbsp;<\/p>\n<p>&nbsp;<\/p>\n<p>&nbsp;<\/p>\n","protected":false},"excerpt":{"rendered":"<p>EN EL MARCO.<\/p>\n","protected":false},"author":3,"featured_media":1879,"comment_status":"open","ping_status":"open","sticky":false,"template":"","format":"standard","meta":{"footnotes":"","jetpack_publicize_message":"","jetpack_publicize_feature_enabled":true,"jetpack_social_post_already_shared":false,"jetpack_social_options":{"image_generator_settings":{"template":"highway","default_image_id":0,"font":"","enabled":false},"version":2}},"categories":[81],"tags":[282],"class_list":["post-2062","post","type-post","status-publish","format-standard","has-post-thumbnail","hentry","category-anses","tag-anses-2-4-19"],"jetpack_publicize_connections":[],"jetpack_featured_media_url":"https:\/\/revistaepocadigital.com.ar\/wp-content\/uploads\/2019\/03\/logo-anses-720x5761-1.png","jetpack_likes_enabled":true,"_links":{"self":[{"href":"https:\/\/revistaepocadigital.com.ar\/index.php?rest_route=\/wp\/v2\/posts\/2062","targetHints":{"allow":["GET"]}}],"collection":[{"href":"https:\/\/revistaepocadigital.com.ar\/index.php?rest_route=\/wp\/v2\/posts"}],"about":[{"href":"https:\/\/revistaepocadigital.com.ar\/index.php?rest_route=\/wp\/v2\/types\/post"}],"author":[{"embeddable":true,"href":"https:\/\/revistaepocadigital.com.ar\/index.php?rest_route=\/wp\/v2\/users\/3"}],"replies":[{"embeddable":true,"href":"https:\/\/revistaepocadigital.com.ar\/index.php?rest_route=%2Fwp%2Fv2%2Fcomments&post=2062"}],"version-history":[{"count":0,"href":"https:\/\/revistaepocadigital.com.ar\/index.php?rest_route=\/wp\/v2\/posts\/2062\/revisions"}],"wp:featuredmedia":[{"embeddable":true,"href":"https:\/\/revistaepocadigital.com.ar\/index.php?rest_route=\/wp\/v2\/media\/1879"}],"wp:attachment":[{"href":"https:\/\/revistaepocadigital.com.ar\/index.php?rest_route=%2Fwp%2Fv2%2Fmedia&parent=2062"}],"wp:term":[{"taxonomy":"category","embeddable":true,"href":"https:\/\/revistaepocadigital.com.ar\/index.php?rest_route=%2Fwp%2Fv2%2Fcategories&post=2062"},{"taxonomy":"post_tag","embeddable":true,"href":"https:\/\/revistaepocadigital.com.ar\/index.php?rest_route=%2Fwp%2Fv2%2Ftags&post=2062"}],"curies":[{"name":"wp","href":"https:\/\/api.w.org\/{rel}","templated":true}]}}