{"id":20625,"date":"2023-04-25T00:06:26","date_gmt":"2023-04-25T03:06:26","guid":{"rendered":"https:\/\/revistaepocadigital.com.ar\/?p=20625"},"modified":"2023-04-25T00:10:08","modified_gmt":"2023-04-25T03:10:08","slug":"relanzamiento-del-programa-hogar-2023","status":"publish","type":"post","link":"https:\/\/revistaepocadigital.com.ar\/?p=20625","title":{"rendered":"RELANZAMIENTO DEL PROGRAMA HOGAR 2023"},"content":{"rendered":"<p class=\"yiv8808067508LO-normal\" style=\"text-align: left;\" align=\"center\"><b>SUBSIDIAR\u00c1 EL 80% DE LA GARRAFA DE GAS A LOS HOGARES CON MENORES INGRESOS.<\/b><!--more--><\/p>\n<p class=\"yiv8808067508LO-normal\" style=\"text-align: left;\" align=\"center\">El ministro de Econom\u00eda de la Naci\u00f3n,\u00a0<b>Sergio Massa<\/b>, y la titular de la ANSES,\u00a0<b>Fernanda Raverta<\/b>, anunciaron el relanzamiento del Programa Hogar, de la Secretar\u00eda de Energ\u00eda de la Naci\u00f3n, que subsidiar\u00e1 el 80% del valor de la garrafa de gas a los hogares de menores ingresos.<\/p>\n<p class=\"yiv8808067508LO-normal\"><b>Las titulares de la Asignaci\u00f3n Universal por Hijo y la Asignaci\u00f3n por Embarazo, as\u00ed como tambi\u00e9n los jubilados y pensionados de hasta un haber m\u00ednimo que percib\u00edan el Programa Hogar no deber\u00e1n volver a inscribirse.<\/b><\/p>\n<p class=\"yiv8808067508LO-normal\"><a rel=\"nofollow noopener noreferrer\" name=\"_1fob9te\"><\/a>Cabe aclarar que las personas que se tengan que inscribir al Programa Hogar por primera vez y vivan en una localidad con cobertura de gas, deber\u00e1n presentar el certificado emitido por la distribuidora de que no cuentan con conexi\u00f3n de gas.<\/p>\n<p class=\"yiv8808067508LO-normal\">Asimismo, si una persona o su conviviente solicit\u00f3 el subsidio por Segmentaci\u00f3n Energ\u00e9tica no podr\u00e1 acceder al subsidio por garrafa del Programa Hogar.<\/p>\n<p class=\"yiv8808067508LO-normal\"><b>\u00bfEn qu\u00e9 consiste el Programa Hogar?<\/b><\/p>\n<p class=\"yiv8808067508LO-normal\">Consiste en un subsidio directo y mensual fijado por la Secretar\u00eda de Energ\u00eda que cubre parte del precio de la garrafa de 10 kg.<\/p>\n<p class=\"yiv8808067508LO-normal\"><b>\u00bfQui\u00e9nes lo pueden solicitar?<\/b><\/p>\n<p class=\"yiv8808067508LO-normal\">Todos los hogares sin conexi\u00f3n a la red de gas natural, cuyos ingresos sean inferiores a:<b><\/b><\/p>\n<p class=\"yiv8808067508LO-normal\">&#8211;\u00a0\u00a0\u00a0\u00a0\u00a0\u00a0Dos Salarios M\u00ednimos, Vitales y M\u00f3viles (SMVM).<b><\/b><\/p>\n<p class=\"yiv8808067508LO-normal\">&#8211;\u00a0\u00a0\u00a0\u00a0\u00a0\u00a0Tres SMVM si alguno de sus integrantes posee Certificado de Discapacidad.<\/p>\n<p class=\"yiv8808067508LO-normal\">&#8211;\u00a0\u00a0\u00a0\u00a0\u00a0\u00a02,8 SMVM si residen en las zonas m\u00e1s fr\u00edas del pa\u00eds.<\/p>\n<p class=\"yiv8808067508LO-normal\">&#8211;\u00a0\u00a0\u00a0\u00a0\u00a0\u00a04,2 SMVM si residen en las zonas m\u00e1s fr\u00edas del pa\u00eds y alguno de sus integrantes posee Certificado de Discapacidad.<\/p>\n<p class=\"yiv8808067508LO-normal\">En el caso de los\u00a0<b>monotributistas<\/b>, de acuerdo con las siguientes categor\u00edas:<\/p>\n<p class=\"yiv8808067508LO-normal\">&#8211;\u00a0\u00a0\u00a0\u00a0\u00a0\u00a0Hogares cuyos ingresos sean hasta Categor\u00eda C (inclusive).<\/p>\n<p class=\"yiv8808067508LO-normal\">&#8211;\u00a0\u00a0\u00a0\u00a0\u00a0\u00a0Hogares con integrante con certificado de discapacidad, cuyos ingresos sean hasta Categor\u00eda D (inclusive).<\/p>\n<p class=\"yiv8808067508LO-normal\">&#8211;\u00a0\u00a0\u00a0\u00a0\u00a0\u00a0<b>En la Patagonia<\/b>, hogares cuyos ingresos sean hasta Categor\u00eda D (inclusive) y hogares con integrante con certificado de discapacidad, cuyos ingresos sean hasta Categor\u00eda E (inclusive).<\/p>\n<p class=\"yiv8808067508LO-normal\"><b>Para todos los casos, es fundamental que los datos personales y del grupo familiar conviviente est\u00e9n actualizados en ANSES<\/b><\/p>\n<p class=\"yiv8808067508LO-normal\"><b>\u00bfC\u00f3mo es la inscripci\u00f3n?<\/b><\/p>\n<p class=\"yiv8808067508LO-normal\">Con la Clave de Seguridad Social a trav\u00e9s de MI ANSES en www.anses.gob.ar o con turno previo en cualquier oficina de la ANSES.<b><\/b><\/p>\n<p class=\"yiv8808067508LO-normal\" align=\"right\">\n","protected":false},"excerpt":{"rendered":"<p>SUBSIDIAR\u00c1 EL 80% DE LA GARRAFA DE GAS A LOS HOGARES CON MENORES INGRESOS.<\/p>\n","protected":false},"author":3,"featured_media":20626,"comment_status":"open","ping_status":"open","sticky":false,"template":"","format":"standard","meta":{"footnotes":"","jetpack_publicize_message":"","jetpack_publicize_feature_enabled":true,"jetpack_social_post_already_shared":true,"jetpack_social_options":{"image_generator_settings":{"template":"highway","default_image_id":0,"font":"","enabled":false},"version":2}},"categories":[13],"tags":[2289],"class_list":["post-20625","post","type-post","status-publish","format-standard","has-post-thumbnail","hentry","category-interes-general","tag-programa-anses-2023"],"jetpack_publicize_connections":[],"jetpack_featured_media_url":"https:\/\/revistaepocadigital.com.ar\/wp-content\/uploads\/2023\/04\/programa-hogar_862x485.webp","jetpack_likes_enabled":true,"_links":{"self":[{"href":"https:\/\/revistaepocadigital.com.ar\/index.php?rest_route=\/wp\/v2\/posts\/20625","targetHints":{"allow":["GET"]}}],"collection":[{"href":"https:\/\/revistaepocadigital.com.ar\/index.php?rest_route=\/wp\/v2\/posts"}],"about":[{"href":"https:\/\/revistaepocadigital.com.ar\/index.php?rest_route=\/wp\/v2\/types\/post"}],"author":[{"embeddable":true,"href":"https:\/\/revistaepocadigital.com.ar\/index.php?rest_route=\/wp\/v2\/users\/3"}],"replies":[{"embeddable":true,"href":"https:\/\/revistaepocadigital.com.ar\/index.php?rest_route=%2Fwp%2Fv2%2Fcomments&post=20625"}],"version-history":[{"count":0,"href":"https:\/\/revistaepocadigital.com.ar\/index.php?rest_route=\/wp\/v2\/posts\/20625\/revisions"}],"wp:featuredmedia":[{"embeddable":true,"href":"https:\/\/revistaepocadigital.com.ar\/index.php?rest_route=\/wp\/v2\/media\/20626"}],"wp:attachment":[{"href":"https:\/\/revistaepocadigital.com.ar\/index.php?rest_route=%2Fwp%2Fv2%2Fmedia&parent=20625"}],"wp:term":[{"taxonomy":"category","embeddable":true,"href":"https:\/\/revistaepocadigital.com.ar\/index.php?rest_route=%2Fwp%2Fv2%2Fcategories&post=20625"},{"taxonomy":"post_tag","embeddable":true,"href":"https:\/\/revistaepocadigital.com.ar\/index.php?rest_route=%2Fwp%2Fv2%2Ftags&post=20625"}],"curies":[{"name":"wp","href":"https:\/\/api.w.org\/{rel}","templated":true}]}}