{"id":20654,"date":"2023-05-02T20:48:10","date_gmt":"2023-05-02T23:48:10","guid":{"rendered":"https:\/\/revistaepocadigital.com.ar\/?p=20654"},"modified":"2023-05-02T20:49:03","modified_gmt":"2023-05-02T23:49:03","slug":"de-garantizar-la-provision-de-leche-en-el-hogar-de-ninos-se-trata","status":"publish","type":"post","link":"https:\/\/revistaepocadigital.com.ar\/?p=20654","title":{"rendered":"DE GARANTIZAR LA PROVISI\u00d3N DE LECHE EN EL HOGAR DE NI\u00d1OS SE TRATA"},"content":{"rendered":"<div><strong>PROYECTO DE ORDENANZA PARA GARANTIZAR.<\/strong><\/div>\n<p><!--more--><\/p>\n<div><\/div>\n<div>El bloque de concejales de Juntos, present\u00f3 un proyecto de ordenanza para garantizar a los ni\u00f1os alojados en el Peque\u00f1o Hogar Exaltaci\u00f3n, la provisi\u00f3n de leche maternizada y medicamentosa.<\/div>\n<div><\/div>\n<div><em>&#8220;La leche a los ni\u00f1os del hogar no le puede faltar bajo ning\u00fan aspectos&#8221;, hicieron saber.<\/em><\/div>\n<div><\/div>\n<div><em>Por otro lado, el Ministerio de Salud de la Naci\u00f3n est\u00e1 obligado a garantizar la provisi\u00f3n de leche maternizada a todo ni\u00f1o de hasta 3 a\u00f1os de edad, que no tenga cobertura de una obra social o una prepaga.<\/em><\/div>\n<div><\/div>\n<div><em>Eso surge de la Ley 27.611, el Decreto 515\/21 y la resoluci\u00f3n del Min de Salud 409\/22, aunque muchos padres no lo saben.<\/em><\/div>\n<div><\/div>\n<div><em>El proyecto autoriza al municipio a firmar los convenios que sean necesarios con el Ministerio de Salud, para lograr el recupero del dinero que gaste en la leche que necesitan los ni\u00f1os del hogar y tambi\u00e9n para facilitar el acceso del resto de los ni\u00f1os (y sus padres) a esta prestaci\u00f3n que muchas veces por burocracia o desconocimiento no se termina aplicando.<\/em><\/div>\n<div><\/div>\n<p><em>Que a ning\u00fan ni\u00f1o le falte la leche que necesita para formarse adecuadamente esa etapa crucial de la vida&#8221;.\u00a0<\/em><\/p>\n<p>&nbsp;<\/p>\n<p>&nbsp;<\/p>\n","protected":false},"excerpt":{"rendered":"<p>PROYECTO DE ORDENANZA PARA GARANTIZAR.<\/p>\n","protected":false},"author":3,"featured_media":20656,"comment_status":"open","ping_status":"open","sticky":false,"template":"","format":"standard","meta":{"footnotes":"","jetpack_publicize_message":"","jetpack_publicize_feature_enabled":true,"jetpack_social_post_already_shared":true,"jetpack_social_options":{"image_generator_settings":{"template":"highway","default_image_id":0,"font":"","enabled":false},"version":2}},"categories":[17],"tags":[2295,267,2294],"class_list":["post-20654","post","type-post","status-publish","format-standard","has-post-thumbnail","hentry","category-politica","tag-leche","tag-pequeno-hogar-exaltacion","tag-proyecto-hcd"],"jetpack_publicize_connections":[],"jetpack_featured_media_url":"https:\/\/revistaepocadigital.com.ar\/wp-content\/uploads\/2023\/05\/peq-hog-exalta-1.jpeg","jetpack_likes_enabled":true,"_links":{"self":[{"href":"https:\/\/revistaepocadigital.com.ar\/index.php?rest_route=\/wp\/v2\/posts\/20654","targetHints":{"allow":["GET"]}}],"collection":[{"href":"https:\/\/revistaepocadigital.com.ar\/index.php?rest_route=\/wp\/v2\/posts"}],"about":[{"href":"https:\/\/revistaepocadigital.com.ar\/index.php?rest_route=\/wp\/v2\/types\/post"}],"author":[{"embeddable":true,"href":"https:\/\/revistaepocadigital.com.ar\/index.php?rest_route=\/wp\/v2\/users\/3"}],"replies":[{"embeddable":true,"href":"https:\/\/revistaepocadigital.com.ar\/index.php?rest_route=%2Fwp%2Fv2%2Fcomments&post=20654"}],"version-history":[{"count":0,"href":"https:\/\/revistaepocadigital.com.ar\/index.php?rest_route=\/wp\/v2\/posts\/20654\/revisions"}],"wp:featuredmedia":[{"embeddable":true,"href":"https:\/\/revistaepocadigital.com.ar\/index.php?rest_route=\/wp\/v2\/media\/20656"}],"wp:attachment":[{"href":"https:\/\/revistaepocadigital.com.ar\/index.php?rest_route=%2Fwp%2Fv2%2Fmedia&parent=20654"}],"wp:term":[{"taxonomy":"category","embeddable":true,"href":"https:\/\/revistaepocadigital.com.ar\/index.php?rest_route=%2Fwp%2Fv2%2Fcategories&post=20654"},{"taxonomy":"post_tag","embeddable":true,"href":"https:\/\/revistaepocadigital.com.ar\/index.php?rest_route=%2Fwp%2Fv2%2Ftags&post=20654"}],"curies":[{"name":"wp","href":"https:\/\/api.w.org\/{rel}","templated":true}]}}