{"id":20688,"date":"2023-05-06T20:55:43","date_gmt":"2023-05-06T23:55:43","guid":{"rendered":"https:\/\/revistaepocadigital.com.ar\/?p=20688"},"modified":"2023-05-06T20:55:43","modified_gmt":"2023-05-06T23:55:43","slug":"la-inseguridad-volvio-a-marcar-las-diferencias-en-el-concejo-deliberante","status":"publish","type":"post","link":"https:\/\/revistaepocadigital.com.ar\/?p=20688","title":{"rendered":"La inseguridad volvi\u00f3 a marcar las diferencias en el Concejo Deliberante"},"content":{"rendered":"<div class=\"xdj266r x11i5rnm xat24cr x1mh8g0r x1vvkbs x126k92a\">\n<div dir=\"auto\"><strong>TEMA DE SUMA PREOCUPACI\u00d3N PARA LOS ARGENTINOS, Y DESDE YA, PARA LOS VECINOS EXALTACRUCENSES.<\/strong><\/div>\n<\/div>\n<p><!--more--><\/p>\n<div dir=\"auto\"><\/div>\n<div dir=\"auto\"><\/div>\n<div dir=\"auto\">La inseguridad, lamentablemente, ocupa desde hace demasiado tiempo, un lugar en el podio de las preocupaciones de los habitantes de la Argentina. M\u00e1s all\u00e1 que en Exaltaci\u00f3n de la Cruz, la sucesi\u00f3n de hechos no alcance el tremendo flagelo que se padece en buena parte del pa\u00eds, con episodios grav\u00edsimos observados a diario en zonas muy complejas como pueden ubicarse en el Gran Buenos Aires, partidos circundantes y si se observa el interior, lo que ocurre en Rosario, desborda los adjetivos.<\/div>\n<div dir=\"auto\"><\/div>\n<div class=\"xdj266r x11i5rnm xat24cr x1mh8g0r x1vvkbs x126k92a\">\n<div dir=\"auto\"><strong>En Exaltaci\u00f3n de la Cruz, el Concejo Deliberante ha sido nuevamente recept\u00e1culo<\/strong> de tan relevante cuesti\u00f3n,\u00a0 la inseguridad. Y las posiciones pol\u00edticas de la oposici\u00f3n encarnada por Juntos y el oficialismo, volvi\u00f3 a reflejar diferencias,<\/div>\n<div dir=\"auto\"><\/div>\n<div dir=\"auto\">El presidente del bloque Juntos, Ra\u00fal Sancho, descarg\u00f3 fuertes cr\u00edticas en la red social\u00a0 Facebook, hacia el oficialismo. Sancho sostuvo, que solicitaron medidas de seguridad desde el Concejo Deliberante, pedido que result\u00f3 rechazado.<\/div>\n<div dir=\"auto\"><\/div>\n<\/div>\n<div class=\"x11i5rnm xat24cr x1mh8g0r x1vvkbs xtlvy1s x126k92a\">\n<div dir=\"auto\">Mencion\u00f3 el jefe del bloque Juntos y precandidato a intendente municipal,<em> &#8220;ante la repetici\u00f3n de hechos de inseguridad que est\u00e1n sufriendo los vecinos en distintos barrios y localidades, de una frecuencia y violencia alarmante presentamos un pedido en el Concejo Deliberante para que el intendente adopte medidas urgentes&#8221;. Continu\u00f3 despu\u00e9s mencionando &#8220;si hay algo peor que que haya salido rechazado<\/em> (escrito en may\u00fasculas), <em>fueron los argumentos que expusieron desde el oficialismo, donde se lleg\u00f3 a escuchar que le metemos miedo a la gente al reclamar por seguridad&#8221;<img loading=\"lazy\" decoding=\"async\" class=\"alignright size-medium wp-image-20697\" src=\"https:\/\/revistaepocadigital.com.ar\/wp-content\/uploads\/2023\/05\/Sancho-banca-1-scaled-1-300x201.webp\" alt=\"\" width=\"300\" height=\"201\" srcset=\"https:\/\/revistaepocadigital.com.ar\/wp-content\/uploads\/2023\/05\/Sancho-banca-1-scaled-1-300x201.webp 300w, https:\/\/revistaepocadigital.com.ar\/wp-content\/uploads\/2023\/05\/Sancho-banca-1-scaled-1-768x514.webp 768w, https:\/\/revistaepocadigital.com.ar\/wp-content\/uploads\/2023\/05\/Sancho-banca-1-scaled-1-696x466.webp 696w, https:\/\/revistaepocadigital.com.ar\/wp-content\/uploads\/2023\/05\/Sancho-banca-1-scaled-1-627x420.webp 627w, https:\/\/revistaepocadigital.com.ar\/wp-content\/uploads\/2023\/05\/Sancho-banca-1-scaled-1.webp 1068w\" sizes=\"auto, (max-width: 300px) 100vw, 300px\" \/><\/em><\/div>\n<div dir=\"auto\"><\/div>\n<div dir=\"auto\">Apunt\u00f3 tambi\u00e9n, que es <em>&#8220;incre\u00edble tener que aclarar que son los delincuentes los que le meten miedo a la sociedad, no quienes reclamamos. La seguridad no es para improvisados. No es para meter cargos pol\u00edticos. Se necesita gente capacitada y formada para adoptar medidas en contra de un delito que va a ir en aumento conforme Exaltacion vaya creciendo. En 2010 \u00e9ramos 29.000 habitantes. En 12 a\u00f1os hemos crecido un 40% y la tendencia va en ese sentido. Es muy importante mejorar los mecanismos de defensa, mejorar el sistema de c\u00e1maras que en gran parte est\u00e1 obsoleto y en muchos Barrios ni siquiera hay. Mejorar el sistema de monitoreo y reforzar la presencia policial&#8221;.<\/em><\/div>\n<div dir=\"auto\"><\/div>\n<\/div>\n<div class=\"x11i5rnm xat24cr x1mh8g0r x1vvkbs xtlvy1s x126k92a\">\n<div dir=\"auto\"><em>&#8220;La seguridad no es un tema menor -enfatiz\u00f3 Sancho-, la tranquilidad de nuestras familias se ve seriamente afectada por estas cosas y nadie tiene porque vivir con miedo, salir a la calle con miedo, pensar qu\u00e9 hay horarios en los que es peligroso salir a la calle o qu\u00e9 hay zonas por donde no conviene pasar. La seguridad se recupera con la firme decisi\u00f3n de combatir a los delincuentes, sin mirar para otro lado y sin acusar a cualquier reclamo por seguridad de ser algo \u201cpol\u00edtico\u201d.<\/em><\/div>\n<\/div>\n<div dir=\"auto\"><\/div>\n<div dir=\"auto\">En tanto la lectura de la decisi\u00f3n adoptada por el HCD, efectuada por el bloque oficialista no coincidi\u00f3 con Sancho. EPOCA escuch\u00f3 decir que el jefe de la oposici\u00f3n solicit\u00f3 el tratamiento sobre tablas, oponi\u00e9ndose el oficialismo que propici\u00f3 que el tema sea analizado en comisi\u00f3n. Ampliaremos.<\/div>\n<div dir=\"auto\"><\/div>\n","protected":false},"excerpt":{"rendered":"<p>TEMA DE SUMA PREOCUPACI\u00d3N PARA LOS ARGENTINOS, Y DESDE YA, PARA LOS VECINOS EXALTACRUCENSES.<\/p>\n","protected":false},"author":4,"featured_media":20696,"comment_status":"open","ping_status":"open","sticky":false,"template":"","format":"standard","meta":{"footnotes":"","jetpack_publicize_message":"","jetpack_publicize_feature_enabled":true,"jetpack_social_post_already_shared":true,"jetpack_social_options":{"image_generator_settings":{"template":"highway","default_image_id":0,"font":"","enabled":false},"version":2}},"categories":[17],"tags":[379,741,256],"class_list":["post-20688","post","type-post","status-publish","format-standard","has-post-thumbnail","hentry","category-politica","tag-hcd","tag-inseguridad","tag-sancho"],"jetpack_publicize_connections":[],"jetpack_featured_media_url":"https:\/\/revistaepocadigital.com.ar\/wp-content\/uploads\/2023\/05\/inseguridad.webp","jetpack_likes_enabled":true,"_links":{"self":[{"href":"https:\/\/revistaepocadigital.com.ar\/index.php?rest_route=\/wp\/v2\/posts\/20688","targetHints":{"allow":["GET"]}}],"collection":[{"href":"https:\/\/revistaepocadigital.com.ar\/index.php?rest_route=\/wp\/v2\/posts"}],"about":[{"href":"https:\/\/revistaepocadigital.com.ar\/index.php?rest_route=\/wp\/v2\/types\/post"}],"author":[{"embeddable":true,"href":"https:\/\/revistaepocadigital.com.ar\/index.php?rest_route=\/wp\/v2\/users\/4"}],"replies":[{"embeddable":true,"href":"https:\/\/revistaepocadigital.com.ar\/index.php?rest_route=%2Fwp%2Fv2%2Fcomments&post=20688"}],"version-history":[{"count":0,"href":"https:\/\/revistaepocadigital.com.ar\/index.php?rest_route=\/wp\/v2\/posts\/20688\/revisions"}],"wp:featuredmedia":[{"embeddable":true,"href":"https:\/\/revistaepocadigital.com.ar\/index.php?rest_route=\/wp\/v2\/media\/20696"}],"wp:attachment":[{"href":"https:\/\/revistaepocadigital.com.ar\/index.php?rest_route=%2Fwp%2Fv2%2Fmedia&parent=20688"}],"wp:term":[{"taxonomy":"category","embeddable":true,"href":"https:\/\/revistaepocadigital.com.ar\/index.php?rest_route=%2Fwp%2Fv2%2Fcategories&post=20688"},{"taxonomy":"post_tag","embeddable":true,"href":"https:\/\/revistaepocadigital.com.ar\/index.php?rest_route=%2Fwp%2Fv2%2Ftags&post=20688"}],"curies":[{"name":"wp","href":"https:\/\/api.w.org\/{rel}","templated":true}]}}