{"id":20703,"date":"2023-05-09T03:31:53","date_gmt":"2023-05-09T06:31:53","guid":{"rendered":"https:\/\/revistaepocadigital.com.ar\/?p=20703"},"modified":"2023-05-09T16:47:44","modified_gmt":"2023-05-09T19:47:44","slug":"diana-guzman-directora-del-hospital-de-cardales-sabemos-que-tenemos-el-enorme-reto-de-ampliar-prestaciones","status":"publish","type":"post","link":"https:\/\/revistaepocadigital.com.ar\/?p=20703","title":{"rendered":"Diana Guzm\u00e1n, Directora del Hospital de Cardales: &#8220;Sabemos que tenemos el enorme reto de ampliar prestaciones&#8221;"},"content":{"rendered":"<p><strong>M\u00c9DICA ESPECIALISTA EN PSIQUIATR\u00cdA<\/strong>.<!--more--><\/p>\n<p>La doctora <strong>Diana Guzm\u00e1n<\/strong>, lleg\u00f3 desde su Barranquilla en Colombia, y se afinc\u00f3 en la Argentina hace siete a\u00f1os, y descubri\u00f3 Los Cardales para establecerse en la localidad. <em>\u201cLlegu\u00e9 a Cardales por un colega que me ofreci\u00f3 hacer guardias con \u00e9l, y despu\u00e9s conoc\u00ed a quien es hoy mi esposo, y bueno, termin\u00e9 radic\u00e1ndome y sinti\u00e9ndome una vecina m\u00e1s; y pensar que nunca hab\u00eda venido a la Argentina!\u201d.<\/em><\/p>\n<p>La m\u00e9dica psiquiatra, inmersa en las problem\u00e1ticas de los vecinos exaltacruce\u00f1os, es desde su inauguraci\u00f3n, directora del nuevo Hospital Mondular instalado en Los Cardales.<\/p>\n<p><strong>-La inauguraci\u00f3n y puesta en marcha del hospital modular de los cardales, gener\u00f3 mucha ansiedad en particular en los vecinos cardalenses. A poco m\u00e1s de un par de meses del comienzo de su funcionamiento, \u00bfcu\u00e1les son las sensaciones que va observando como directora y en contacto\u00a0 diario con los pacientes y la gente?<\/strong><\/p>\n<p>&#8211;<em>Mi sensaci\u00f3n como directora es que la poblaci\u00f3n se siente en su mayor\u00eda c\u00f3moda y satisfecha con los servicios que ofrecemos. Si bien<\/em><\/p>\n<figure id=\"attachment_20714\" aria-describedby=\"caption-attachment-20714\" style=\"width: 300px\" class=\"wp-caption alignleft\"><img loading=\"lazy\" decoding=\"async\" class=\"size-medium wp-image-20714\" src=\"https:\/\/revistaepocadigital.com.ar\/wp-content\/uploads\/2023\/05\/guzmm-300x282.jpg\" alt=\"\" width=\"300\" height=\"282\" srcset=\"https:\/\/revistaepocadigital.com.ar\/wp-content\/uploads\/2023\/05\/guzmm-300x282.jpg 300w, https:\/\/revistaepocadigital.com.ar\/wp-content\/uploads\/2023\/05\/guzmm.jpg 408w\" sizes=\"auto, (max-width: 300px) 100vw, 300px\" \/><figcaption id=\"caption-attachment-20714\" class=\"wp-caption-text\">La directora del hospital<\/figcaption><\/figure>\n<p><em>con m\u00e1s especialidades. Creo que vamos por buen camino y lo m\u00e1s importante es que contamos con el apoyo de la comunidad.<\/em><\/p>\n<p><strong>-La oferta m\u00e9dica del hospital, su equipamiento, instalaciones, \u00bffuncionan a pleno?<\/strong><\/p>\n<p>&#8211;<em>En cuanto a su operatividad, el Hospital Modular de Los Cardales se encuentra funcionando a pleno. Contamos con guardia de cl\u00ednica m\u00e9dica las 24 horas, constitu\u00edda por dos m\u00e9dicos y tres enfermeras por cada turno. Adem\u00e1s, ya se encuentra disponible servicio de Rx y laboratorio tambi\u00e9n durante las 24 horas. En cuanto a consultorios externos tenemos varias especialidades dentro de las cuales destacan cl\u00ednica m\u00e9dica, pediatr\u00eda, psiquiatr\u00eda, traumatolog\u00eda, oftalmolog\u00eda, ginecolog\u00eda, obstetricia, puericultora, psicolog\u00eda, psicopedagog\u00eda, nutrici\u00f3n y odontolog\u00eda; y pr\u00f3ximamente sumaremos el consultorio de cardiolog\u00eda.<\/em><\/p>\n<p><strong>-\u00bfCu\u00e1l es la cantidad estimada de pacientes que son atendidos a-diario, y que puede comentar sobre la ocupaci\u00f3n de camas en internaci\u00f3n?<\/strong><\/p>\n<p><em><strong>&#8211;<\/strong>Atendemos alrededor de 200 pacientes entre guardia y consultorios externos, que incluye la atenci\u00f3n m\u00e9dica y enfermer\u00eda. Contamos a su vez, con un shock room en el que hay tres camas de observaci\u00f3n que permiten el manejo integral de las emergencias y\/o urgencias. Por el momento no disponemos de internaciones prolongadas, es decir mayores a 24 horas<\/em>.<\/p>\n<figure id=\"attachment_20717\" aria-describedby=\"caption-attachment-20717\" style=\"width: 400px\" class=\"wp-caption aligncenter\"><img loading=\"lazy\" decoding=\"async\" class=\"size-full wp-image-20717\" src=\"https:\/\/revistaepocadigital.com.ar\/wp-content\/uploads\/2023\/05\/images.jpg\" alt=\"\" width=\"400\" height=\"500\" srcset=\"https:\/\/revistaepocadigital.com.ar\/wp-content\/uploads\/2023\/05\/images.jpg 400w, https:\/\/revistaepocadigital.com.ar\/wp-content\/uploads\/2023\/05\/images-240x300.jpg 240w, https:\/\/revistaepocadigital.com.ar\/wp-content\/uploads\/2023\/05\/images-336x420.jpg 336w\" sizes=\"auto, (max-width: 400px) 100vw, 400px\" \/><figcaption id=\"caption-attachment-20717\" class=\"wp-caption-text\">En la inauguraci\u00f3n del Hospital, encabezada por el presidente Fern\u00e1ndez.<\/figcaption><\/figure>\n<p>&nbsp;<\/p>\n<p><strong>-Si hablamos de dolencias o enfermedades \u00bfde que tipo son las m\u00e1s frecuentes al momento?<\/strong><\/p>\n<p><em>-Los motivos de consulta hoy en d\u00eda son multicausales, pero se destacan los cuadros respiratorios, lumbagos, crisis hipertensivas y accidentes de tr\u00e1nsito.<\/em><\/p>\n<p><strong>-Desde Juntos, el principal partido opositor en Exaltaci\u00f3n de la Cruz, han efectuado cr\u00edticas as\u00ed como tambi\u00e9n de vecinos, en particular vertidas en redes sociales, acerca de la falta de atenci\u00f3n respecto a determinadas especialidades m\u00e9dicas en el hospital cardalense, as\u00ed como la falta de m\u00e9dicos o dificultades en la entrega de turnos o demoras muy prolongadas en la atenci\u00f3n m\u00e9dica a pacientes.<\/strong><\/p>\n<p><strong>&#8211;<\/strong><em>En relaci\u00f3n a este \u00edtem, es importante que la comunidad tenga presente que d\u00eda a d\u00eda trabajamos en optimizar e incrementar los servicios que prestamos. Hemos aumentado la carga horaria a profesionales como pediatras y cl\u00ednicas m\u00e9dicas para poder atender la demanda de la poblaci\u00f3n, y en la medida que podamos, iremos sumando m\u00e1s profesionales, siendo la m\u00e1s inmediata a sumarse la de cardiolog\u00eda<\/em>.<\/p>\n<p><em>Con respecto a los turnos, tema que ha sido mencionado, se asignan por WhatsApp y damos respuesta a todos y cada uno de ellos, a veces lamentablemente hay vecinos que no logran obtener un lugar, pero c\u00f3mo lo dije anteriormente, constantemente buscamos ampliar la oferta de nuestros servicios. Hay que tener en cuenta, que nuestro distrito increment\u00f3 su poblaci\u00f3n en el \u00faltimo censo en un 30%, \u00a0cuando la provincia lo hizo en un 12%. Adem\u00e1s, observamos que los vecinos que cuentan con cobertura social, terminan eligiendo y atendi\u00e9ndose en nuestro hospital, porque es mayor la accesibilidad a los turnos y servicios y por la calidad de los mismos.<\/em><\/p>\n<p><strong>-\u00bfQu\u00e9 tipo de especialidades m\u00e9dicas est\u00e1n cubiertas en el\u00a0Hospital de Cardales? \u00bfPercibe que los\u00a0vecinos conocen bien acerca de la atenci\u00f3n que pueden recibir? \u00bfCuentan con materiales e instrumental requerido?<\/strong><\/p>\n<p><em>-Contamos con cl\u00ednica m\u00e9dica, pediatr\u00eda, ginecolog\u00eda y obstetricia, m\u00e9dica generalista, psiquiatr\u00eda, oftalmolog\u00eda, traumatolog\u00eda, puericultora, psicopedagog\u00eda, psicolog\u00eda de adultos, psicolog\u00eda infantojuvenil, estimulaci\u00f3n temprana y odontolog\u00eda. Tenemos el equipo requerido para que la prestaci\u00f3n de cada una de estas especialidades, se haga en forma \u00f3ptima. Muchos de los vecinos se acercan para conocer los servicios que ofrecemos y adem\u00e1s se hace constante divulgaci\u00f3n de los mismos por redes sociales, radio y televisi\u00f3n<\/em>.<\/p>\n<p><strong>\u00a0<\/strong><strong>-\u00bfSon frecuentes las derivaciones de pacientes al hospital de Capilla del Se\u00f1or, o la mayor\u00eda de los casos se resuelven en el mismo hospital cardalense?<\/strong><\/p>\n<p><em>-En cuanto a las derivaciones al hospital de Capilla, han disminu\u00eddo mucho en cantidad, ya que al contar hoy d\u00eda con laboratorio cl\u00ednico y Rx muchas de las urgencias las podemos manejar y resolver en Cardales mismo, deriv\u00e1ndose aquellos casos que requieran de intervenci\u00f3n interdisciplinaria por especialista<\/em>s.<\/p>\n","protected":false},"excerpt":{"rendered":"<p>M\u00c9DICA ESPECIALISTA EN PSIQUIATR\u00cdA.<\/p>\n","protected":false},"author":4,"featured_media":20725,"comment_status":"open","ping_status":"open","sticky":false,"template":"","format":"standard","meta":{"footnotes":"","jetpack_publicize_message":"","jetpack_publicize_feature_enabled":true,"jetpack_social_post_already_shared":true,"jetpack_social_options":{"image_generator_settings":{"template":"highway","default_image_id":0,"font":"","enabled":false},"version":2}},"categories":[17],"tags":[2300,2301],"class_list":["post-20703","post","type-post","status-publish","format-standard","has-post-thumbnail","hentry","category-politica","tag-dra-guzman","tag-hospiital-cardales"],"jetpack_publicize_connections":[],"jetpack_featured_media_url":"https:\/\/revistaepocadigital.com.ar\/wp-content\/uploads\/2023\/05\/guzman-dra.jpg","jetpack_likes_enabled":true,"_links":{"self":[{"href":"https:\/\/revistaepocadigital.com.ar\/index.php?rest_route=\/wp\/v2\/posts\/20703","targetHints":{"allow":["GET"]}}],"collection":[{"href":"https:\/\/revistaepocadigital.com.ar\/index.php?rest_route=\/wp\/v2\/posts"}],"about":[{"href":"https:\/\/revistaepocadigital.com.ar\/index.php?rest_route=\/wp\/v2\/types\/post"}],"author":[{"embeddable":true,"href":"https:\/\/revistaepocadigital.com.ar\/index.php?rest_route=\/wp\/v2\/users\/4"}],"replies":[{"embeddable":true,"href":"https:\/\/revistaepocadigital.com.ar\/index.php?rest_route=%2Fwp%2Fv2%2Fcomments&post=20703"}],"version-history":[{"count":0,"href":"https:\/\/revistaepocadigital.com.ar\/index.php?rest_route=\/wp\/v2\/posts\/20703\/revisions"}],"wp:featuredmedia":[{"embeddable":true,"href":"https:\/\/revistaepocadigital.com.ar\/index.php?rest_route=\/wp\/v2\/media\/20725"}],"wp:attachment":[{"href":"https:\/\/revistaepocadigital.com.ar\/index.php?rest_route=%2Fwp%2Fv2%2Fmedia&parent=20703"}],"wp:term":[{"taxonomy":"category","embeddable":true,"href":"https:\/\/revistaepocadigital.com.ar\/index.php?rest_route=%2Fwp%2Fv2%2Fcategories&post=20703"},{"taxonomy":"post_tag","embeddable":true,"href":"https:\/\/revistaepocadigital.com.ar\/index.php?rest_route=%2Fwp%2Fv2%2Ftags&post=20703"}],"curies":[{"name":"wp","href":"https:\/\/api.w.org\/{rel}","templated":true}]}}