{"id":20729,"date":"2023-05-09T18:02:04","date_gmt":"2023-05-09T21:02:04","guid":{"rendered":"https:\/\/revistaepocadigital.com.ar\/?p=20729"},"modified":"2023-05-09T18:02:04","modified_gmt":"2023-05-09T21:02:04","slug":"cepral-informa-6","status":"publish","type":"post","link":"https:\/\/revistaepocadigital.com.ar\/?p=20729","title":{"rendered":"Cepral informa"},"content":{"rendered":"<p><img decoding=\"async\" src=\"https:\/\/41sau.img.a.d.sendibm1.com\/im\/2340286\/9b2cd8e1441486a9478c198d8d716800aa4327bbf4a30c1f2c5df8aa605abab5.jpg?e=N81tyNXgB3JPIb3B0Wti05kOqIoVcZFHNhg8MGefVeHcypjzD7jN6HxYZTj0bONUNQq_ykCh8k3-P04PnmoG1AcdYa0Pz05mOdncRcpVuldox_pURUxFGhsewJh9Ze4xrhhjCMZx8fPZM1F86LvPXd3-nR1dm8EUMvvY7w4Q-cmfzcb-ZS2ozU4iZfyP0jwoQv2Yyyrre0nZEuh5yq4vFWTOoA164mUW2iKRXQ\" alt=\"\" border=\"0\" hspace=\"0\" data-inlineimagemanipulating=\"true\" \/><img decoding=\"async\" src=\"https:\/\/41sau.img.a.d.sendibm1.com\/im\/2340286\/f52878afd230756654986f1d5e0c8ced3dbe9297dd527f45781465fe6c372532.gif?e=h7kU95zZW605j83zJBToBBmgkmGa3wEuSJ9vlBBi1lBKXOBz6Vbet2kpmqzZCwsw1LVtzRXLTp_Pbf9pTShTyBmfzTrLmqo9TOVEO1L_2G7fd-9ZUdGXW7yJil4XTEuzLvi9AtIVKPohQAPy8Ld_7MFtATURHmgRhTDb5_JiRFFKm3dKSogUXYG0Rxioxjmpcu9qgNZfWfikgpmTGrkyjPeM0qb-ieSneJ90AA\" alt=\"\" border=\"0\" hspace=\"0\" data-inlineimagemanipulating=\"true\" \/><strong>\u00a1En Contacto!<\/strong><\/p>\n<div><strong>Estimados vecinos y usuarios:<\/strong><\/div>\n<div><\/div>\n<div>Les compartimos los avances de nuestra Cooperativa.<\/div>\n<div><\/div>\n<div>El viernes 28 de abril a partir de las 17 hs. se llev\u00f3 a cabo la Asamblea General Ordinaria en la sede de Cepral, donde se aprob\u00f3 el Balance Nro. 54 del Ejercicio que finaliz\u00f3 el 31 de diciembre de 2022, como as\u00ed tambi\u00e9n la renovaci\u00f3n de las autoridades.<\/div>\n<div><\/div>\n<div>En cuanto a los avances en el Servicio El\u00e9ctrico domiciliario, hemos finalizado las tareas de mantenimiento en los barrios Los Pinos y El Remanso 1\u00b0 Serie sobre las l\u00edneas de Baja Tensi\u00f3n reemplazando tendido convencional por cable preensamblado.<\/div>\n<div><\/div>\n<div>Los equipos destinados a Luminaria P\u00fablica continuan con la reparaci\u00f3n programada.<\/div>\n<div><\/div>\n<div>Nuestra F\u00e1brica de Columnas de Hormig\u00f3n Pretensado contin\u00faa con las refacciones edilicias como as\u00ed tambi\u00e9n est\u00e1 sumando nuevos trabajadores para hacer frente a los nuevos contratos cerrados que implican un aumento de nuestra producci\u00f3n.<\/div>\n<div><\/div>\n<div>Cepral estuvo presente en la reuni\u00f3n del OCEBA, nuestro Ente Regulador, que se llev\u00f3 a cabo en la ciudad de San Nicol\u00e1s el 21 de abril.<\/div>\n<div><\/div>\n<div>En el Sector Telecomunicaciones, nos encontramos realizando tareas de recambio de postes por los nuevos de hormig\u00f3n pretensado y corrigiendo la traza de los cableados de Fibra \u00d3ptica.<\/div>\n<div><\/div>\n<div><strong>Nuevas Tarifas Vigentes para el Servicio El\u00e9ctrico desde el 12 de abril.<\/strong><\/div>\n<div><\/div>\n<div>Los mantendremos informados de los avances de nuestra gesti\u00f3n.<\/div>\n<div><\/div>\n<div><strong>\u00a0 \u00a0 \u00a0 \u00a0 \u00a0 \u00a0 \u00a0 \u00a0 \u00a0 \u00a0 \u00a0 \u00a0 \u00a0 \u00a0 \u00a0 \u00a0 \u00a0 \u00a0 \u00a0 \u00a0 \u00a0 \u00a0 \u00a0 Consejo de Administraci\u00f3n Cepral<\/strong><\/div>\n<p><img decoding=\"async\" src=\"https:\/\/41sau.img.a.d.sendibm1.com\/im\/2340286\/f904fd3f7b7068f173f9167c132f89f25f12346a88e9bfb9f266bc7009aae7e4.jpg?e=BzIQLMC9L7inoEf3WQ8fPzsd6nNJYnO2_PN1JT4qNFmiol889LLsPz3FhBfS_qQtF58NHaVywkfFJF6MENqleFmJts1jvqJr7bpqsogURQ8ikXxme9HZAemmHvc0IolxnZhwzDGggHr0kA7djJSeAo4o7KLPV6wtqc-u-mEUUwrzAwG7gPjt4_AproxdABIJDXCXcebTthSv2fbN0D_XhxF1qcuDEJnI6GzgJg\" alt=\"\" border=\"0\" hspace=\"0\" data-inlineimagemanipulating=\"true\" \/><\/p>\n<p><img decoding=\"async\" src=\"https:\/\/41sau.img.a.d.sendibm1.com\/im\/2340286\/9f36d49b1b242a5d200db85a47532c3f2055dd22f53aeace79bd6b8bd5804729.jpg?e=dfkZZjecMkRSLywVdjkH-DrxnWg5R5-_E37628U9iZF3KmA5nX8IS1aJEmUVCtSxKq6cSceILdkDNRt0yKPlZpvb0zgj7z0_V_JXvq9_fCfddIhO2iGQDuFbe-_7jUQJ9Fq_xb5jIiveZGuPaACfSXr2vWQ2I33IxfoxuI-VIBcrPXJg_N6loGAED9HLU6O_zYWtt5FICtS5DKM9DDjpEddoxPVVFnXzkX-eHw\" alt=\"\" border=\"0\" hspace=\"0\" data-inlineimagemanipulating=\"true\" \/><\/p>\n<div>El d\u00eda viernes 28 de abril a partir de las 17:00 hs. se llev\u00f3 a cabo en nuestra sede la Asamblea General Ordinaria.<\/div>\n<div><\/div>\n<div>Se present\u00f3 una sola lista, la que fue aprobada por unanimidad por todos los presentes al igual que el Balance del Ejercicio Nro. 54 cerrado el 31 de diciembre de 2022.<\/div>\n<div><\/div>\n<div>En la misma se cont\u00f3 con la presencia de dos veedores designados por el INAES (Instituto Nacional de Asociativismo y Econom\u00eda Social), el CP Guillermo Bazan y el Dr. Diego Gador.<\/div>\n<div><\/div>\n<div>Continuaremos trabajando con el mismo compromiso y con el claro objetivo de brindar\u00a0 servicios de excelencia a la comunidad de la que somos parte.<\/div>\n<div><\/div>\n<div><strong>Les presentamos la nueva N\u00f3mina de nuestro Consejo de Administraci\u00f3n:<\/strong><\/div>\n<div><\/div>\n<div><strong>Miembros Titulares:<\/strong><br \/>\nPresidente Sr. PALAVECINO, Omar Guillermo<br \/>\nVicepresidente Sr. SPOMER, Fernando Omar<br \/>\nSecretario Sr. SUAREZ, Pedro Daniel<br \/>\nProsecretario Sr. ORLANDO, Florencio<br \/>\nTesorero Sr. BIANCHI, Pablo Blas<br \/>\nProtesorero Sr. VI\u00d1AS, H\u00e9ctor Oscar<\/div>\n<div><strong>Vocales Titulares:<\/strong><br \/>\n1\u00ba Sr. VERONESE, Juan Carlos<br \/>\n2\u00ba Sra. SANZ CASADO, Trinidad<br \/>\n3\u00ba Sr. SPANGENBERG, Hern\u00e1n<br \/>\n4\u00ba Sr. GONZALEZ, Miguel<\/div>\n<div><strong>S\u00edndico Titular:<\/strong> Dr. SAGGESE, Roberto<br \/>\n<strong>S\u00edndico Suplente: <\/strong>Sra. CREMA, Liliana Beatriz<strong>Vocales Suplentes:<\/strong><br \/>\n1\u00ba Sr. MARCHETTI, Daniel Domingo<br \/>\n2\u00ba Sr. FRONTERA, Alberto<br \/>\n3\u00ba Sr. PISACO, Oscar<br \/>\n4\u00ba Sr. GUALDE, Roberto<br \/>\n5\u00b0 Sr. DEL RIO, Jorge<\/p>\n<hr \/>\n<\/div>\n<div><strong>OFICINA VIRTUAL: NUEVAS FACILIDADES<\/strong><\/div>\n<div><strong>Como nuestra WEB ha sido redireccionada, para ingresar a la Oficina Virtual les recomendamos por favor utilizar el siguiente link:\u00a0\u00a0<a href=\"https:\/\/41sau.r.a.d.sendibm1.com\/mk\/cl\/f\/u8Gr2L5ToVoC2Afbjdv8-qVe1n_ofVTyxp2bBTYy_I5bPs3Q5MBV_7ugzHGHbkwx7il9zYlcmZzVtk0EhlDso4aYRquUcXBn4pTW2gE2VgdW0YxhYXj135m3Os5fqt8C_puEjp1F87WvL38WxlSokAwmhsLfJKyj6LsNTn5d2Y8btZUSUzT9XQFGwVUxezc9MCd_QB8-_eJGCoSTPooc69L97VelCHeegc-KUSyelu0myyIGi-dqFdk3UNk\" target=\"_blank\" rel=\"noreferrer noopener\">https:\/\/oficinavirtual.cepral.coop\/modulos\/clientes\/<\/a>\u00a0<\/strong><\/div>\n<div><strong>Esto es importante para aquellos usuarios que tienen como \u201cfavorita\u201d la Cepral Web con el cach\u00e9 anterior, porque en este caso, no\u00a0 podr\u00e1n visualizar o abonar algunas facturas.<\/strong><\/div>\n<div><\/div>\n<div>\n<p>Pensando en nuevas formas de facilitar la informaci\u00f3n a nuestros usuarios, <strong>actualizamos las prestaciones de nuestra Oficina Virtual.<\/strong><\/p>\n<p>Ahora desde Mi Deuda, podr\u00e1s averiguar los montos de las facturas adeudadas al momento de la consulta, como tambi\u00e9n realizar el pago sin moverte de tu casa.<\/p>\n<p>En la opci\u00f3n #quedateentucasa, podr\u00e1s registrar tu mail para comenzar a recibir tus facturas, notificaciones, newsletters y avisos de cortes programados.\n<\/p><\/div>\n<div>Seguimos trabajando para brindar una mejor atenci\u00f3n a nuestros usuarios.<\/p>\n<hr \/>\n<\/div>\n<p><strong><img loading=\"lazy\" decoding=\"async\" class=\"alignleft\" src=\"https:\/\/41sau.img.a.d.sendibm1.com\/im\/2340286\/9007fbe69fcfc248d1fbafdfbce5d3408ab1e3293ed5b9a86b5d635f660f7733.jpg?e=5NeKiH-v5nNPEmynHXKjYYDY6RK4IeLRx9RcFFGyXy7v7JVnBYTHGuomEfwaV7k17XBY_rJjZJrsfCL4izNrBvyqCnTaCT0mv6TrbmQuL3t4qnIKsyELNuUJmGy2UAbn8kffdp8VW8utgfLL9pBO6vRlt8oS6MWxB3uuqyJJvnQfWYuhp9Z1An6Brg99iZLdL0qepcmp4bl7NuVxjdlChaOYu-qFFw_bUS46OA\" alt=\"\" width=\"168\" height=\"242\" border=\"0\" hspace=\"0\" data-inlineimagemanipulating=\"true\" \/>INICIO CAMPA\u00d1A DE PODA 2023 Y TAREAS DE MANTENIMIENTO<br \/>\n<\/strong><\/p>\n<div>Desde el Sector El\u00e9ctrico les recordamos que en este mes se inicia con la <strong>Campa\u00f1a de Poda 2023<\/strong>.<\/div>\n<div>Las tareas, que constan de una poda de raleo y despeje de la red a\u00e9rea de distribuci\u00f3n en Media Tensi\u00f3n, las iremos realizando paulatinamente durante el per\u00edodo mayo-agosto.<\/div>\n<div><\/div>\n<div>\n<p>Estar\u00e1n focalizadas sobre \u00e1mbitos rurales y sus barrios circundantes como El Remanso, Parque Sakura, Parque Exaltaci\u00f3n, entre otros.<\/p>\n<p>Con estas tareas de mantenimiento apuntamos a evitar accidentes y a la mejora en la calidad de servicio.<\/p>\n<\/div>\n<div><\/div>\n<div><strong><strong>Una vez m\u00e1s les recordamos a los vecinos su obligaci\u00f3n de mantener la forestaci\u00f3n alejada de las l\u00edneas de los servicios p\u00fablicos.<\/strong><\/strong><\/p>\n<hr \/>\n<div style=\"text-align: center;\"><strong>PARA UNA MEJOR ATENCI\u00d3N EN NUESTRA SEDE:<\/strong><\/div>\n<div style=\"text-align: center;\">\u00a1Recomendamos gestionar previamente un turno personalizado a trav\u00e9s de nuestra p\u00e1gina web o desde el chat de<\/div>\n<div style=\"text-align: center;\">CepralBot +54 911 2306 9604!<\/p>\n<hr \/>\n<\/div>\n<\/div>\n<p><strong><img decoding=\"async\" src=\"https:\/\/41sau.img.a.d.sendibm1.com\/im\/2340286\/5a2bb99d389c5ab042f4f0afe205531de36e9dcf71c3e17913bbebb0b7edb1bd.jpg?e=y2Bng3xUflUlC7fD4nps_6tWLMiyFi1L87e3L3k9yY8soZeEhY9VzEKlCboBYEOppv3Gy1v5PEDHM0lQnaXy_6sAfcDH7a1Haq5qbIkF7G5rKNXz_CBZygDSbh8awegdDPCzFvkPRloiJzJjQ7u0wXBnKHLfyzx9TpVnMARJQwtr9y0SndhashFD8cTeJnLZ9HRdOR-CQ3dPlKV5YEWpteJuI6s9jqnfJgs3XQ\" alt=\"\" border=\"0\" hspace=\"0\" data-inlineimagemanipulating=\"true\" \/><\/strong><\/p>\n<div><strong>Dentro de nuestra planificaci\u00f3n de mantenimiento, durante estas semanas nos encontramos realizando cambio de postaci\u00f3n, reemplazando por postes de cemento aquellos que fueron da\u00f1ados por las tormentas y al mismo tiempo corrigiendo las trazas del tendido de Fibra \u00d3ptica.<\/strong><\/div>\n<div><\/div>\n<div>\n<p><strong>Al mismo tiempo, continuamos con las tareas de saneamiento en nuestras redes de Telecomunicaciones en los distintos barrios.<\/strong><\/p>\n<p>Actualmente estamos efectuando entre 12 y 15 migraciones diarias al Servicio Fibra \u00d3ptica en tu Hogar en los barrios que ya cuentan con la infraestructura necesaria.<\/p>\n<\/div>\n<div><\/div>\n<div><strong>Para disfrutar de este nuevo servicio, los invitamos a contactarse con nuestra Administraci\u00f3n de lunes a viernes 7.30 a 14 hs.<\/strong><\/p>\n<hr \/>\n<\/div>\n<p style=\"text-align: center;\"><strong>Comunicamos que el costo de la garant\u00eda extendida para el Servicio de Internet se ha modificado a $200.- mensuales.<\/strong><\/p>\n<hr \/>\n<p><img decoding=\"async\" src=\"https:\/\/41sau.img.a.d.sendibm1.com\/im\/2340286\/7c95df34b1f164f21294fa89e1b74055f7be2237abcf7f74867cebddb3364707.jpg?e=qv1DhasbHxvJ581AjvZD-rlfGnANhGPSNFy02BbwNdz_ALdBWr-uGIQehy3OHINVtYwBYGso8OG6EKPDJIWW7g9d57Ca-6RPoO4lPIsUXhTaTXx7NRX5sH936WWtfd9AdcXfMlIovfO5C7lvVXSqTGNnfR2NNmh2U3b_BDGG2kArI43iQyDw5NWGt53KneJ0CGVu2cLcZNBgDKdDRfnZzFkXKw-GjWN2GTcO2A\" alt=\"\" border=\"0\" hspace=\"0\" data-inlineimagemanipulating=\"true\" \/><\/p>\n<div>Nos complace compartirles los resultados del trabajo y los logros del Equipo de nuestra F\u00e1brica de Columnas.<\/div>\n<div>En tiempos donde las condiciones econ\u00f3micas terminan quebrando tanto a peque\u00f1as como a grandes empresas, a finales de marzo firmamos un nuevo e importante Contrato con EDENOR.<\/div>\n<div>Compromiso que se suma a los pedidos que tenemos de otras cooperativas y clientes.<br \/>\nPara hacer frente a este vol\u00famen de contratos, hemos tomado la decisi\u00f3n de incorporar 4 trabajadores a nuestra querida F\u00e1brica.<\/div>\n<div>Se ha aumentando la producci\u00f3n diaria y nos encontramos planificando compras de cima, tapas para los moldes y se adquirieron paletas nuevas para la m\u00e1quina hormigonera.<\/div>\n<div>Es un orgullo para nosotros el seguir generando trabajo genuino para las familias de nuestra localidad.<\/p>\n<hr \/>\n<\/div>\n<p><img decoding=\"async\" src=\"https:\/\/41sau.img.a.d.sendibm1.com\/im\/2340286\/ff68697b0bacf433fedc7a67283b6a7e25e55c73925223e9b5544590836f94ed.jpg?e=-wk2sVqE3fCtz9Af_NHwa3BJoWEmOl_UaTB2YGmTWSHt-kSohIfXRcVZBGuQxiBmHqL5IMd7I86ZK8f6Zd_TN-4iehGuK1GBzubbiuT7EAu1e307lqIIDRJoPR24SeMxJMAW-whHqweM2xamFGKxSV0TNgmTGudi6LeU7QiFbHvdiSyaNEJ4jHcB3b4pGedz46Z_uqTH0YNP1M798gBqr8sxQnXjcMzfy38qTQ\" alt=\"\" border=\"0\" hspace=\"0\" data-inlineimagemanipulating=\"true\" \/><\/p>\n<div><b>NUEVO CUADRO TARIFARIO<\/b><\/div>\n<div><b>VIGENTE AL 12 DE ABRIL<\/b><\/div>\n<div><\/div>\n<div><strong>Comunicamos a nuestros usuarios que, por Resoluci\u00f3n N\u00b0 477-MIYSPGP-2023 rige\u00a0a partir del 12 de abril de 2023 un nuevo cuadro tarifario para el Servicio El\u00e9ctrico. <\/strong><\/div>\n<div><\/div>\n<div><strong>El mismo ya\u00a0puede verse en la web de Oceba, ingresando en el siguiente link:<\/strong><\/div>\n<div>\n<div><\/div>\n<div><strong><a href=\"https:\/\/41sau.r.a.d.sendibm1.com\/mk\/cl\/f\/8lVpCaFEaedmgu--uMROejr1l2uvA97bHCUdhz0cB4o0OuZNaXx7Uqn6wHEiQsAkfEx7DVeKOYXn5V0jmBtFhs-AZmHyT7PtP6VCFqz5BsKDuc48-tAPcZrXYQKfmAt1jQjfYmGNsOD8macWgoEw5QOdD782CL0MEGLUkrSi-GvFyuFbMA1OvK4vglJnpbKd-fHGvfjwxk1NKhlIu2sFQY0OLS4W8IeN1PRHjLZm4153LrZj5wAz\" target=\"_blank\" rel=\"noreferrer noopener\">https:\/\/oceba.gba.gov.ar\/nueva_web\/s.php?i=17<\/a><\/strong><\/div>\n<div><\/div>\n<div><strong>Por otra parte, recordamos que durante mayo impactan en la factura del Servicio El\u00e9ctrico los consumos del final del verano.<\/strong><\/div>\n<\/div>\n<div>\n<div>\n<div><\/div>\n<\/div>\n<\/div>\n<div><strong><strong>\u00a0 \u00a0 \u00a0 \u00a0 \u00a0 \u00a0 \u00a0 \u00a0 \u00a0 \u00a0 \u00a0 \u00a0 \u00a0 \u00a0 \u00a0 \u00a0 \u00a0 \u00a0 \u00a0 \u00a0 \u00a0 \u00a0 \u00a0 Consejo de Administraci\u00f3n Cepral<\/strong><\/strong><\/p>\n<hr \/>\n<\/div>\n<div><strong>SEGMENTACI\u00d3N ENERG\u00c9TICA: <\/strong><\/div>\n<div><strong>QUITA DE SUBSIDIOS EN LAS TARIFAS DE ENERG\u00cdA<\/strong><\/div>\n<div><\/div>\n<div>Confirmamos a nuestros usuarios de todos los niveles (N1 altos ingresos, N2 bajos ingresos, N3 ingresos medios) que<strong> contin\u00faa la aplicaci\u00f3n de manera escalonada de la quita de los subsidios de acuerdo a lo dispuesto para la Provincia de Buenos Aires, seg\u00fan lo solicitado por el Gobierno Nacional.<\/strong><\/div>\n<div><\/div>\n<div>A su vez, todos aquellos usuarios <strong>que ya no cuenten con dicho subsidio o que no se hayan registrado en la Segmentaci\u00f3n Energ\u00e9tica, ver\u00e1n reflejado en sus pr\u00f3ximas facturas el impacto por la quita del mismo.<\/strong><\/div>\n<div><\/div>\n<div>Recordamos para todos aquellos usuarios que no hayan completado el formulario de adhesi\u00f3n que a\u00fan sigue abierta la inscripci\u00f3n.<\/p>\n<hr \/>\n<\/div>\n<p><img decoding=\"async\" src=\"https:\/\/41sau.img.a.d.sendibm1.com\/im\/2340286\/7bd64c8f13430af9e8e4628ea5f4c2ab5514cc3c0bfc2683e85a04f4349b16be.jpeg?e=bb7ptx8eBsYqYaYF8xLroYnfg5W3ZI4DdQqBe6wp7tfIpC3HzCWfQyGnq3SQNVAVgzVIf6tNFuHGGFGfLjhMC4Z_r1f3XKgsHUBAHVAl_9Emo3a36j5ZKeGZDaJdMlufH1f-QMUS-a5ZlL4ZJSZveeigmypiRcCCNEMMHcsyEqN9xohvrvyw8Mm_lOm6RBAXSdkXQUxvTxHYFMR5AfrIOsQvSH9CYjQOdhqksmk\" alt=\"\" border=\"0\" hspace=\"0\" data-inlineimagemanipulating=\"true\" \/><\/p>\n<hr \/>\n<div><b>INSCRIPCI\u00d3N PARA SUBSIDIOS A LA ENERG\u00cdA<\/b><\/div>\n<div>\n<div><\/div>\n<div>\n<div><strong>Recordamos a nuestros usuarios que s<\/strong><strong>e mantine abierta la inscripci\u00f3n en el Registro de Acceso a los Subsidios a la Energ\u00eda (RASE) <u>para quienes no hayan iniciado el tr\u00e1mite y quieran mantener los subsidios a la energ\u00eda as\u00ed como para rectificar datos.<\/u><\/strong><\/div>\n<div><\/div>\n<div><strong>El tr\u00e1mite se podr\u00e1 realizar de la siguiente manera:<\/strong><\/div>\n<div><\/div>\n<div><strong>(I) Ingresando en<a href=\"https:\/\/41sau.r.a.d.sendibm1.com\/mk\/cl\/f\/CQ6TSKUsZxXdNDErfn278yE16dSfzp_h_IE6VkuNbAmy1jq_TamxjGVaYOc7oRnBHq3sArX5Vzlv1d56_1ItFKngUYDtAnCs99tkOe3zu_w0n_ig0VUB4_3-JahVhRwnepV3TbMRtBAmk3vyJRm1t26f6Ux3tVrFRUb6OJ5WwfjXFRAsUvQJw87Yw6Spu4lonGVKo25p2UAueesRlV4rDjgpHpbKE7q2PPfbKQw21NlFLZvsO-mzgWY\" target=\"_blank\" rel=\"noreferrer noopener\"> https:\/\/subsidios-energia.argentina.gob.ar<\/a> o desde la aplicaci\u00f3n Mi Argentina, o<\/strong><\/div>\n<div><\/div>\n<div><strong>(II) En la oficina de ANSES m\u00e1s cercana, para lo cual podr\u00e1 solicitar un turno por la p\u00e1gina web <a href=\"https:\/\/41sau.r.a.d.sendibm1.com\/mk\/cl\/f\/FsKWZiRETIm4seE4TJ4QXX-JiDEn03dIYmV0ZyDlHtlDgo0FBOFCqLYM68BxNFRlNTSP1-bTDWmSzv7A771ONybXByqIppU-dQP3QlwJ8KkNwL0_PEixcl3OtBxblyMxiaubDxDrzuiiX9PfKGKk_kxEd7hS0ddTSaE3qipy-ANTnNRSm5m4vycXQurFvta4zSe1BSQb7iVI4DG4P3I7QA\" target=\"_blank\" rel=\"noreferrer noopener\">http:\/\/www.anses.gov.ar turnos<\/a>\u00a0.<\/strong><\/div>\n<div><\/div>\n<div><strong>Por otra parte, remarcamos que si bien, de conformidad con lo establecido en la Resoluci\u00f3n N\u00ba 631\/2022 y Disposici\u00f3n SPE N\u00ba 3\/2022, los usuarios beneficiarios de Tarifa Social se encuentran incorporados al padr\u00f3n de beneficiarios del RASE como Nivel 2 (Menores Ingresos), aquellos usuarios que no se hayan inscripto en el RASE deber\u00e1n realizar la inscripci\u00f3n, a fin de mantener el subsidio a la energ\u00eda.<\/strong><\/div>\n<\/div>\n<\/div>\n<div>\n<div>\n<div><\/div>\n<\/div>\n<\/div>\n<div><strong>\u00a0 \u00a0 \u00a0 \u00a0 \u00a0 \u00a0 \u00a0 \u00a0 \u00a0 \u00a0 \u00a0 \u00a0 \u00a0 \u00a0 \u00a0 \u00a0 \u00a0 \u00a0 \u00a0 \u00a0 \u00a0 \u00a0 \u00a0 Consejo de Administraci\u00f3n Cepral<\/strong><\/div>\n<hr \/>\n<p>Por favor, no dejar restos de poda bajo las l\u00edneas de cableado. \u00a1Prevengamos incendios, da\u00f1os en las viviendas e interrupci\u00f3n de los servicios!<\/p>\n<hr \/>\n<p><img decoding=\"async\" src=\"https:\/\/41sau.img.a.d.sendibm1.com\/im\/2340286\/f904fd3f7b7068f173f9167c132f89f25f12346a88e9bfb9f266bc7009aae7e4.jpg?e=76EuMfVbEAB471jt_G1EzcpOdomhhh0lkrkOMYJMmhzjSDlsQfmauBN0z69kt5kjZ59GNz_-R9Uz6E5QEpZBKhz8coucGG-yRZGpcc1ysmNKxLF6nsqEnADlpMOdBPle_CCkIt4qsYdRUblBhiccE43XuT8Ha_OxhzNpFW4VMjGG08XHS9QDIP3RCABD0IqwAuHoqfvWKaKWBnIKUhpfZZChvo7_5opliKEjIQ\" alt=\"\" border=\"0\" hspace=\"0\" data-inlineimagemanipulating=\"true\" \/><\/p>\n<div><strong>ALUMBRADO P\u00daBLICO: PROGRAMA DE REPARACI\u00d3N<\/strong><\/div>\n<div>Continuamos trabajando con las dos cuadrillas destinadas a las tareas de reparaci\u00f3n de las luminarias p\u00fablicas de todo nuestro \u00e1rea de concesi\u00f3n.<\/div>\n<div><\/div>\n<div>Nos encontramos reparando un promedio semanal de 120 luminarias.<\/div>\n<div><\/div>\n<div>Estimamos que en el plazo previsto oportunamente tendr\u00edamos la red de Alumbrado P\u00fablico reparada en un 100%.<\/div>\n<div><\/div>\n<div><strong>Recordamos que la Cooperativa es una empresa prestataria del Municipio, para brindar este Servicio.\u00a0<\/strong><\/p>\n<hr \/>\n<\/div>\n<p><img decoding=\"async\" src=\"https:\/\/41sau.img.a.d.sendibm1.com\/im\/2340286\/bab453fec294edd63241f2c75f3a1d1915950582587632f29771acbd8580cf63.jpg?e=LiznzribUQ_JvTel0zeRT6jegpTlww5LHLFCVO5utugGU7XI8pXVgVDyt44UkCZipz-WoW5XQ_GsY0xMdY8mzlW6FOipkPTDxfBQenXcCZaL6vPs80d8DQFyfvVwHmELYGhJEKE2rvmVj-v94o620mIq_ecCfFsk6vacjA6Qs74nTQUSiGRr7HEnJtxValOjNnSIUWorBkMeOBg2pEn_mO-2RwttqGL87gmeMQ\" alt=\"\" border=\"0\" hspace=\"0\" data-inlineimagemanipulating=\"true\" \/><\/p>\n<div>El viernes 21 de abril, representantes de Cepral participaron junto a otras cooperativas de la regi\u00f3n de un encuentro organizado por el OCEBA, nuestro Ente Regulador para el Servicio El\u00e9ctrico.<\/div>\n<div><\/div>\n<div>Dicho encuentro se llev\u00f3 a cabo el viernes 21 de abril en la ciudad de San Nicol\u00e1s donde se trataron temas referidos a la calidad del Servicio El\u00e9ctrico y a la Segmentaci\u00f3n Energ\u00e9tica.<\/div>\n<div><\/div>\n<div>En este punto se hizo mayor hincapi\u00e9 teniendo en cuenta que al d\u00eda de hoy un 43% del padr\u00f3n de usuarios de la Provincia de Buenos Aires se encuentra categorizado en el Sector N1 de Altos Ingresos, lo que implica que ese segmento ir\u00e1 perdiendo\u00a0 paulatinamentelos subisidios\u00a0hasta llegar a la quita del 100%.<\/div>\n<div>\n<hr \/>\n<\/div>\n<div>\n<div><strong>LAS COOPERATIVAS ELECTRICAS ADVIERTEN POR LA CR\u00cdTICA SITUACI\u00d3N QUE ESTAN ATRAVESANDO<\/strong><\/div>\n<div><\/div>\n<div>Esta es una problem\u00e1tica que desde este y otros espacios se viene comentando y tiene relaci\u00f3n directa con la prestaci\u00f3n de los servicios que brindamos las cooperativas de servicios p\u00fablicos de la Provincia de Buenos Aires.<\/div>\n<div><\/div>\n<div>La Federaci\u00f3n de Cooperativas de Electricidad y Servicios P\u00fablicos de la Provincia de Buenos Aires (Fedecoba) expuso \u201csu creciente preocupaci\u00f3n por el agravamiento de la situaci\u00f3n econ\u00f3mica y financiera\u201d de las entidades asociadas que la conforman, distribuidoras del servicio de energ\u00eda el\u00e9ctrica en m\u00e1s de 150 pueblos y localidades del interior bonaerense.<\/div>\n<div>\n<div><\/div>\n<div>Para leer la nota completa, los invitamos a ingresar al siguiente link:<\/div>\n<div><\/div>\n<\/div>\n<div><a href=\"https:\/\/41sau.r.a.d.sendibm1.com\/mk\/cl\/f\/iDl1aGf1QcMvz0O1mu4Jlvco6xc4f_GU1R305hea12hRDJJBvNxN4pFQ_XiPaMI0M4LAKXyfzjEJ6HFNhkLJ-pqJ8GRhpoTZ3gAnQMeYUQ0f8tHpFj3p_VoPnaEIqwskKth1r3FISPvDoTw1J2K2-Pkyo_Txs8qZWsSSrujbdmhL8iDg4w9Ti16AXJH8MxLkyLFvtJGHYoMlmMrMuzCMSl-ev-i4eoE4MV8fanEDDdyOdqVka4qUIEFtW1mPdD3aFnTKPBWEDiEPq9Bef8c1Dt-cTM80VQK_VF0ZgVeHndik7jDm1_jRpk5f-h-Sn3zE\" target=\"_blank\" rel=\"noreferrer noopener\">https:\/\/www.elcivismo.com.ar\/notas\/49938\/cooperativas-electricas-advierten-por-la-situacion-critica.html<\/a><\/div>\n<\/div>\n<div>\n<hr \/>\n<\/div>\n<div><img decoding=\"async\" src=\"https:\/\/41sau.img.a.d.sendibm1.com\/im\/2340286\/a7acf7f596ece8aa7bd4937bb9160d3dad709fad2e9297fce73d205f23b5e1f6.jpg?e=6roVUbaB3mpO023Z-p0-G8G5QRI5BkuyBZImkqGaSicrsgu1qwrECXTS4-xq9fDTNlOREOXqCNuvC_SJxS0HC345BBbEa9dUlEGdEraQiYEhRtm28eMubTS0wt8n4ne60lERSF4zret1U0WYb0Vb911BSdKG9ud_b3NZDoEz6jJB2MUom6yNycuVkFkFc_TIIQ-deCxneomMsbNI-3H45JNpuugKdeZJhWXrqg\" alt=\"\" border=\"0\" hspace=\"0\" data-inlineimagemanipulating=\"true\" \/><\/div>\n<div style=\"text-align: center;\">\n<hr \/>\n<p>\u00a1Mantener libre de ramas las l\u00edneas de cableado previene accidentes que pueden da\u00f1ar a personas o electrodom\u00e9sticos y contribuye a una mejor calidad de servicio!<\/p>\n<hr \/>\n<\/div>\n<div><\/div>\n<div><\/div>\n<div id=\"ydp4bd9a3b4yahoo_quoted_3746056214\" class=\"ydp4bd9a3b4yahoo_quoted\">\n<div style=\"font-size: 13px; font-family: 'Helvetica Neue', Helvetica, Arial, sans-serif; color: #26282a;\">\n<div>\n<div id=\"ydp4bd9a3b4yiv4729076071\">\n<div><\/div>\n<\/div>\n<\/div>\n<\/div>\n<\/div>\n","protected":false},"excerpt":{"rendered":"<p>\u00a1En Contacto! Estimados vecinos y usuarios: Les compartimos los avances de nuestra Cooperativa. El viernes 28 de abril a partir de las 17 hs. se llev\u00f3 a cabo la Asamblea General Ordinaria en la sede de Cepral, donde se aprob\u00f3 el Balance Nro. 54 del Ejercicio que finaliz\u00f3 el 31 de diciembre de 2022, como [&hellip;]<\/p>\n","protected":false},"author":3,"featured_media":16853,"comment_status":"open","ping_status":"open","sticky":false,"template":"","format":"standard","meta":{"footnotes":"","jetpack_publicize_message":"","jetpack_publicize_feature_enabled":true,"jetpack_social_post_already_shared":true,"jetpack_social_options":{"image_generator_settings":{"template":"highway","default_image_id":0,"font":"","enabled":false},"version":2}},"categories":[5],"tags":[],"class_list":["post-20729","post","type-post","status-publish","format-standard","has-post-thumbnail","hentry","category-aqui-parada-robles"],"jetpack_publicize_connections":[],"jetpack_featured_media_url":"https:\/\/revistaepocadigital.com.ar\/wp-content\/uploads\/2022\/07\/cepral-logo.png","jetpack_likes_enabled":true,"_links":{"self":[{"href":"https:\/\/revistaepocadigital.com.ar\/index.php?rest_route=\/wp\/v2\/posts\/20729","targetHints":{"allow":["GET"]}}],"collection":[{"href":"https:\/\/revistaepocadigital.com.ar\/index.php?rest_route=\/wp\/v2\/posts"}],"about":[{"href":"https:\/\/revistaepocadigital.com.ar\/index.php?rest_route=\/wp\/v2\/types\/post"}],"author":[{"embeddable":true,"href":"https:\/\/revistaepocadigital.com.ar\/index.php?rest_route=\/wp\/v2\/users\/3"}],"replies":[{"embeddable":true,"href":"https:\/\/revistaepocadigital.com.ar\/index.php?rest_route=%2Fwp%2Fv2%2Fcomments&post=20729"}],"version-history":[{"count":0,"href":"https:\/\/revistaepocadigital.com.ar\/index.php?rest_route=\/wp\/v2\/posts\/20729\/revisions"}],"wp:featuredmedia":[{"embeddable":true,"href":"https:\/\/revistaepocadigital.com.ar\/index.php?rest_route=\/wp\/v2\/media\/16853"}],"wp:attachment":[{"href":"https:\/\/revistaepocadigital.com.ar\/index.php?rest_route=%2Fwp%2Fv2%2Fmedia&parent=20729"}],"wp:term":[{"taxonomy":"category","embeddable":true,"href":"https:\/\/revistaepocadigital.com.ar\/index.php?rest_route=%2Fwp%2Fv2%2Fcategories&post=20729"},{"taxonomy":"post_tag","embeddable":true,"href":"https:\/\/revistaepocadigital.com.ar\/index.php?rest_route=%2Fwp%2Fv2%2Ftags&post=20729"}],"curies":[{"name":"wp","href":"https:\/\/api.w.org\/{rel}","templated":true}]}}