{"id":20737,"date":"2023-05-10T02:17:22","date_gmt":"2023-05-10T05:17:22","guid":{"rendered":"https:\/\/revistaepocadigital.com.ar\/?p=20737"},"modified":"2023-05-12T00:30:24","modified_gmt":"2023-05-12T03:30:24","slug":"las-famosas-medialunas-del-atalaya-llegan-a-pilar","status":"publish","type":"post","link":"https:\/\/revistaepocadigital.com.ar\/?p=20737","title":{"rendered":"Las famosas medialunas del Atalaya llegan a Pilar"},"content":{"rendered":"<header class=\"news-headline\">\n<h4 class=\"news-headline__title\"><strong>El Parador Atalaya se instala en el km 53 de la Panamericana, e incorpora personal.<!--more--><\/strong><\/h4>\n<h5 class=\"news-headline__article-summary\">\u00a0La empresa busca cubrir distintos puestos laborales. Cu\u00e1les son y c\u00f3mo postularse.<\/h5>\n<div class=\"news-headline__author-and-share-wrapper\">\n<div class=\"news-headline__share-buttons-wrapper\">\n<p>&nbsp;<\/p>\n<\/div>\n<\/div>\n<\/header>\n<div class=\"row\">\n<div class=\"col-12 col-lg-8\">\n<div class=\"detail-gallery\">\n<div class=\"detail-gallery__slide-wrapper\">\n<div class=\"detail-gallery__slide\">\n<figure class=\"detail-gallery__figure\"><img loading=\"lazy\" decoding=\"async\" class=\"detail-gallery__figure-img img-fluid\" src=\"https:\/\/media.pilaradiario.com\/p\/75c5b19d55a1a94c38a980b5f45903b9\/adjuntos\/352\/imagenes\/100\/111\/0100111450\/790x0\/smart\/atalaya.jpg\" alt=\"Las medialunas del parador Atalaya llegan al Km. 53 de la Panamericana.\" width=\"1020\" height=\"574\" data-td-src-property=\"https:\/\/media.pilaradiario.com\/p\/75c5b19d55a1a94c38a980b5f45903b9\/adjuntos\/352\/imagenes\/100\/111\/0100111450\/790x0\/smart\/atalaya.jpg\" \/><\/p>\n<div class=\"detail-gallery__nav\"><\/div>\n<\/figure>\n<\/div>\n<div class=\"detail-gallery__caption \">\n<p>En medio de un plan de expansi\u00f3n, el <strong>parador Atalaya\u00a0<\/strong>busca llegar a los distintos corredores tur\u00edsticos de todo el pa\u00eds y en este proyecto, est\u00e1<strong>\u00a0<a href=\"https:\/\/www.pilaradiario.com\/informacion-general\/2023\/3\/1\/las-medialunas-del-parador-atalaya-llegan-pilar-125959.html\" target=\"_blank\" rel=\"follow noopener\">incluido Pilar que sumar\u00e1 una sucursal en los pr\u00f3ximos meses<\/a>.\u00a0<\/strong>Para esto, los creadores de las medialunas m\u00e1s famosas est\u00e1n abocados a la<strong>\u00a0b\u00fasqueda de personal en el distrito.<\/strong><\/p>\n<\/div>\n<\/div>\n<\/div>\n<section class=\"recommended-news\">De acuerdo con la informaci\u00f3n oficial dada a conocer en las \u00faltimas horas, <strong>el local de Pilar que abrir\u00e1 sus puertas en el Kil\u00f3metro 53 de la Panamericana<\/strong>, incorpora:<\/section>\n<article class=\"article-body article-body--second-paragraph\"><strong>-Cajeros<\/strong><br \/>\n<strong>-Cafeteros<\/strong><br \/>\n<strong>-Empleados de mostrador<\/strong><br \/>\n<strong>-Empleados para el horneado<\/strong><br \/>\n<strong>-Empleados de limpieza.<\/strong><strong>El perfil\u00a0<\/strong>de los candidatos buscados es el siguiente:-Personas proactivas.<br \/>\n-Capacidad de trabajo en equipo.<br \/>\n-Buena comunicaci\u00f3n.<strong>Conocimientos y habilidades:<\/strong>-Se valorar\u00e1n los perfiles que tengan experiencia en el puesto al que se postula.<\/p>\n<p><strong>Contrataci\u00f3n:<\/strong><\/p>\n<p><strong>-Contrato:<\/strong>\u00a0Efectivo a tiempo completo indeterminado (per\u00edodo de prueba de 3 meses al inicio).<br \/>\n<strong>-Lugar de trabajo:\u00a0<\/strong>Pilar<br \/>\n<strong>-Horario:<\/strong>\u00a0Rotativo con jornadas diarias de 8 horas.<\/p>\n<p>Los interesados deben mandar su\u00a0<strong>CV<\/strong>\u00a0a la casilla de correo electr\u00f3nico:\u00a0<strong>pilar@atalaya.com.ar indicando en el asunto el puesto al que se postulan.<\/strong><\/p>\n<p>Por otra parte, el local tambi\u00e9n busca cubrir el<strong>\u00a0cargo de supervisor.<\/strong><\/p>\n<p><strong>Principales funciones del puesto:<\/strong><\/p>\n<p><strong>&#8211;<\/strong>Garantizar la correcta ejecuci\u00f3n del manual operativo de la franquicia.<\/p>\n<p>-Formar y gestionar los equipos de trabajo.<\/p>\n<p>-Reporta en forma directa al franquiciado.<\/p>\n<p>-Seguimiento del grado de satisfacci\u00f3n del cliente.<\/p>\n<p>-Supervisi\u00f3n y seguimiento de los RRHH.<\/p>\n<p>-Infraestructura y equipamiento.<\/p>\n<p>-Creaci\u00f3n de seguimiento de reportes.<\/p>\n<p><strong>Requisitos excluyentes:<\/strong><\/p>\n<p>-Carrera de Administraci\u00f3n de empresas, administraci\u00f3n gastron\u00f3mica o afines.<\/p>\n<p>-Experiencia en cadenas gastron\u00f3micas m\u00ednimo 5 a\u00f1os.<\/p>\n<p>-Orientaci\u00f3n al cliente y calidad de productos.<\/p>\n<p>&#8211; Liderazgo y comunicaci\u00f3n.<\/p>\n<p>-Proactividad y orientaci\u00f3n a resultados.<\/p>\n<p>-Trabajo en equipo.<\/p>\n<p>-Edad: entre 28 y 45 a\u00f1os.<\/p>\n<p><strong>Herramientas:<\/strong><\/p>\n<p>-Manejo de Excel avanzado.<\/p>\n<p>-Experiencia en sistemas de gesti\u00f3n comercial.<\/p>\n<p><strong>Lugar de trabajo:<\/strong><\/p>\n<p>Pilar. Panamericana Km. 53.<\/p>\n<p>Se valorar\u00e1 experiencia de al menos dos a\u00f1os en rubro gastronom\u00eda.<\/p>\n<p>Los interesados deben\u00a0<strong>mandar su CV<\/strong>\u00a0a la casilla de correo electr\u00f3nico:\u00a0<strong>pilar@atalaya.com.ar\u00a0<\/strong>indicando<strong>\u00a0remuneraci\u00f3n pretendida y colocando en el asunto: Supervisor de local.<\/strong><\/p>\n<p><strong>LA HISTORIA DEL PARADOR ATALAYA.<\/strong><\/p>\n<p><strong>Desde hace 80 a\u00f1os, el parador Atalaya es un cl\u00e1sico de los viajes a la costa,\u00a0<\/strong>con su local hist\u00f3rico de la ruta 2 a la altura de Chascom\u00fas.\u00a0<strong>Fundado en 1942<\/strong>, surgi\u00f3 como una empresa familiar dedicada a la elaboraci\u00f3n artesanal, rasgo que se ha mantenido a trav\u00e9s del tiempo y que hoy constituye parte de su identidad.<\/p>\n<p>Por este motivo, el parador se ha convertido en una referencia obligada y punto de encuentro de muchas generaciones de argentinos, llegando a producir m\u00e1s de 100 mil medialunas diarias en los picos de temporada.<\/p>\n<\/article>\n<div class=\"share-buttons\">\n<ul class=\"share-buttons__list\">\n<li class=\"share-buttons__button share-buttons--twitter\"><a href=\"https:\/\/www.pilaradiario.com\/parador-atalaya-a20751\">Nota publicada en\u00a0<\/a><a href=\"https:\/\/www.pilaradiario.com\/busqueda-personal-a17140\">pilaradiario.com<\/a><\/li>\n<li class=\"share-buttons__button share-buttons--twitter\"><\/li>\n<\/ul>\n<\/div>\n<\/div>\n<\/div>\n","protected":false},"excerpt":{"rendered":"<p>El Parador Atalaya se instala en el km 53 de la Panamericana, e incorpora personal.<\/p>\n","protected":false},"author":3,"featured_media":20742,"comment_status":"open","ping_status":"open","sticky":false,"template":"","format":"standard","meta":{"footnotes":"","jetpack_publicize_message":"","jetpack_publicize_feature_enabled":true,"jetpack_social_post_already_shared":true,"jetpack_social_options":{"image_generator_settings":{"template":"highway","default_image_id":0,"font":"","enabled":false},"version":2}},"categories":[13],"tags":[2303,1508],"class_list":["post-20737","post","type-post","status-publish","format-standard","has-post-thumbnail","hentry","category-interes-general","tag-atalaya","tag-pilar"],"jetpack_publicize_connections":[],"jetpack_featured_media_url":"https:\/\/revistaepocadigital.com.ar\/wp-content\/uploads\/2023\/05\/atalaya-llegan-al-km-53-la-panamericana-1.webp","jetpack_likes_enabled":true,"_links":{"self":[{"href":"https:\/\/revistaepocadigital.com.ar\/index.php?rest_route=\/wp\/v2\/posts\/20737","targetHints":{"allow":["GET"]}}],"collection":[{"href":"https:\/\/revistaepocadigital.com.ar\/index.php?rest_route=\/wp\/v2\/posts"}],"about":[{"href":"https:\/\/revistaepocadigital.com.ar\/index.php?rest_route=\/wp\/v2\/types\/post"}],"author":[{"embeddable":true,"href":"https:\/\/revistaepocadigital.com.ar\/index.php?rest_route=\/wp\/v2\/users\/3"}],"replies":[{"embeddable":true,"href":"https:\/\/revistaepocadigital.com.ar\/index.php?rest_route=%2Fwp%2Fv2%2Fcomments&post=20737"}],"version-history":[{"count":0,"href":"https:\/\/revistaepocadigital.com.ar\/index.php?rest_route=\/wp\/v2\/posts\/20737\/revisions"}],"wp:featuredmedia":[{"embeddable":true,"href":"https:\/\/revistaepocadigital.com.ar\/index.php?rest_route=\/wp\/v2\/media\/20742"}],"wp:attachment":[{"href":"https:\/\/revistaepocadigital.com.ar\/index.php?rest_route=%2Fwp%2Fv2%2Fmedia&parent=20737"}],"wp:term":[{"taxonomy":"category","embeddable":true,"href":"https:\/\/revistaepocadigital.com.ar\/index.php?rest_route=%2Fwp%2Fv2%2Fcategories&post=20737"},{"taxonomy":"post_tag","embeddable":true,"href":"https:\/\/revistaepocadigital.com.ar\/index.php?rest_route=%2Fwp%2Fv2%2Ftags&post=20737"}],"curies":[{"name":"wp","href":"https:\/\/api.w.org\/{rel}","templated":true}]}}