{"id":20774,"date":"2023-05-20T22:46:56","date_gmt":"2023-05-21T01:46:56","guid":{"rendered":"https:\/\/revistaepocadigital.com.ar\/?p=20774"},"modified":"2023-05-21T11:52:26","modified_gmt":"2023-05-21T14:52:26","slug":"marita-barletta-fallecio-una-gran-luchadora","status":"publish","type":"post","link":"https:\/\/revistaepocadigital.com.ar\/?p=20774","title":{"rendered":"Marita Barletta, falleci\u00f3 una gran luchadora"},"content":{"rendered":"<p><strong>BUENA GENTE.<\/strong><!--more--><\/p>\n<p>Tristeza, pesar, dolor, ha causado el fallecimiento de Marita Barletta. Su documento indic\u00f3 que se llamaba Mar\u00eda Ang\u00e9lica, sin embargo su nombre qued\u00f3 perdido en el camino. Siempre fue Marita para todos, para sus familiares, los tantos amigos que supo cosechar, vecinos, compa\u00f1eros de trabajo (viv\u00eda en forma casi permanente en Buenos Aires donde se desempe\u00f1\u00f3 en la empresa Ovobrand S.A).<\/p>\n<p>Su salud desde muchos a\u00f1os atr\u00e1s le hizo atravesar muy duras pruebas, sin embargo, siempre muy cuidadosa y cargada de fe y ganas de vivir, con el respaldo de m\u00e9dicos, de sus sobrinos y el de su grupo inquebrantable de amigas de toda la vida (Eleonora Migliaro, Mar\u00eda In\u00e9s Salinas, Maria Eugenia Costantini, Graciela Ojuez su compa\u00f1era de escuela desde primer grado, entre otras), supo salir adelante. Sin embargo, el paso de los a\u00f1os, puso en jaque a su d\u00e9bil coraz\u00f3n, su salud se resquebraj\u00f3 y pese a que la solidaridad hizo que le llegara el coraz\u00f3n para su trasplante, no fue suficiente y muri\u00f3 el 29 de abril \u00faltimo.<\/p>\n<p>Cuando una persona fallece se la suele evocar y recordar con sentidas palabras. Por eso en tal sentido, vale la pena reflejar la sentida publicaci\u00f3n de la empresa Ovobrand en el diario La Naci\u00f3n, ante el fallecimiento de Marita Barletta.<\/p>\n<p>&nbsp;<\/p>\n<figure id=\"attachment_20776\" aria-describedby=\"caption-attachment-20776\" style=\"width: 696px\" class=\"wp-caption aligncenter\"><img loading=\"lazy\" decoding=\"async\" class=\"size-large wp-image-20776\" src=\"https:\/\/revistaepocadigital.com.ar\/wp-content\/uploads\/2023\/05\/thumbnail-1aa-894x1200.jpeg\" alt=\"\" width=\"696\" height=\"934\" srcset=\"https:\/\/revistaepocadigital.com.ar\/wp-content\/uploads\/2023\/05\/thumbnail-1aa-894x1200.jpeg 894w, https:\/\/revistaepocadigital.com.ar\/wp-content\/uploads\/2023\/05\/thumbnail-1aa-224x300.jpeg 224w, https:\/\/revistaepocadigital.com.ar\/wp-content\/uploads\/2023\/05\/thumbnail-1aa-768x1030.jpeg 768w, https:\/\/revistaepocadigital.com.ar\/wp-content\/uploads\/2023\/05\/thumbnail-1aa-696x934.jpeg 696w, https:\/\/revistaepocadigital.com.ar\/wp-content\/uploads\/2023\/05\/thumbnail-1aa-313x420.jpeg 313w, https:\/\/revistaepocadigital.com.ar\/wp-content\/uploads\/2023\/05\/thumbnail-1aa-626x840.jpeg 626w, https:\/\/revistaepocadigital.com.ar\/wp-content\/uploads\/2023\/05\/thumbnail-1aa.jpeg 934w\" sizes=\"auto, (max-width: 696px) 100vw, 696px\" \/><figcaption id=\"caption-attachment-20776\" class=\"wp-caption-text\">rrrrrrrrrrrrrrrrr<\/figcaption><\/figure>\n","protected":false},"excerpt":{"rendered":"<p>BUENA GENTE.<\/p>\n","protected":false},"author":3,"featured_media":20780,"comment_status":"open","ping_status":"open","sticky":false,"template":"","format":"standard","meta":{"footnotes":"","jetpack_publicize_message":"","jetpack_publicize_feature_enabled":true,"jetpack_social_post_already_shared":true,"jetpack_social_options":{"image_generator_settings":{"template":"highway","default_image_id":0,"font":"","enabled":false},"version":2}},"categories":[14],"tags":[405,2307],"class_list":["post-20774","post","type-post","status-publish","format-standard","has-post-thumbnail","hentry","category-la-gente","tag-fallecimiento","tag-m-barletta"],"jetpack_publicize_connections":[],"jetpack_featured_media_url":"https:\/\/revistaepocadigital.com.ar\/wp-content\/uploads\/2023\/05\/barletta-ma.jpg","jetpack_likes_enabled":true,"_links":{"self":[{"href":"https:\/\/revistaepocadigital.com.ar\/index.php?rest_route=\/wp\/v2\/posts\/20774","targetHints":{"allow":["GET"]}}],"collection":[{"href":"https:\/\/revistaepocadigital.com.ar\/index.php?rest_route=\/wp\/v2\/posts"}],"about":[{"href":"https:\/\/revistaepocadigital.com.ar\/index.php?rest_route=\/wp\/v2\/types\/post"}],"author":[{"embeddable":true,"href":"https:\/\/revistaepocadigital.com.ar\/index.php?rest_route=\/wp\/v2\/users\/3"}],"replies":[{"embeddable":true,"href":"https:\/\/revistaepocadigital.com.ar\/index.php?rest_route=%2Fwp%2Fv2%2Fcomments&post=20774"}],"version-history":[{"count":0,"href":"https:\/\/revistaepocadigital.com.ar\/index.php?rest_route=\/wp\/v2\/posts\/20774\/revisions"}],"wp:featuredmedia":[{"embeddable":true,"href":"https:\/\/revistaepocadigital.com.ar\/index.php?rest_route=\/wp\/v2\/media\/20780"}],"wp:attachment":[{"href":"https:\/\/revistaepocadigital.com.ar\/index.php?rest_route=%2Fwp%2Fv2%2Fmedia&parent=20774"}],"wp:term":[{"taxonomy":"category","embeddable":true,"href":"https:\/\/revistaepocadigital.com.ar\/index.php?rest_route=%2Fwp%2Fv2%2Fcategories&post=20774"},{"taxonomy":"post_tag","embeddable":true,"href":"https:\/\/revistaepocadigital.com.ar\/index.php?rest_route=%2Fwp%2Fv2%2Ftags&post=20774"}],"curies":[{"name":"wp","href":"https:\/\/api.w.org\/{rel}","templated":true}]}}