{"id":2082,"date":"2019-04-04T16:39:26","date_gmt":"2019-04-04T19:39:26","guid":{"rendered":"https:\/\/revistaepocadigital.com.ar\/?p=2082"},"modified":"2019-04-04T16:39:26","modified_gmt":"2019-04-04T19:39:26","slug":"la-hora-del-pueblo","status":"publish","type":"post","link":"https:\/\/revistaepocadigital.com.ar\/?p=2082","title":{"rendered":"LA HORA DEL PUEBLO"},"content":{"rendered":"<p><strong>ENTRE TANTAS COMPLEJIDADES.<\/strong><!--more--><\/p>\n<p>Que azotan a los argentinos, atravesamos un a\u00f1o electoral vital, fundamental para el futuro del pa\u00eds y claro, para los habitantes de Exaltaci\u00f3n de la Cruz. Y entre los obst\u00e1culos que a diario aparecen, la voz del pueblo se hace escuchar, de distintas maneras. Rescatemos las de aquellos argentinos que son mayor\u00eda, y plantean sus reclamos con fundamentos y sin salirse de los carriles que indican la tolerancia y los pensamientos distintos.<\/p>\n<p>Veamos en nuestro distrito, las ponencias de los <strong>Vecinos del Arroyo La Plegaria<\/strong>, nucleados para hacer escuchar sus fundadas razones para evitar que los efluentes tratados seg\u00fan voceros del <strong>Parque Industrial Ruta 6<\/strong>, atraviesen <strong>Los Cardales<\/strong>, por las que se han hecho escuchar desde hace mucho. La empresa luego de reuniones algidas, propuso un proyecto que va en camino de solucionar semejante problema. Ahora bien, a la soluci\u00f3n se oponen desde el partido de<strong> Pilar<\/strong>, dado que consideran que se ver\u00e1n afectados, dado que los efluentes seg\u00fan el proyecto del parque industrial ruta 6, se direccionar\u00e1n al Arroyo Burgos en el distrito de Pilar, donde confluyen a su vez los desagues del parque industrial del vecino partido.<\/p>\n<p>La controversia planteada amerita desde ya, la <strong>intervenci\u00f3n de los municipios de Exaltaci\u00f3n de la Cruz y Pilar y de las \u00e1reas correspondientes del gobierno provincial<\/strong>, a modo de arribar a una soluci\u00f3n conjunta que contemple a la partes y fundamentalmente, defienda la calidad de vida de los vecinos.<\/p>\n<p>Y si de calidad de vida y de reclamos y rechazos a pr\u00e1cticas que van en contra, se debe hablar de la ordenanza del <strong>Concejo Deliberante de Exaltaci\u00f3n de la Cruz, por la cual quedaron prohibidos en nuestro distrito las fumigaciones a\u00e9reas<\/strong>. Como se sabe, hace poco provoc\u00f3 profundo rechazo una fumigaci\u00f3n a\u00e9rea efectuada en un campo cercano a la escuela de Parada Robles, episodio que en definitiva, fue el disparador para que el HCD tratara y aprobara la ordenanza en cuesti\u00f3n.<\/p>\n<p>En l\u00ednea con reclamos y aquellos de la hora del pueblo, se hicieron escuchar vecinos y familias cuyos hijos estudian en la <strong>escuela t\u00e9cnica de Parada Robles, los que soportanban el problema de no contar con colectivos para viajar a estudiar.<\/strong> Esas voces, derivaron en reuniones del intendente S\u00e1nchez con representantes de la empresa Ruta Bus, diagram\u00e1ndose un esquema que posibilita el traslado de los alumnos.<\/p>\n<p>La &#8220;onda expansiva&#8221; de los reclamos, se traslad\u00f3 por el lado del municipio por falta de respuestas, al<strong> ministerio de seguridad provincial<\/strong>, luego de las peticiones para contar con m\u00e1s moviles policiales y un incremento de presupuesto. Luego de una reuni\u00f3n reciente entre el ministro <strong>Ritondo y Ra\u00fal Sancho,<\/strong> el presidente del HCD y referente de Cambiemos en el distrito, se acord\u00f3 el env\u00edo ya concretado de cuatro nuevos m\u00f3viles.<\/p>\n<p>El p\u00e1rrafo final, y porqu\u00e9 no el m\u00e1s importante, dedicado a aquellos argentinos que dejaron sus vidas en defensa de nuestras <strong>Islas Malvinas<\/strong>, cuyo nuevo aniversario de la gesta tuvo lugar el 2 de este mes. H\u00e9roes los que cayeron en Malvinas y los que sobrevivieron, que jam\u00e1s debemos dejar de reconocer y honrar.<\/p>\n<p><strong>LA DIRECCION<\/strong><\/p>\n","protected":false},"excerpt":{"rendered":"<p>ENTRE TANTAS COMPLEJIDADES.<\/p>\n","protected":false},"author":4,"featured_media":2083,"comment_status":"open","ping_status":"open","sticky":false,"template":"","format":"standard","meta":{"footnotes":"","jetpack_publicize_message":"","jetpack_publicize_feature_enabled":true,"jetpack_social_post_already_shared":false,"jetpack_social_options":{"image_generator_settings":{"template":"highway","default_image_id":0,"font":"","enabled":false},"version":2}},"categories":[10],"tags":[37,288],"class_list":["post-2082","post","type-post","status-publish","format-standard","has-post-thumbnail","hentry","category-editorial","tag-destacada","tag-editorial-4-19"],"jetpack_publicize_connections":[],"jetpack_featured_media_url":"https:\/\/revistaepocadigital.com.ar\/wp-content\/uploads\/2019\/04\/malvinas.jpg","jetpack_likes_enabled":true,"_links":{"self":[{"href":"https:\/\/revistaepocadigital.com.ar\/index.php?rest_route=\/wp\/v2\/posts\/2082","targetHints":{"allow":["GET"]}}],"collection":[{"href":"https:\/\/revistaepocadigital.com.ar\/index.php?rest_route=\/wp\/v2\/posts"}],"about":[{"href":"https:\/\/revistaepocadigital.com.ar\/index.php?rest_route=\/wp\/v2\/types\/post"}],"author":[{"embeddable":true,"href":"https:\/\/revistaepocadigital.com.ar\/index.php?rest_route=\/wp\/v2\/users\/4"}],"replies":[{"embeddable":true,"href":"https:\/\/revistaepocadigital.com.ar\/index.php?rest_route=%2Fwp%2Fv2%2Fcomments&post=2082"}],"version-history":[{"count":0,"href":"https:\/\/revistaepocadigital.com.ar\/index.php?rest_route=\/wp\/v2\/posts\/2082\/revisions"}],"wp:featuredmedia":[{"embeddable":true,"href":"https:\/\/revistaepocadigital.com.ar\/index.php?rest_route=\/wp\/v2\/media\/2083"}],"wp:attachment":[{"href":"https:\/\/revistaepocadigital.com.ar\/index.php?rest_route=%2Fwp%2Fv2%2Fmedia&parent=2082"}],"wp:term":[{"taxonomy":"category","embeddable":true,"href":"https:\/\/revistaepocadigital.com.ar\/index.php?rest_route=%2Fwp%2Fv2%2Fcategories&post=2082"},{"taxonomy":"post_tag","embeddable":true,"href":"https:\/\/revistaepocadigital.com.ar\/index.php?rest_route=%2Fwp%2Fv2%2Ftags&post=2082"}],"curies":[{"name":"wp","href":"https:\/\/api.w.org\/{rel}","templated":true}]}}