{"id":20833,"date":"2023-05-11T01:58:00","date_gmt":"2023-05-11T04:58:00","guid":{"rendered":"https:\/\/revistaepocadigital.com.ar\/?p=20833"},"modified":"2023-05-12T02:00:24","modified_gmt":"2023-05-12T05:00:24","slug":"fran-miranda-va-por-el-campeonato-argentino-en-1500-metros","status":"publish","type":"post","link":"https:\/\/revistaepocadigital.com.ar\/?p=20833","title":{"rendered":"Fran Miranda va por el campeonato argentino en 1500 metros"},"content":{"rendered":"<p><strong>EN CONCEPCI\u00d3N DEL URUGUAY, ENTRE R\u00cdOS.<\/strong><!--more--><\/p>\n<p>Tiene lugar el<strong> Campeonato Argentino de Atletismo<\/strong>, con la participaci\u00f3n de los mejores competidores del pa\u00eds, entre los que se encuentra el capillense <strong><em>Fran<\/em> Miranda.<\/strong><\/p>\n<p><span class=\"x4k7w5x x1h91t0o x1h9r5lt x1jfb8zj xv2umb2 x1beo9mf xaigb6o x12ejxvf x3igimt xarpa2k xedcshv x1lytzrv x1t2pt76 x7ja8zs x1qrby5j\"><img decoding=\"async\" class=\"x1rg5ohu x5yr21d xl1xv1r xh8yej3\" src=\"https:\/\/scontent-eze1-1.xx.fbcdn.net\/v\/t39.30808-1\/342719310_738373957839185_5887101316341595661_n.jpg?stp=dst-jpg_p100x100&amp;_nc_cat=111&amp;ccb=1-7&amp;_nc_sid=7206a8&amp;_nc_ohc=qkE4PV5VdQYAX90yYy6&amp;_nc_ad=z-m&amp;_nc_cid=0&amp;_nc_ht=scontent-eze1-1.xx&amp;oh=00_AfDCFRChwJR3pvcgvXOvK9B8XeFONrnNhHfFtUUfJHFMag&amp;oe=6462354A\" alt=\"Fran Miranda\" \/><\/span><\/p>\n<p>Miranda compet\u00eda hoy (12 de mayo, 15.45 horas) en la prueba sobre la distancia de 1500 metros, la competencia ten\u00eda lugar en la pista n\u00famero 3 del CEF Hugo La Nasa de Concepci\u00f3n del Uruguay, y se mostr\u00f3 muy bien preparado y confiado contando &#8220;con el apoyo de AATrece y la Municipalidad de Exaltaci\u00f3n de la Cruz-intendente Diego Nanni&#8221; dijo, en lo que era su segundo Campeonato Argentino, &#8220;enfrentando a los atletas del mejor nivel de la Argentina&#8221;, dijo a EPOCA.<\/p>\n<div class=\"x78zum5 x1r8uery xdt5ytf x1iyjqo2 xmz0i5r x6ikm8r x10wlt62 x1n2onr6\">\n<div class=\"x63ui4o x18i3tt1 x6ikm8r x10wlt62 x78zum5 x1iyjqo2 xdt5ytf\" role=\"grid\" aria-label=\"Mensajes de la conversaci\u00f3n con Fran Miranda\">\n<div class=\"x1qjc9v5 x9f619 xdl72j9 x2lwn1j xeuugli x1n2onr6 x78zum5 xdt5ytf x1iyjqo2 xs83m0k xc8icb0 x6ikm8r x10wlt62 x1ja2u2z\">\n<div class=\"x78zum5 xdt5ytf x1iyjqo2 xs83m0k xc8icb0 x6ikm8r x10wlt62 x1ja2u2z\">\n<div class=\"x78zum5 xdt5ytf x1iyjqo2 x6ikm8r x10wlt62 x1n2onr6 x1xzczws\">\n<div class=\"x78zum5 xdt5ytf x1iyjqo2 xs83m0k x1xzczws x6ikm8r x1rife3k x1n2onr6 xh8yej3\">\n<div class=\"\">\n<div class=\"x1n2onr6\">\n<div class=\"__fb-dark-mode x1n2onr6\" role=\"row\">\n<div class=\"\">\n<p>FECHA: 12, 13 y 14 mayo de 2023<br \/>\nLUGAR: Pista Solado Sint\u00e9tico Centro de Educaci\u00f3n F\u00edsico N\u00b0 3 \u201cHugo Mario La Nasa\u201d ORGANIZA Y FISCALIZA: Por delegaci\u00f3n de la CADA la Federaci\u00f3n Atl\u00e9tica de Entre R\u00edos<\/p>\n<\/div>\n<\/div>\n<\/div>\n<\/div>\n<\/div>\n<\/div>\n<\/div>\n<\/div>\n<\/div>\n<\/div>\n","protected":false},"excerpt":{"rendered":"<p>EN CONCEPCI\u00d3N DEL URUGUAY, ENTRE R\u00cdOS.<\/p>\n","protected":false},"author":4,"featured_media":20835,"comment_status":"open","ping_status":"open","sticky":false,"template":"","format":"standard","meta":{"footnotes":"","jetpack_publicize_message":"","jetpack_publicize_feature_enabled":true,"jetpack_social_post_already_shared":true,"jetpack_social_options":{"image_generator_settings":{"template":"highway","default_image_id":0,"font":"","enabled":false},"version":2}},"categories":[13],"tags":[2315,1225],"class_list":["post-20833","post","type-post","status-publish","format-standard","has-post-thumbnail","hentry","category-interes-general","tag-argentino-de-atletismo","tag-miranda"],"jetpack_publicize_connections":[],"jetpack_featured_media_url":"https:\/\/revistaepocadigital.com.ar\/wp-content\/uploads\/2023\/05\/miranda-f-23.jpg","jetpack_likes_enabled":true,"_links":{"self":[{"href":"https:\/\/revistaepocadigital.com.ar\/index.php?rest_route=\/wp\/v2\/posts\/20833","targetHints":{"allow":["GET"]}}],"collection":[{"href":"https:\/\/revistaepocadigital.com.ar\/index.php?rest_route=\/wp\/v2\/posts"}],"about":[{"href":"https:\/\/revistaepocadigital.com.ar\/index.php?rest_route=\/wp\/v2\/types\/post"}],"author":[{"embeddable":true,"href":"https:\/\/revistaepocadigital.com.ar\/index.php?rest_route=\/wp\/v2\/users\/4"}],"replies":[{"embeddable":true,"href":"https:\/\/revistaepocadigital.com.ar\/index.php?rest_route=%2Fwp%2Fv2%2Fcomments&post=20833"}],"version-history":[{"count":0,"href":"https:\/\/revistaepocadigital.com.ar\/index.php?rest_route=\/wp\/v2\/posts\/20833\/revisions"}],"wp:featuredmedia":[{"embeddable":true,"href":"https:\/\/revistaepocadigital.com.ar\/index.php?rest_route=\/wp\/v2\/media\/20835"}],"wp:attachment":[{"href":"https:\/\/revistaepocadigital.com.ar\/index.php?rest_route=%2Fwp%2Fv2%2Fmedia&parent=20833"}],"wp:term":[{"taxonomy":"category","embeddable":true,"href":"https:\/\/revistaepocadigital.com.ar\/index.php?rest_route=%2Fwp%2Fv2%2Fcategories&post=20833"},{"taxonomy":"post_tag","embeddable":true,"href":"https:\/\/revistaepocadigital.com.ar\/index.php?rest_route=%2Fwp%2Fv2%2Ftags&post=20833"}],"curies":[{"name":"wp","href":"https:\/\/api.w.org\/{rel}","templated":true}]}}