{"id":20838,"date":"2023-05-12T02:05:50","date_gmt":"2023-05-12T05:05:50","guid":{"rendered":"https:\/\/revistaepocadigital.com.ar\/?p=20838"},"modified":"2023-05-12T02:06:13","modified_gmt":"2023-05-12T05:06:13","slug":"operativo-de-anses-y-pami","status":"publish","type":"post","link":"https:\/\/revistaepocadigital.com.ar\/?p=20838","title":{"rendered":"OPERATIVO DE ANSES Y PAMI"},"content":{"rendered":"<p><strong>TAMBI\u00c9N PARTICIPARON PROMOTORES DE LA PROVINCIA DE BUENOS AIRES.<\/strong><!--more--><\/p>\n<p>Encabezado por Emmanuel Martinez, responsable de la oficina de ANSES de Exaltaci\u00f3n de la Cruz, tuvo lugar en Los Cardales un nuevo operativo de ANSES junto a PAMI, el objetivo fue el de garantizar el acceso a vecinos cardalenses. Estos encuentros tienen lugar todos los jueves, de 9 a 13 horas en el Centro de Jubilados y Pensionados de Los Cardales.<\/p>\n<p>Del operativo tambi\u00e9n participaron Promotores de Salud de la provincia de Buenos Aires, que se encargaron de realizar tareas de\u00a0 Prevenci\u00f3n y Promoci\u00f3n de la Salud, Chequeo de presi\u00f3n arterial y glucosa y Taller de promopreventivos de dengue y salud bucal.<\/p>\n<pre>Fuente: La Gaceta de Exaltaci\u00f3n<\/pre>\n<p>&nbsp;<\/p>\n<p>&nbsp;<\/p>\n","protected":false},"excerpt":{"rendered":"<p>TAMBI\u00c9N PARTICIPARON PROMOTORES DE LA PROVINCIA DE BUENOS AIRES.<\/p>\n","protected":false},"author":3,"featured_media":20839,"comment_status":"open","ping_status":"open","sticky":false,"template":"","format":"standard","meta":{"footnotes":"","jetpack_publicize_message":"","jetpack_publicize_feature_enabled":true,"jetpack_social_post_already_shared":true,"jetpack_social_options":{"image_generator_settings":{"template":"highway","default_image_id":0,"font":"","enabled":false},"version":2}},"categories":[4],"tags":[21,69],"class_list":["post-20838","post","type-post","status-publish","format-standard","has-post-thumbnail","hentry","category-aqui-los-cardales","tag-anses","tag-pami"],"jetpack_publicize_connections":[],"jetpack_featured_media_url":"https:\/\/revistaepocadigital.com.ar\/wp-content\/uploads\/2023\/05\/martinez-ema1.jpg","jetpack_likes_enabled":true,"_links":{"self":[{"href":"https:\/\/revistaepocadigital.com.ar\/index.php?rest_route=\/wp\/v2\/posts\/20838","targetHints":{"allow":["GET"]}}],"collection":[{"href":"https:\/\/revistaepocadigital.com.ar\/index.php?rest_route=\/wp\/v2\/posts"}],"about":[{"href":"https:\/\/revistaepocadigital.com.ar\/index.php?rest_route=\/wp\/v2\/types\/post"}],"author":[{"embeddable":true,"href":"https:\/\/revistaepocadigital.com.ar\/index.php?rest_route=\/wp\/v2\/users\/3"}],"replies":[{"embeddable":true,"href":"https:\/\/revistaepocadigital.com.ar\/index.php?rest_route=%2Fwp%2Fv2%2Fcomments&post=20838"}],"version-history":[{"count":0,"href":"https:\/\/revistaepocadigital.com.ar\/index.php?rest_route=\/wp\/v2\/posts\/20838\/revisions"}],"wp:featuredmedia":[{"embeddable":true,"href":"https:\/\/revistaepocadigital.com.ar\/index.php?rest_route=\/wp\/v2\/media\/20839"}],"wp:attachment":[{"href":"https:\/\/revistaepocadigital.com.ar\/index.php?rest_route=%2Fwp%2Fv2%2Fmedia&parent=20838"}],"wp:term":[{"taxonomy":"category","embeddable":true,"href":"https:\/\/revistaepocadigital.com.ar\/index.php?rest_route=%2Fwp%2Fv2%2Fcategories&post=20838"},{"taxonomy":"post_tag","embeddable":true,"href":"https:\/\/revistaepocadigital.com.ar\/index.php?rest_route=%2Fwp%2Fv2%2Ftags&post=20838"}],"curies":[{"name":"wp","href":"https:\/\/api.w.org\/{rel}","templated":true}]}}