{"id":20841,"date":"2023-05-13T01:25:03","date_gmt":"2023-05-13T04:25:03","guid":{"rendered":"https:\/\/revistaepocadigital.com.ar\/?p=20841"},"modified":"2023-05-16T23:40:21","modified_gmt":"2023-05-17T02:40:21","slug":"seleccionados-del-programa-de-becas-universitarias-y-terciarias-del-club-de-leones","status":"publish","type":"post","link":"https:\/\/revistaepocadigital.com.ar\/?p=20841","title":{"rendered":"Seleccionados del Programa de Becas Universitarias y Terciarias del Club de Leones"},"content":{"rendered":"<p><strong>RECIBIDOS EN LA SEDE DEL CLUB DE LEONES DE CAPILLA DEL SE\u00d1OR.<\/strong><!--more--><\/p>\n<p>Asistieron a la reuni\u00f3n de la entidad leon\u00edstica (9\/5). El encuentro sirvi\u00f3 para proceder al pago de las primeras cuotas de Becas Universitarias y Terciarias 2023 institu\u00eddas por los Leones.<\/p>\n<p>Los estudiantes becados son Jorge Alberto Ojuez de la localidad de Diego Gaynor estudiante de Profesorado de Geograf\u00eda; Celeste Maribel Cufr\u00e9 quien estudia gastronom\u00eda, Acu\u00f1a estudiante de Educaci\u00f3n F\u00edsica; Federico Ezequiel Nu\u00f1ez, estudiando para Martillero P\u00fablico y Milagros Godoy estudiante de profesorado de Educaci\u00f3n F\u00edsica, estos \u00faltimos cuatro de Capilla del Se\u00f1or.<\/p>\n<p>&#8220;Agradecemos el importante e indispensable aporte de la comunidad, que con su su colaboraci\u00f3n en eventos y con la compra de nuestro bono contribuci\u00f3n, hacen posible que estos j\u00f3venes se aproximen a cumplir sus proyectos de vida&#8221;, se\u00f1alaron desde los Leones.<\/p>\n<p>Colaboraci\u00f3n en entretenimiento Familiar.<br \/>\nEl s\u00e1bado 6 Los Leones trabajaron junto a instructores, alumnos y padres en colaboraci\u00f3n a la Escuela de taekwondo Sam-il. &#8220;Agradecemos la confianza depositada en nuestro club y la gran colaboraci\u00f3n de los presentes&#8221;, mencionaron integrantes de la entidad leon\u00edstica.<\/p>\n<p>&nbsp;<\/p>\n","protected":false},"excerpt":{"rendered":"<p>RECIBIDOS EN LA SEDE DEL CLUB DE LEONES DE CAPILLA DEL SE\u00d1OR.<\/p>\n","protected":false},"author":4,"featured_media":20843,"comment_status":"open","ping_status":"open","sticky":false,"template":"","format":"standard","meta":{"footnotes":"","jetpack_publicize_message":"","jetpack_publicize_feature_enabled":true,"jetpack_social_post_already_shared":true,"jetpack_social_options":{"image_generator_settings":{"template":"highway","default_image_id":0,"font":"","enabled":false},"version":2}},"categories":[11],"tags":[2152,311,61],"class_list":["post-20841","post","type-post","status-publish","format-standard","has-post-thumbnail","hentry","category-entidades","tag-2152","tag-becas","tag-leones"],"jetpack_publicize_connections":[],"jetpack_featured_media_url":"https:\/\/revistaepocadigital.com.ar\/wp-content\/uploads\/2023\/05\/leone-becas.jpg","jetpack_likes_enabled":true,"_links":{"self":[{"href":"https:\/\/revistaepocadigital.com.ar\/index.php?rest_route=\/wp\/v2\/posts\/20841","targetHints":{"allow":["GET"]}}],"collection":[{"href":"https:\/\/revistaepocadigital.com.ar\/index.php?rest_route=\/wp\/v2\/posts"}],"about":[{"href":"https:\/\/revistaepocadigital.com.ar\/index.php?rest_route=\/wp\/v2\/types\/post"}],"author":[{"embeddable":true,"href":"https:\/\/revistaepocadigital.com.ar\/index.php?rest_route=\/wp\/v2\/users\/4"}],"replies":[{"embeddable":true,"href":"https:\/\/revistaepocadigital.com.ar\/index.php?rest_route=%2Fwp%2Fv2%2Fcomments&post=20841"}],"version-history":[{"count":0,"href":"https:\/\/revistaepocadigital.com.ar\/index.php?rest_route=\/wp\/v2\/posts\/20841\/revisions"}],"wp:featuredmedia":[{"embeddable":true,"href":"https:\/\/revistaepocadigital.com.ar\/index.php?rest_route=\/wp\/v2\/media\/20843"}],"wp:attachment":[{"href":"https:\/\/revistaepocadigital.com.ar\/index.php?rest_route=%2Fwp%2Fv2%2Fmedia&parent=20841"}],"wp:term":[{"taxonomy":"category","embeddable":true,"href":"https:\/\/revistaepocadigital.com.ar\/index.php?rest_route=%2Fwp%2Fv2%2Fcategories&post=20841"},{"taxonomy":"post_tag","embeddable":true,"href":"https:\/\/revistaepocadigital.com.ar\/index.php?rest_route=%2Fwp%2Fv2%2Ftags&post=20841"}],"curies":[{"name":"wp","href":"https:\/\/api.w.org\/{rel}","templated":true}]}}