{"id":20879,"date":"2023-05-17T02:44:29","date_gmt":"2023-05-17T05:44:29","guid":{"rendered":"https:\/\/revistaepocadigital.com.ar\/?p=20879"},"modified":"2023-05-17T02:44:29","modified_gmt":"2023-05-17T05:44:29","slug":"de-nuevo-funcionan-los-colectivos-entre-capilla-y-zarate","status":"publish","type":"post","link":"https:\/\/revistaepocadigital.com.ar\/?p=20879","title":{"rendered":"De nuevo funcionan los colectivos entre Capilla y Z\u00e1rate"},"content":{"rendered":"<p><strong>SE RESTABLECI\u00d3 EL SERVICIO<\/strong>.<!--more--><\/p>\n<p>Los directores de Transporte y la OMIC local, junto al director general de Movilidad Urbana del municipio de Z\u00e1rate, visitaron la estaci\u00f3n de Capilla del Se\u00f1or para dialogar con los usuarios y el ch\u00f3fer del servicio de transporte de pasajeros hacia Z\u00e1rate, que fue restablecido el lunes 15 de mayo pasado, por gestiones del municipio y el ministerio de Transporte de la Provincia.<br \/>\nRecordamos que la frecuencia y los horarios es la misma que al momento de la suspensi\u00f3n del servicio en 2019, de lunes a viernes, aunque a\u00fan se mantienen vigentes las gestiones para mejorarla.<br \/>\nLos horarios se encuentran disponibles en la web https:\/\/www.exaltaciondelacruz.gob.ar\/OMIC\/?p=194<\/p>\n","protected":false},"excerpt":{"rendered":"<p>SE RESTABLECI\u00d3 EL SERVICIO.<\/p>\n","protected":false},"author":3,"featured_media":20880,"comment_status":"open","ping_status":"open","sticky":false,"template":"","format":"standard","meta":{"footnotes":"","jetpack_publicize_message":"","jetpack_publicize_feature_enabled":true,"jetpack_social_post_already_shared":true,"jetpack_social_options":{"image_generator_settings":{"template":"highway","default_image_id":0,"font":"","enabled":false},"version":2}},"categories":[17],"tags":[2319],"class_list":["post-20879","post","type-post","status-publish","format-standard","has-post-thumbnail","hentry","category-politica","tag-colectivos-capilla-a-zarate"],"jetpack_publicize_connections":[],"jetpack_featured_media_url":"https:\/\/revistaepocadigital.com.ar\/wp-content\/uploads\/2023\/05\/colectivo-atnamto.jpg","jetpack_likes_enabled":true,"_links":{"self":[{"href":"https:\/\/revistaepocadigital.com.ar\/index.php?rest_route=\/wp\/v2\/posts\/20879","targetHints":{"allow":["GET"]}}],"collection":[{"href":"https:\/\/revistaepocadigital.com.ar\/index.php?rest_route=\/wp\/v2\/posts"}],"about":[{"href":"https:\/\/revistaepocadigital.com.ar\/index.php?rest_route=\/wp\/v2\/types\/post"}],"author":[{"embeddable":true,"href":"https:\/\/revistaepocadigital.com.ar\/index.php?rest_route=\/wp\/v2\/users\/3"}],"replies":[{"embeddable":true,"href":"https:\/\/revistaepocadigital.com.ar\/index.php?rest_route=%2Fwp%2Fv2%2Fcomments&post=20879"}],"version-history":[{"count":0,"href":"https:\/\/revistaepocadigital.com.ar\/index.php?rest_route=\/wp\/v2\/posts\/20879\/revisions"}],"wp:featuredmedia":[{"embeddable":true,"href":"https:\/\/revistaepocadigital.com.ar\/index.php?rest_route=\/wp\/v2\/media\/20880"}],"wp:attachment":[{"href":"https:\/\/revistaepocadigital.com.ar\/index.php?rest_route=%2Fwp%2Fv2%2Fmedia&parent=20879"}],"wp:term":[{"taxonomy":"category","embeddable":true,"href":"https:\/\/revistaepocadigital.com.ar\/index.php?rest_route=%2Fwp%2Fv2%2Fcategories&post=20879"},{"taxonomy":"post_tag","embeddable":true,"href":"https:\/\/revistaepocadigital.com.ar\/index.php?rest_route=%2Fwp%2Fv2%2Ftags&post=20879"}],"curies":[{"name":"wp","href":"https:\/\/api.w.org\/{rel}","templated":true}]}}