{"id":20888,"date":"2023-05-18T00:06:08","date_gmt":"2023-05-18T03:06:08","guid":{"rendered":"https:\/\/revistaepocadigital.com.ar\/?p=20888"},"modified":"2023-05-19T18:01:02","modified_gmt":"2023-05-19T21:01:02","slug":"etchegoyen-esta-de-fiesta","status":"publish","type":"post","link":"https:\/\/revistaepocadigital.com.ar\/?p=20888","title":{"rendered":"Etchegoyen, por el mal tiempo la fiesta postergada"},"content":{"rendered":"<p><strong>ESTE S\u00c1BADO 20 DE MAYO ESTUVIERON PROGRAMADOS LOS FESTEJOS. SIN EMBARGO DEBIDO A LAS CONDICIONES CLIM\u00c1TICAS ADVERSAS, DESDE EL MUNICIPIO SE INFORM\u00d3 ACERCA DE LA POSTERGACI\u00d3N.<\/strong><!--more--><\/p>\n<p>La fiesta aniversario de un entra\u00f1able lugar del partido de Exaltaci\u00f3n de la Cruz.<\/p>\n<p><img loading=\"lazy\" decoding=\"async\" class=\"aligncenter size-full wp-image-20889\" src=\"https:\/\/revistaepocadigital.com.ar\/wp-content\/uploads\/2023\/05\/etche.jpg\" alt=\"\" width=\"960\" height=\"960\" srcset=\"https:\/\/revistaepocadigital.com.ar\/wp-content\/uploads\/2023\/05\/etche.jpg 960w, https:\/\/revistaepocadigital.com.ar\/wp-content\/uploads\/2023\/05\/etche-300x300.jpg 300w, https:\/\/revistaepocadigital.com.ar\/wp-content\/uploads\/2023\/05\/etche-150x150.jpg 150w, https:\/\/revistaepocadigital.com.ar\/wp-content\/uploads\/2023\/05\/etche-768x768.jpg 768w, https:\/\/revistaepocadigital.com.ar\/wp-content\/uploads\/2023\/05\/etche-696x696.jpg 696w, https:\/\/revistaepocadigital.com.ar\/wp-content\/uploads\/2023\/05\/etche-420x420.jpg 420w, https:\/\/revistaepocadigital.com.ar\/wp-content\/uploads\/2023\/05\/etche-840x840.jpg 840w\" sizes=\"auto, (max-width: 960px) 100vw, 960px\" \/><\/p>\n<p><img loading=\"lazy\" decoding=\"async\" class=\"aligncenter size-full wp-image-20890\" src=\"https:\/\/revistaepocadigital.com.ar\/wp-content\/uploads\/2023\/05\/etche-1.jpg\" alt=\"\" width=\"840\" height=\"840\" srcset=\"https:\/\/revistaepocadigital.com.ar\/wp-content\/uploads\/2023\/05\/etche-1.jpg 840w, https:\/\/revistaepocadigital.com.ar\/wp-content\/uploads\/2023\/05\/etche-1-300x300.jpg 300w, https:\/\/revistaepocadigital.com.ar\/wp-content\/uploads\/2023\/05\/etche-1-150x150.jpg 150w, https:\/\/revistaepocadigital.com.ar\/wp-content\/uploads\/2023\/05\/etche-1-768x768.jpg 768w, https:\/\/revistaepocadigital.com.ar\/wp-content\/uploads\/2023\/05\/etche-1-696x696.jpg 696w, https:\/\/revistaepocadigital.com.ar\/wp-content\/uploads\/2023\/05\/etche-1-420x420.jpg 420w\" sizes=\"auto, (max-width: 840px) 100vw, 840px\" \/><\/p>\n","protected":false},"excerpt":{"rendered":"<p>ESTE S\u00c1BADO 20 DE MAYO ESTUVIERON PROGRAMADOS LOS FESTEJOS. SIN EMBARGO DEBIDO A LAS CONDICIONES CLIM\u00c1TICAS ADVERSAS, DESDE EL MUNICIPIO SE INFORM\u00d3 ACERCA DE LA POSTERGACI\u00d3N.<\/p>\n","protected":false},"author":3,"featured_media":20889,"comment_status":"open","ping_status":"open","sticky":false,"template":"","format":"standard","meta":{"footnotes":"","jetpack_publicize_message":"","jetpack_publicize_feature_enabled":true,"jetpack_social_post_already_shared":true,"jetpack_social_options":{"image_generator_settings":{"template":"highway","default_image_id":0,"font":"","enabled":false},"version":2}},"categories":[12],"tags":[20,1538],"class_list":["post-20888","post","type-post","status-publish","format-standard","has-post-thumbnail","hentry","category-espectaculos","tag-aniversario","tag-etchegoyen"],"jetpack_publicize_connections":[],"jetpack_featured_media_url":"https:\/\/revistaepocadigital.com.ar\/wp-content\/uploads\/2023\/05\/etche.jpg","jetpack_likes_enabled":true,"_links":{"self":[{"href":"https:\/\/revistaepocadigital.com.ar\/index.php?rest_route=\/wp\/v2\/posts\/20888","targetHints":{"allow":["GET"]}}],"collection":[{"href":"https:\/\/revistaepocadigital.com.ar\/index.php?rest_route=\/wp\/v2\/posts"}],"about":[{"href":"https:\/\/revistaepocadigital.com.ar\/index.php?rest_route=\/wp\/v2\/types\/post"}],"author":[{"embeddable":true,"href":"https:\/\/revistaepocadigital.com.ar\/index.php?rest_route=\/wp\/v2\/users\/3"}],"replies":[{"embeddable":true,"href":"https:\/\/revistaepocadigital.com.ar\/index.php?rest_route=%2Fwp%2Fv2%2Fcomments&post=20888"}],"version-history":[{"count":0,"href":"https:\/\/revistaepocadigital.com.ar\/index.php?rest_route=\/wp\/v2\/posts\/20888\/revisions"}],"wp:featuredmedia":[{"embeddable":true,"href":"https:\/\/revistaepocadigital.com.ar\/index.php?rest_route=\/wp\/v2\/media\/20889"}],"wp:attachment":[{"href":"https:\/\/revistaepocadigital.com.ar\/index.php?rest_route=%2Fwp%2Fv2%2Fmedia&parent=20888"}],"wp:term":[{"taxonomy":"category","embeddable":true,"href":"https:\/\/revistaepocadigital.com.ar\/index.php?rest_route=%2Fwp%2Fv2%2Fcategories&post=20888"},{"taxonomy":"post_tag","embeddable":true,"href":"https:\/\/revistaepocadigital.com.ar\/index.php?rest_route=%2Fwp%2Fv2%2Ftags&post=20888"}],"curies":[{"name":"wp","href":"https:\/\/api.w.org\/{rel}","templated":true}]}}