{"id":20897,"date":"2023-05-19T00:13:54","date_gmt":"2023-05-19T03:13:54","guid":{"rendered":"https:\/\/revistaepocadigital.com.ar\/?p=20897"},"modified":"2023-05-19T00:29:49","modified_gmt":"2023-05-19T03:29:49","slug":"se-cumplen-50-anos-del-primer-gobierno-municipal-de-defensa-comunal","status":"publish","type":"post","link":"https:\/\/revistaepocadigital.com.ar\/?p=20897","title":{"rendered":"SE CUMPLEN 50 A\u00d1OS DEL PRIMER GOBIERNO MUNICIPAL DE DEFENSA COMUNAL"},"content":{"rendered":"<p><em><strong>DESDE AQUEL 25 DE MAYO DE 1973. LUEGO DE LAS ELECCIONES EN EL PA\u00cdS.<\/strong><\/em><\/p>\n<p>EPOCA ENTREVIST\u00d3 A ELEONORA MIGLIARO, UNO DE LAS HIJOS DEL PRIMER JEFE COMUNAL SURGIDO DEL PARTIDO DEFENSA COMUNAL, LUIS MAR\u00cdA MIGLIARO.<!--more--><\/p>\n<div style=\"text-align: left;\">\n<p>Elecciones que catapultaron a la presidencia de la Naci\u00f3n, a <strong>H\u00e9ctor Campora y a Vicente Solano Lima<\/strong> como vice, del<strong> Frente Justicialista de Liberaci\u00f3n<\/strong>. Una nueva, crucial y cruenta etapa comenz\u00f3 en el pa\u00eds, luego de los a\u00f1os en el poder de la junta militar que hab\u00eda tomado el poder, encabezada por el general <strong>Alejandro Agust\u00edn Lanusse.<\/strong><\/p>\n<p>El hecho hist\u00f3rico que supuso la ansiada recuperaci\u00f3n de la democracia, dio paso a otro pa\u00eds que pretendi\u00f3 ser, sin conseguirlo. Consigna que para pesar de los argentinos, se ha mantenido hasta la actualidad; la historia lo ha reflejado con creces.<\/p>\n<p>En <strong>Exaltaci\u00f3n de la Cruz,<\/strong> hab\u00eda ganado las elecciones 50 a\u00f1os atr\u00e1s<strong>\u00a0Defensa Comunal<\/strong>, un nuevo partido, vecinal, fundado por pobladores, vecinos del distrito, que se ha prolongado hasta la actualidad, si bien con una idiosincracia pol\u00edtica que con el paso del tiempo, se diferenci\u00f3 de aquella de los inicios.<\/p>\n<\/div>\n<figure id=\"attachment_20899\" aria-describedby=\"caption-attachment-20899\" style=\"width: 485px\" class=\"wp-caption aligncenter\"><img loading=\"lazy\" decoding=\"async\" class=\"size-full wp-image-20899\" src=\"https:\/\/revistaepocadigital.com.ar\/wp-content\/uploads\/2023\/05\/migliaro-l-m.jpg\" alt=\"\" width=\"485\" height=\"406\" srcset=\"https:\/\/revistaepocadigital.com.ar\/wp-content\/uploads\/2023\/05\/migliaro-l-m.jpg 485w, https:\/\/revistaepocadigital.com.ar\/wp-content\/uploads\/2023\/05\/migliaro-l-m-300x251.jpg 300w\" sizes=\"auto, (max-width: 485px) 100vw, 485px\" \/><figcaption id=\"caption-attachment-20899\" class=\"wp-caption-text\">Migliaro durante un acto como intendente.<\/figcaption><\/figure>\n<div>\n<div class=\"yiv0848652625gmail_quote\">\n<div dir=\"ltr\">\n<div style=\"text-align: left;\">\n<h5>Testigo muy joven de aquellos momentos trascendentes en la vida pol\u00edtica de Exaltaci\u00f3n de la Cruz, EPOCA habl\u00f3 con<strong> Eleonora Migliaro<\/strong>, uno de los tres hijos del matrimonio compuesto por <strong>Luis Mar\u00eda Migliaro y Nelly Maceda<\/strong>, a modo de que contara y diera su visi\u00f3n sobre esos a\u00f1os tambi\u00e9n, muy pol\u00edtizados en el terreno exaltacrucense.<\/h5>\n<figure id=\"attachment_20917\" aria-describedby=\"caption-attachment-20917\" style=\"width: 259px\" class=\"wp-caption alignleft\"><img loading=\"lazy\" decoding=\"async\" class=\"size-full wp-image-20917\" src=\"https:\/\/revistaepocadigital.com.ar\/wp-content\/uploads\/2023\/05\/migliaro-ee.jpg\" alt=\"\" width=\"259\" height=\"323\" srcset=\"https:\/\/revistaepocadigital.com.ar\/wp-content\/uploads\/2023\/05\/migliaro-ee.jpg 259w, https:\/\/revistaepocadigital.com.ar\/wp-content\/uploads\/2023\/05\/migliaro-ee-241x300.jpg 241w\" sizes=\"auto, (max-width: 259px) 100vw, 259px\" \/><figcaption id=\"caption-attachment-20917\" class=\"wp-caption-text\">Eleonora Migliaro, uno de los tres hijos de Luis Mar\u00eda Migliaro y su esposa Nelly Maceda.<\/figcaption><\/figure>\n<h5>&#8220;<em>Como resultado de las elecciones del a\u00f1o 1973, result\u00f3 elegido intendente el candidato de Defensa Comunal <\/em>(DC)<em>, Agust\u00edn Petrucelli. Sin embargo, dado que tambi\u00e9n hab\u00eda ocupado una candidatura a diputado nacional por el Partido Federal que encabez\u00f3 como postulante a la presidencia Francisco Manrique, al resultar electo Agust\u00edn, el cargo de intendente de Exaltaci\u00f3n de la Cruz deb\u00eda pasar a ocuparlo el candidato elegido como primer concejal, en ese caso &#8220;Puchi&#8221; Morgan como todos lo conoc\u00edan y viv\u00eda en Cardales&#8221;<\/em>, rememora Eleonora Migliaro.<\/h5>\n<h5>Sin embargo, sigue diciendo la conocida vecina,<em> &#8220;la asunci\u00f3n como intendente de Morgan fue vetada en La Plata, ya que el no hab\u00eda nacido en el distrito ni en la provincia de Buenos Aires,.era cordob\u00e9s. Entonces quien deb\u00eda tomar el cargo era Mauri\u00f1o, un hombre que trabaj\u00f3 en pol\u00edtica y en la .municipalidad; pero no acept\u00f3 ser intendente. Entonces surgi\u00f3 el nombre de Luis Mar\u00eda Migliaro, mi pap\u00e1, elegido como tercer concejal por DC. Yo era chica, pero me acuerdo que hubo una reuni\u00f3n en lo de Agust\u00edn<\/em> (Petrucelli) <em>y le dijeron &#8220;ten\u00e9s que asumir vos como intendente&#8221;, y el respondi\u00f3 levant\u00e1ndose de la silla y y\u00e9ndose de esa reuni\u00f3n. Fue cuando Agust\u00edn le dijo a los dem\u00e1s, &#8220;qu\u00e9dense tranquilos, ya lo voy a convencer&#8221;.<\/em><\/h5>\n<h5><em>&#8220;Pap\u00e1 no era pol\u00edtico, era un &#8220;grande&#8221;<\/em> -afirma con orgullo su hija al conversar con EPOCA- <em>y con una gran visi\u00f3n a futuro. Adem\u00e1s conoc\u00eda muy bien el manejo del municipio, por haber sido secretario municipal de Petrucelli, y bueno finalmente acept\u00f3 y asumi\u00f3 el cargo de intendente. Lo ejerci\u00f3 varios a\u00f1os que vaya si fueron dif\u00edciles y muy duros en la Argentina, m\u00e1s a\u00fan luego que se produjera el golpe de Estado del &#8217;76. No me olvido que lleg\u00f3 a nuestra casa en Capilla del Se\u00f1or, un Jeep del Ej\u00e9rcito con personal, mi madre y yo nos asustamos mucho. Pensamos que ven\u00edan a detenerlo a pap\u00e1; sin embargo, lo llevaron a la municipalidad para anunciarle que lo iban a ratificar en el cargo, \u00a1como olvidarme de esos momentos!&#8221;.<\/em><\/h5>\n<\/div>\n<\/div>\n<\/div>\n<\/div>\n<p><em>&#8220;Pap\u00e1, Ponce de Le\u00f3n, el intendente de Pilar y el que era intendente de Ranchos, fueron los \u00fanicos tres que continuaron en sus cargos, el resto fue remplazado, ya que no eran ni peronistas ni radicales, sino que hab\u00edan asumido como intendentes en representaci\u00f3n de partidos vecinalistas&#8221;,<\/em> detalla y enseguida menciona,<em> &#8220;siendo gobernador de Buenos Aires, el general Saint James, propuso a los 120 intendentes de entonces, la generaci\u00f3n de nuevos hospitales, y en esa reuni\u00f3n los \u00fanicos que estuvieron de acuerdo y aceptaron\u00a0 fueron el intendente Ponce de Le\u00f3n de Pilar y mi pap\u00e1. As\u00ed fue que entre los a\u00f1os 1977 y 1979, se avanz\u00f3 con las obras en el Hospital de Capilla que era provincial y pap\u00e1 lo municipaliz\u00f3. De esa forma lo que era un hospital de pueblo; con s\u00f3lo dos salas generales, una para mujeres y otra para hombres, comenz\u00f3 un gran cambio del que muchos se acuerdan a\u00fan hoy en d\u00eda&#8221;.<\/em><\/p>\n<figure id=\"attachment_20920\" aria-describedby=\"caption-attachment-20920\" style=\"width: 478px\" class=\"wp-caption aligncenter\"><img loading=\"lazy\" decoding=\"async\" class=\"size-full wp-image-20920\" src=\"https:\/\/revistaepocadigital.com.ar\/wp-content\/uploads\/2023\/05\/migliar.jpg\" alt=\"\" width=\"478\" height=\"310\" srcset=\"https:\/\/revistaepocadigital.com.ar\/wp-content\/uploads\/2023\/05\/migliar.jpg 478w, https:\/\/revistaepocadigital.com.ar\/wp-content\/uploads\/2023\/05\/migliar-300x195.jpg 300w\" sizes=\"auto, (max-width: 478px) 100vw, 478px\" \/><figcaption id=\"caption-attachment-20920\" class=\"wp-caption-text\">El intendente Migliaro, entrega reconocimientos en un acto de fin de curso en el Instituto Jos\u00e9 Manuel Estrada de Capilla del Se\u00f1or (foto gentileza Paul Nosdeo)<\/figcaption><\/figure>\n<p>El desarrollo del Hospital de Capilla del Se\u00f1or desde ese entonces con<strong> Migliaro<\/strong> como intendente, pas\u00f3 a convertirse tambi\u00e9n en una de las principales prioridades para las gestiones municipales posteriores. Comenta su hija, <em>&#8220;se\u00a0 fue avanzando en las obras hacia un hospital m\u00e1s grande, con mayor capacidad para personas internados, con salas con dos camas y ba\u00f1o privado, un mayor equipamiento. Por suerte, con el paso de los a\u00f1os continu\u00f3 creciendo luego de aquel gran puntapi\u00e9 inicial, contando con m\u00e1s m\u00e9dicos, personal y prestaciones m\u00e9dicas. Mi familia y yo siempre estaremos orgullosos de lo hecho por m\u00ed padre, y creo el pueblo tambi\u00e9n; una una muestra del reconocimiento a pap\u00e1 fue que le colocaran el nombre de &#8220;Luis Mar\u00eda Migliaro&#8221; a la calle del hospital&#8221;<\/em>, proyecto presentado por el concejal Adri\u00e1n Salinas en el Concejo Deliberante.<\/p>\n<p>Pone \u00e9nfasis luego Eleonora Migliaro en el rol que mostr\u00f3 hacia <strong>Exaltaci\u00f3n de la Cruz<\/strong> previo al terrible golpe militar del &#8217;76, el vicegobernador peronista<strong> Victorio Calabr\u00f3,<\/strong> quien era muy amigo del pol\u00edtico cardalense <strong>Mussi<\/strong>, tambi\u00e9n justicialista y presidente del Concejo Deliberante en esos a\u00f1os. <em>&#8220;Mussi ten\u00eda una muy buena relaci\u00f3n con Calabr\u00f3 y eso ayud\u00f3, el vicegobernador se empe\u00f1\u00f3 mucho para llevar adelante la realizaci\u00f3n de obras en nuestro distrito. El partido radical en el distrito pon\u00eda muchos &#8220;palos en la rueda&#8221; por esos tiempos, mientras que concejales peronistas como Arnoldo Lizarraga y Marcos Irigoyen entre otros, trabajaron junto a pap\u00e1 pese a ser de otro partido pol\u00edtico, y as\u00ed pudo gobernar y concretar las obras&#8221;.<\/em><\/p>\n<p>No son pocos los vecinos que supieron vivir aquella d\u00e9cada del &#8217;70, y que recuerdan a\u00fan hoy las obras p\u00fablicas concretadas durante la gesti\u00f3n de<strong> Migliaro<\/strong> al frente de la comuna. &#8220;H<em>asta el mismo intendente actual Diego Nanni me lo ha dicho &#8211;<\/em>comenta la hija del extinto jefe comunal-, <em>me ha comentado que hoy administra todo lo que pap\u00e1 realiz\u00f3<\/em>&#8220;.<em> &#8220;No hay dudas que mi padre comenz\u00f3 y finaliz\u00f3 obras muy importantes, que beneficiaron a m\u00e1s de una generaci\u00f3n de vecinos; la instalaci\u00f3n de la red de gas, la de de agua corriente, las cloacas a su vez que no costaron un centavo al pueblo&#8221;.<\/em><\/p>\n<figure id=\"attachment_20900\" aria-describedby=\"caption-attachment-20900\" style=\"width: 300px\" class=\"wp-caption aligncenter\"><img loading=\"lazy\" decoding=\"async\" class=\"size-medium wp-image-20900\" src=\"https:\/\/revistaepocadigital.com.ar\/wp-content\/uploads\/2023\/05\/petrucelli-nelly-300x276.jpg\" alt=\"\" width=\"300\" height=\"276\" srcset=\"https:\/\/revistaepocadigital.com.ar\/wp-content\/uploads\/2023\/05\/petrucelli-nelly-300x276.jpg 300w, https:\/\/revistaepocadigital.com.ar\/wp-content\/uploads\/2023\/05\/petrucelli-nelly-768x706.jpg 768w, https:\/\/revistaepocadigital.com.ar\/wp-content\/uploads\/2023\/05\/petrucelli-nelly-696x640.jpg 696w, https:\/\/revistaepocadigital.com.ar\/wp-content\/uploads\/2023\/05\/petrucelli-nelly-457x420.jpg 457w, https:\/\/revistaepocadigital.com.ar\/wp-content\/uploads\/2023\/05\/petrucelli-nelly.jpg 826w\" sizes=\"auto, (max-width: 300px) 100vw, 300px\" \/><figcaption id=\"caption-attachment-20900\" class=\"wp-caption-text\">Agust\u00edn Petrucelli uno de los hombres que protagoniz\u00f3 muchos a\u00f1os la pol\u00edtica local. A su derecha, Nelly Maceda, esposa del intendente Luis Mar\u00eda Migliaro.<\/figcaption><\/figure>\n<p>La historia indica que <strong>Luis Mar\u00eda Migliaro<\/strong> se desempe\u00f1\u00f3 como intendente municipal hasta 1981, &#8220;<em>en realidad debi\u00f3 ejercer el cargo hasta el &#8217;83, pero dos a\u00f1os antes Agust\u00edn<\/em> (Petrucelli)<em> digamos que se autoproclam\u00f3 intendente y pas\u00f3 a ocupar el cargo, celos; pol\u00edtica; cosas de caudillo&#8230;de entonces, seguramente lo habr\u00e1n llevado a tomar esa actitud. Por eso no me gustan nada los caudillos;\u00a0 ni quiero caudillos hoy&#8230;Me he criado al lado de uno. Y es por eso que no quiero m\u00e1s!\u00a0 En Exaltaci\u00f3n de la Cruz tenemos\u00a0 un\u00a0 gobierno desde hace 30 a\u00f1os, y con personas que quieren tener todo bajo su dominio&#8221;. Y yo creo que eso NO VA MAS!&#8221;,<\/em> enfatiza la hija de Migliaro.<\/p>\n<p><strong>El pr\u00f3ximo 25 de mayo se cumplen entonces; 50 a\u00f1os<\/strong> de la asunci\u00f3n como intendente de Exaltaci\u00f3n de la Cruz, del <strong>primero elegido en las urnas perteneciente al partido Defensa Comunal,<\/strong> <em>&#8220;entre cuyos fundadores<\/em> -menciona Eleonora Migliaro- <em>estuvieron, Petrucelli, mi pap\u00e1, los hermanos Curone, Pedro Sarri, los Lareu, entre otros seguramente&#8221;<\/em>.<\/p>\n<p>A 50 a\u00f1os de un trazo que perdura en la historia pol\u00edtica exaltacrucense.<\/p>\n","protected":false},"excerpt":{"rendered":"<p>DESDE AQUEL 25 DE MAYO DE 1973. LUEGO DE LAS ELECCIONES EN EL PA\u00cdS. EPOCA ENTREVIST\u00d3 A ELEONORA MIGLIARO, UNO DE LAS HIJOS DEL PRIMER JEFE COMUNAL SURGIDO DEL PARTIDO DEFENSA COMUNAL, LUIS MAR\u00cdA MIGLIARO.<\/p>\n","protected":false},"author":4,"featured_media":20898,"comment_status":"open","ping_status":"open","sticky":false,"template":"","format":"standard","meta":{"footnotes":"","jetpack_publicize_message":"","jetpack_publicize_feature_enabled":true,"jetpack_social_post_already_shared":true,"jetpack_social_options":{"image_generator_settings":{"template":"highway","default_image_id":0,"font":"","enabled":false},"version":2}},"categories":[17],"tags":[488,2320,2321,2322],"class_list":["post-20897","post","type-post","status-publish","format-standard","has-post-thumbnail","hentry","category-politica","tag-50-anos","tag-gobierno-defensa-comunal","tag-migliaro","tag-petrucelli"],"jetpack_publicize_connections":[],"jetpack_featured_media_url":"https:\/\/revistaepocadigital.com.ar\/wp-content\/uploads\/2023\/05\/migliaro-lui-m.jpg","jetpack_likes_enabled":true,"_links":{"self":[{"href":"https:\/\/revistaepocadigital.com.ar\/index.php?rest_route=\/wp\/v2\/posts\/20897","targetHints":{"allow":["GET"]}}],"collection":[{"href":"https:\/\/revistaepocadigital.com.ar\/index.php?rest_route=\/wp\/v2\/posts"}],"about":[{"href":"https:\/\/revistaepocadigital.com.ar\/index.php?rest_route=\/wp\/v2\/types\/post"}],"author":[{"embeddable":true,"href":"https:\/\/revistaepocadigital.com.ar\/index.php?rest_route=\/wp\/v2\/users\/4"}],"replies":[{"embeddable":true,"href":"https:\/\/revistaepocadigital.com.ar\/index.php?rest_route=%2Fwp%2Fv2%2Fcomments&post=20897"}],"version-history":[{"count":0,"href":"https:\/\/revistaepocadigital.com.ar\/index.php?rest_route=\/wp\/v2\/posts\/20897\/revisions"}],"wp:featuredmedia":[{"embeddable":true,"href":"https:\/\/revistaepocadigital.com.ar\/index.php?rest_route=\/wp\/v2\/media\/20898"}],"wp:attachment":[{"href":"https:\/\/revistaepocadigital.com.ar\/index.php?rest_route=%2Fwp%2Fv2%2Fmedia&parent=20897"}],"wp:term":[{"taxonomy":"category","embeddable":true,"href":"https:\/\/revistaepocadigital.com.ar\/index.php?rest_route=%2Fwp%2Fv2%2Fcategories&post=20897"},{"taxonomy":"post_tag","embeddable":true,"href":"https:\/\/revistaepocadigital.com.ar\/index.php?rest_route=%2Fwp%2Fv2%2Ftags&post=20897"}],"curies":[{"name":"wp","href":"https:\/\/api.w.org\/{rel}","templated":true}]}}