{"id":20903,"date":"2023-05-18T18:16:36","date_gmt":"2023-05-18T21:16:36","guid":{"rendered":"https:\/\/revistaepocadigital.com.ar\/?p=20903"},"modified":"2023-05-18T18:22:46","modified_gmt":"2023-05-18T21:22:46","slug":"un-argentino-entre-los-25-futuros-sacerdotes-del-opus-dei","status":"publish","type":"post","link":"https:\/\/revistaepocadigital.com.ar\/?p=20903","title":{"rendered":"UN ARGENTINO ENTRE LOS 25 FUTUROS SACERDOTES DEL OPUS DEI"},"content":{"rendered":"<div class=\"I_ZkbNhI D_FY W_6D6F\" data-test-id=\"message-view-body\">\n<div class=\"msg-body P_wpofO mq_AS\" data-test-id=\"message-view-body-content\">\n<div class=\"jb_0 X_6MGW N_6Fd5\">\n<div id=\"yiv7188399462\">\n<p><strong>SE TRATA DE PABLO TEVERE.<!--more--><\/strong><\/p>\n<p><span style=\"color: #111111; font-family: Roboto, sans-serif; font-size: 17px;\">Contador p\u00fablico de profesi\u00f3n, es hijo de Olga Mu\u00f1oz, presidenta de Fampaz y tiene una hermana, Bettina, quien trabaja en prensa y comunicaci\u00f3n hace m\u00e1s de 30 a\u00f1os. La ordenaci\u00f3n est\u00e1 prevista para el pr\u00f3ximo s\u00e1bado en Roma.<\/span><\/p>\n<div class=\"yiv7188399462main yiv7188399462m-0 yiv7188399462p-0\">\n<pre class=\"yiv7188399462featured\"><img decoding=\"async\" class=\"yiv7188399462lazyload\" title=\"Un argentino, entre los 25 futuros sacerdotes del Opus Dei\" src=\"https:\/\/ecp.yusercontent.com\/mail?url=https%3A%2F%2Faica.org%2Fimagenes%2Fnoticias%2Fun-argentino-entre-los-25-futuros-sacerdotes-del-opus-dei-p7Dr.jpg&amp;t=1684443485&amp;ymreqid=a1e28384-e738-286e-1c5f-ab0038012800&amp;sig=guinVdtHITBtVjox5_9REw--~D\" alt=\"Un argentino, entre los 25 futuros sacerdotes del Opus Dei\" \/>Ordenaciones sacerdotales en la prelatura del Opus Dei<\/pre>\n<div class=\"yiv7188399462mb-4\"><\/div>\n<p>El di\u00e1cono argentino\u00a0<strong>Pablo Tevere<\/strong>\u00a0es uno de los 25 di\u00e1conos que ser\u00e1n ordenados sacerdotes de la prelatura del\u00a0<strong>Opus Dei<\/strong> el s\u00e1bado 20 de mayo, en la bas\u00edlica romana de San Eugenio. La celebraci\u00f3n eucar\u00edstica la presidir\u00e1 el cardenal <strong>Lazzaro You Heung-sik<\/strong>, prefecto del Dicasterio para el Clero.<\/p>\n<p>La ceremonia comenzar\u00e1 a las 10 (hora de Roma) y ser\u00e1 retransmitida en directo, por\u00a0<em>streaming,<\/em>\u00a0a trav\u00e9s del enlace\u00a0<a href=\"http:\/\/www.opusdei.org\/live\" target=\"_blank\" rel=\"nofollow noopener noreferrer\">www.opusdei.org\/live<\/a>.<\/p>\n<p><strong>Pablo Tevere<\/strong>\u00a0es hijo de\u00a0<strong>Olga Mu\u00f1oz<\/strong>, presidenta de Fampaz y una luchadora por la defensa de la familia y la vida y, seg\u00fan la p\u00e1gina del Opus Dei, es contador p\u00fablico de profesi\u00f3n y se traslad\u00f3 en 1997 a Bolivia, donde trabaj\u00f3 21 a\u00f1os en proyectos de desarrollo en una de las zonas rurales m\u00e1s pobres del pa\u00eds.<\/p>\n<\/div>\n<p><em>\u201cAl llegar a Bolivia me involucr\u00e9 en el sector de la cooperaci\u00f3n al desarrollo, para colaborar en actividades sociales en el Altiplano de Bolivia. Esta zona del pa\u00eds se compone de peque\u00f1as comunidades ind\u00edgenas aymaras, en las que se unen la pobreza con la marginaci\u00f3n social por razones \u00e9tnicas&#8221;,<\/em> explic\u00f3 el futuro sacerdote.<\/p>\n<p><em>&#8220;Ahora, con mi nuevo rol, como di\u00e1cono y dentro de pocos d\u00edas como sacerdote, tengo la ilusi\u00f3n de continuar mi trabajo con las personas m\u00e1s desfavorecidas, para ayudar en las necesidades del alma, que afectan de un modo m\u00e1s marcado a las personas con carencias materiales y sociales&#8221;<\/em>, agreg\u00f3.<\/p>\n<\/div>\n<\/div>\n<\/div>\n<div class=\"jb_0 X_6MGW N_6Fd5\">\n<div class=\"I_ZkbNhI D_FY W_6D6F\" data-test-id=\"message-view-body\">\n<div class=\"msg-body P_wpofO mq_AS\" data-test-id=\"message-view-body-content\">\n<div class=\"jb_0 X_6MGW N_6Fd5\">\n<div id=\"yiv3776621476\">\n<p>Los 25 candidatos proceden de la<strong> Argentina,<\/strong> Brasil, Chile, Costa Rica, Espa\u00f1a, Estados Unidos, M\u00e9xico, Nigeria, Panam\u00e1, Per\u00fa y Portugal. Estos son sus nombres:<\/p>\n<p><strong>Sylvanus Sobechi Elias Asogwa<\/strong>\u00a0(Nigeria);\u00a0<strong>Rodrigo Ayude Puga<\/strong>\u00a0(Espa\u00f1a);\u00a0<strong>Alejandro Bertelsen Simonetti<\/strong>(Chile);\u00a0<strong>Giancarlos Candanedo P\u00e1ez<\/strong>\u00a0(Panam\u00e1);\u00a0<strong>\u00cd\u00f1igo Cort\u00e9s Elorza<\/strong>\u00a0(Croacia);\u00a0<strong>Juan Esteban de Sas Rosero<\/strong>(Costa Rica);\u00a0<strong>H\u00e9ctor Devesa Santacreu<\/strong>\u00a0(Espa\u00f1a);\u00a0<strong>Pablo Espinosa Malpartida<\/strong>\u00a0(Espa\u00f1a);\u00a0<strong>Daniel Alberto Flores Gonz\u00e1lez<\/strong>\u00a0(M\u00e9xico);\u00a0<strong>Francisco de Castilho Monteiro Gil Serrano<\/strong>\u00a0(Portugal);\u00a0<strong>Roberto Edgard Hernani G\u00f3mez<\/strong>\u00a0(Per\u00fa);\u00a0<strong>Juan Ignacio Izquierdo H\u00fcbner<\/strong>\u00a0(Chile);\u00a0<strong>Borja Lle\u00f3 de Nalda<\/strong>\u00a0(Espa\u00f1a);\u00a0<strong>Alexandre Madruga da Costa Ara\u00fajo<\/strong>\u00a0(Brasil);\u00a0<strong>Javier Marrod\u00e1n Ciordia<\/strong>\u00a0(Espa\u00f1a);\u00a0<strong>Jos\u00e9 Mar\u00eda Mart\u00ednez Ortega<\/strong>\u00a0(Espa\u00f1a);\u00a0<strong>Philip Moss<\/strong>\u00a0(Estados Unidos);\u00a0<strong>Vitus Chekwube Ntube<\/strong>\u00a0(Nigeria);\u00a0<strong>Jorge Oliveira\u00a0<\/strong>(Portugal);\u00a0<strong>Agaba Simon Otache<\/strong>\u00a0(Nigeria);\u00a0<strong>Ferran Parcerisa Pujol<\/strong>(Espa\u00f1a);\u00a0<strong>Ux\u00edo Rojo Otero<\/strong>\u00a0(Espa\u00f1a);\u00a0<strong>Pablo Taberner Sanchis<\/strong>\u00a0(Espa\u00f1a);\u00a0<strong>Pablo Osvaldo Tevere<\/strong>\u00a0(Argentina) y\u00a0<strong>Rodrigo Vera Aguilar<\/strong>\u00a0(M\u00e9xico).<\/p>\n<p>&nbsp;<\/p>\n<\/div>\n<\/div>\n<\/div>\n<div class=\"jb_0 X_6MGW N_6Fd5\"><\/div>\n<\/div>\n<div class=\"H_7jIs D_F ab_C Q_69H5 E_36RhU\" data-test-id=\"toolbar-hover-area\">\n<div class=\"D_F W_6D6F r_BN gl_C\" data-test-id=\"card-toolbar\">Fuente: Agencia AICA.<\/div>\n<\/div>\n<\/div>\n<\/div>\n<p>&nbsp;<\/p>\n<div class=\"H_7jIs D_F ab_C Q_69H5 E_36RhU\" data-test-id=\"toolbar-hover-area\">\n<div class=\"D_F W_6D6F r_BN gl_C\" data-test-id=\"card-toolbar\"><\/div>\n<\/div>\n","protected":false},"excerpt":{"rendered":"<p>SE TRATA DE PABLO TEVERE.<\/p>\n","protected":false},"author":3,"featured_media":20907,"comment_status":"open","ping_status":"open","sticky":false,"template":"","format":"standard","meta":{"footnotes":"","jetpack_publicize_message":"","jetpack_publicize_feature_enabled":true,"jetpack_social_post_already_shared":true,"jetpack_social_options":{"image_generator_settings":{"template":"highway","default_image_id":0,"font":"","enabled":false},"version":2}},"categories":[11],"tags":[2324,2323],"class_list":["post-20903","post","type-post","status-publish","format-standard","has-post-thumbnail","hentry","category-entidades","tag-opus-dei","tag-sacerdote-argentino"],"jetpack_publicize_connections":[],"jetpack_featured_media_url":"https:\/\/revistaepocadigital.com.ar\/wp-content\/uploads\/2023\/05\/mail-3.jpeg","jetpack_likes_enabled":true,"_links":{"self":[{"href":"https:\/\/revistaepocadigital.com.ar\/index.php?rest_route=\/wp\/v2\/posts\/20903","targetHints":{"allow":["GET"]}}],"collection":[{"href":"https:\/\/revistaepocadigital.com.ar\/index.php?rest_route=\/wp\/v2\/posts"}],"about":[{"href":"https:\/\/revistaepocadigital.com.ar\/index.php?rest_route=\/wp\/v2\/types\/post"}],"author":[{"embeddable":true,"href":"https:\/\/revistaepocadigital.com.ar\/index.php?rest_route=\/wp\/v2\/users\/3"}],"replies":[{"embeddable":true,"href":"https:\/\/revistaepocadigital.com.ar\/index.php?rest_route=%2Fwp%2Fv2%2Fcomments&post=20903"}],"version-history":[{"count":0,"href":"https:\/\/revistaepocadigital.com.ar\/index.php?rest_route=\/wp\/v2\/posts\/20903\/revisions"}],"wp:featuredmedia":[{"embeddable":true,"href":"https:\/\/revistaepocadigital.com.ar\/index.php?rest_route=\/wp\/v2\/media\/20907"}],"wp:attachment":[{"href":"https:\/\/revistaepocadigital.com.ar\/index.php?rest_route=%2Fwp%2Fv2%2Fmedia&parent=20903"}],"wp:term":[{"taxonomy":"category","embeddable":true,"href":"https:\/\/revistaepocadigital.com.ar\/index.php?rest_route=%2Fwp%2Fv2%2Fcategories&post=20903"},{"taxonomy":"post_tag","embeddable":true,"href":"https:\/\/revistaepocadigital.com.ar\/index.php?rest_route=%2Fwp%2Fv2%2Ftags&post=20903"}],"curies":[{"name":"wp","href":"https:\/\/api.w.org\/{rel}","templated":true}]}}