{"id":20930,"date":"2023-05-19T02:03:33","date_gmt":"2023-05-19T05:03:33","guid":{"rendered":"https:\/\/revistaepocadigital.com.ar\/?p=20930"},"modified":"2023-05-19T02:03:33","modified_gmt":"2023-05-19T05:03:33","slug":"el-nuevo-bmw-xm-label-red-tremendo","status":"publish","type":"post","link":"https:\/\/revistaepocadigital.com.ar\/?p=20930","title":{"rendered":"El nuevo BMW XM Label Red. Tremendo"},"content":{"rendered":"<div class=\"left\">\n<h4><strong style=\"font-family: Verdana, Geneva, sans-serif; font-size: 15px; color: #222222;\">M\u00e1s potente, m\u00e1s exclusivo, m\u00e1s extravagante:<\/strong><\/h4>\n<\/div>\n<div class=\"right\">\n<div id=\"article-text\" class=\"serif\">\n<p><strong><!--more--><\/strong><\/p>\n<p>Pocos meses despu\u00e9s de que se pusiera en marcha la producci\u00f3n del nuevo BMW XM, BMW M GmbH presenta la versi\u00f3n estrella de su primer auto de altas prestaciones con sistema de propulsi\u00f3n el\u00e9ctrico. El nuevo BMW XM Label Red combina un sistema M HYBRID con potencia extra y detalles de dise\u00f1o personalizados que ponen de manifiesto sus extraordinarias prestaciones. Con una potencia del sistema de 550 kW\/748 CV (desarrollada por la combinaci\u00f3n de un motor de combusti\u00f3n V8 de hasta 430 kW\/585 CV, y un motor el\u00e9ctrico integrado en la caja de cambios M Steptronic de ocho velocidades que produce hasta 145 kW\/197 CV), el BMW XM Label Red es el modelo BMW M m\u00e1s potente jam\u00e1s fabricado. Tambi\u00e9n lidera los rankings de potencia en el segmento de los Sports Activity Vehicle y Sports Activity Coup\u00e9.<\/p>\n<p>El BMW XM Label Red responde a las necesidades y deseos de un grupo objetivo de individuos: clientes con un estilo de vida extrovertido y pasi\u00f3n por las m\u00e1ximas prestaciones en un coche que va m\u00e1s all\u00e1 de las convenciones tradicionales. La producci\u00f3n comenzar\u00e1 en agosto de 2023 en la planta de BMW Group en Spartanburg, Estados Unidos. Para esa misma fecha est\u00e1 prevista una edici\u00f3n exclusiva del modelo, denominada \u201cLabel Red Limited\u201d, que se convertir\u00e1 en tope de gama, limitada a 500 ejemplares y con pintura BMW Individual Frozen Carbon Black metalizada.<\/p>\n<p>El BMW XM Label Red celebrar\u00e1 su estreno mundial en el Sal\u00f3n Internacional del Autom\u00f3vil de Shangh\u00e1i en abril de 2023. China es uno de los mercados m\u00e1s importantes para el BMW XM Label Red, junto con Estados Unidos y Oriente Medio. Se podr\u00e1 encargar en los concesionarios a partir del 24 de mayo de 2023.<\/p>\n<p><strong>Sistema M HYBRID con prestaciones de alto nivel<\/strong><\/p>\n<p>El sistema M HYBRID del BMW XM Label Red demuestra el efecto embriagador de la electrificaci\u00f3n con un estilo impresionante. La precisa interacci\u00f3n entre el motor el\u00e9ctrico y el motor V8 garantiza una entrega instant\u00e1nea de potencia, que luego aumenta de forma contundente y entrega una potencia lineal en todo el rango de revoluciones. Esta combinaci\u00f3n de motor de combusti\u00f3n y motor el\u00e9ctrico coincide con el concepto de propulsi\u00f3n del nuevo prototipo de carreras de resistencia BMW M Hybrid V8, que debut\u00f3 con \u00e9xito este a\u00f1o en las 24 Horas de Daytona de la serie norteamericana IMSA y que participar\u00e1 en eventos como las 24 Horas de Le Mans en 2024.<\/p>\n<p>Con una potencia del sistema elevada a 550 kW\/748 CV, la nueva versi\u00f3n tope de gama supera al BMW XM est\u00e1ndar producido desde diciembre de 2022 en 70 kW\/95 CV. El par motor ha aumentado 200 Nm y ahora alcanza los 1.000 Nm. La potencia se transmite a la ruta mediante el sistema de tracci\u00f3n integral M xDrive. En combinaci\u00f3n con la tecnolog\u00eda de chasis espec\u00edfica del modelo y el control de alta precisi\u00f3n del sistema de propulsi\u00f3n y el chasis, se crea una experiencia de rendimiento \u00fanica con un dinamismo y una agilidad a un nivel completamente nuevo.<\/p>\n<p><strong>Motor V8 con tecnolog\u00eda M TwinPower Turbo de \u00faltima generaci\u00f3n y altas revoluciones<\/strong><\/p>\n<p>El sistema M HYBRID del BMW XM Label Red combina las virtudes de la electrificaci\u00f3n con las cualidades tradicionales de un motor de combusti\u00f3n de ocho cilindros y altas revoluciones, con tecnolog\u00eda M TwinPower Turbo. La \u00faltima generaci\u00f3n del V8 destaca por su rapid\u00edsima entrega de potencia, su mayor eficiencia y sus emisiones minimizadas. Adem\u00e1s de un m\u00faltiple de escape cruzado, tambi\u00e9n cuenta con un accionamiento reforzado del cig\u00fce\u00f1al, un turbo con v\u00e1lvula de alivio controlada el\u00e9ctricamente y suministro de aceite mejorado.<\/p>\n<p>En el BMW XM Label Red, el V8 contribuye a\u00fan m\u00e1s a la potencia del sistema. Produce una potencia m\u00e1xima de 430 kW\/585 CV a 5.600 rpm. El par m\u00e1ximo es de 750 Nm, lo que supone un aumento de 100 Nm respecto a la versi\u00f3n est\u00e1ndar del BMW XM, y se encuentra disponible en un margen de revoluciones extremadamente amplio, de 1.800 a 5.400 rpm.<\/p>\n<p>El sistema de escape deportivo del BMW XM Label Red, con dos v\u00e1lvulas de regulaci\u00f3n continua y control electr\u00f3nico, acompa\u00f1a la entrega de potencia del motor con una intensidad y una contundencia que normalmente no se asocian a un motor de ocho cilindros. Por tanto, el sonido del motor tiene una calidad muy distintiva, al igual que salidas de escape dobles dispuestas una encima de la otra.<\/p>\n<p><strong>Entrega de potencia instant\u00e1nea: motor el\u00e9ctrico con una innovadora etapa de pre-engranaje<\/strong><\/p>\n<p>Al igual que el motor V8, el motor el\u00e9ctrico del sistema M HYBRID tambi\u00e9n emplea una tecnolog\u00eda innovadora para proporcionar un notable aumento de la potencia de propulsi\u00f3n. Este propulsor est\u00e1 integrado en la caja de cambios M Steptronic de ocho velocidades junto con su electr\u00f3nica y responde a ligeros movimientos del acelerador con una entrega de la potencia instant\u00e1nea.<\/p>\n<p>El motor el\u00e9ctrico contribuye con hasta 145 kW\/197 CV a la potencia m\u00e1xima del sistema del BMW XM Label Red y desarrolla un par nominal de 280 Nm. Mediante una etapa de pre-engranaje patentada por BMW, el par producido por el motor aumenta hasta un m\u00e1ximo efectivo de 450 Nm en el momento en que el motor se acopla a la caja de cambios. De este modo, el compacto motor es capaz de proporcionar el tipo de par que normalmente s\u00f3lo podr\u00eda conseguirse utilizando un propulsor mucho m\u00e1s grande y pesado.<\/p>\n<p>La mejora de la acumulaci\u00f3n de potencia resultante de la fase de pre-engranaje entre el rotor del motor el\u00e9ctrico y el eje de entrada de la caja de cambios puede percibirse claramente, tanto al acelerar al salir de una curva como al acelerar r\u00e1pidamente. La combinaci\u00f3n de la entrega de potencia optimizada del motor V8 y su capacidad de trabajar a altas revoluciones, produce un rendimiento \u00fanico. El BMW XM Label Red s\u00f3lo necesita 3,8 segundos para acelerar de 0 a 100 km\/h. Su velocidad m\u00e1xima est\u00e1 limitada electr\u00f3nicamente a 250 km\/h, pero se incrementa a 290 km\/h en los coches equipados con el paquete opcional M Driver&#8217;s Package.<\/p>\n<p>Adem\u00e1s de proporcionar un impulso el\u00e9ctrico al acelerar, el motor el\u00e9ctrico tambi\u00e9n desempe\u00f1a una funci\u00f3n de apoyo, contribuyendo a aumentar la eficiencia del motor de combusti\u00f3n. De este modo, el consumo medio del BMW XM Label Red es de 1,7 &#8211; 1,6 litros a los 100 kil\u00f3metros en el ciclo de pruebas WLTP, el consumo combinado de energ\u00eda el\u00e9ctrica de 34,5 &#8211; 33,0 kWh a los 100 kil\u00f3metros y las emisiones de CO2 de 39 &#8211; 35 gramos por kil\u00f3metro.<\/p>\n<p><strong>Tracci\u00f3n extraordinaria, prestaciones cautivadoras: M xDrive y diferencial M Sport<\/strong><\/p>\n<p>El sistema de tracci\u00f3n integral M xDrive transmite la potencia generada por el motor de combusti\u00f3n y el motor el\u00e9ctrico a las cuatro ruedas con precisi\u00f3n, rapidez y seg\u00fan las necesidades de cada momento. El sistema tiene una configuraci\u00f3n trasera, que mejora la agilidad del BMW XM Label Red y es particularmente notable en el modo 4WD Sport.<\/p>\n<p>Aprovechando el trabajo del sistema M xDrive, el bloqueo del diferencial controlado electr\u00f3nicamente en el eje trasero mejora a\u00fan m\u00e1s la tracci\u00f3n, la agilidad y la estabilidad. El diferencial M Sport distribuye el par motor entre las ruedas traseras izquierda y derecha en funci\u00f3n de las necesidades y de forma totalmente variable.<\/p>\n<p><strong>Ajuste del chasis espec\u00edfico para cada modelo, gesti\u00f3n integrada de la din\u00e1mica transversal<\/strong><\/p>\n<p>La sofisticada tecnolog\u00eda del chasis del BMW XM le confiere una extraordinaria variedad de atributos, y se adapta a las caracter\u00edsticas de rendimiento espec\u00edficas del sistema de propulsi\u00f3n con la precisi\u00f3n que caracteriza a los modelos de BMW M.<\/p>\n<p>El equipamiento de serie del BMW XM Label Red incluye el tren de rodaje M Professional adaptativo -con amortiguadores regulados electr\u00f3nicamente y estabilizaci\u00f3n activa del balanceo con Active Roll Comfort para eliminar el balanceo lateral de la carrocer\u00eda. El sistema de frenos M Sport est\u00e1 compuesto por unas pinzas de freno de seis pistones delante y pinzas de freno flotantes de un solo pist\u00f3n detr\u00e1s. Este se asocia al sistema de frenado integrado de \u00faltima generaci\u00f3n, que garantiza que la potencia de frenado generada por la recuperaci\u00f3n y la fricci\u00f3n de los frenos se combine con gran precisi\u00f3n, y que tambi\u00e9n ofrece al conductor dos ajustes del tacto del pedal.<\/p>\n<p>La aplicaci\u00f3n integrada de todos los sistemas del sistema de propulsi\u00f3n y del chasis, junto con la puesta a punto llevada a cabo en diferentes tipos de carreteras -desde conducci\u00f3n urbana hasta en carreteras secundarias y las autopistas- con la ayuda de la experiencia en competencias de BMW M GmbH, ha dado como resultado una experiencia de conducci\u00f3n inigualable en cualquier situaci\u00f3n y con cualquier configuraci\u00f3n.<\/p>\n<p><strong>Un dise\u00f1o extravagante con detalles exclusivos<\/strong><\/p>\n<p>Tanto estil\u00edstica como t\u00e9cnicamente, el BMW XM Label Red lleva a un territorio a\u00fan m\u00e1s exclusivo al primer modelo desde el legendario BMW M1 concebido \u00fanicamente como deportivo de altas prestaciones de BMW M GmbH. Las musculosas proporciones de este din\u00e1mico Sports Activity Vehicle convergen con un dise\u00f1o exterior especialmente extravagante que presenta grandes superficies, l\u00edneas claras y un aspecto frontal reservado a los modelos m\u00e1s lujosos de BMW. Es aqu\u00ed donde se a\u00f1aden detalles de dise\u00f1o que subrayan el car\u00e1cter \u00fanico del BMW XM Label Red como modelo enfocado a alcanzar los l\u00edmites m\u00e1s altos de rendimiento.<\/p>\n<p>La edici\u00f3n especial BMW XM Label Red Limited, de la que s\u00f3lo se comercializar\u00e1n 500 ejemplares en todo el mundo, multiplica su exclusividad con un estilo a\u00fan m\u00e1s llamativo. El color Toronto Red metalizado en el contorno de la parrilla de BMW M y en el difusor trasero aporta detalles de dise\u00f1o que se combinan con la pintura de la carrocer\u00eda en el tono BMW Individual Frozen Carbon Black metalizado. El contraste de los detalles en color brillante con las superficies en acabado mate garantiza que el exterior del BMW XM Label Red Limited tenga un efecto especialmente cautivador.<\/p>\n<p>Una combinaci\u00f3n de colores en negro\/rojo tambi\u00e9n aporta una atractiva y deportiva atm\u00f3sfera al interior del BMW XM Label Red. Asimismo, en el habitaculo de la edici\u00f3n Label Red Limited, los clientes encontrar\u00e1n una placa bajo la pantalla con la inscripci\u00f3n &#8220;1 de 500&#8221;.<\/p>\n<p><strong>Puesto de manejo deportivo y M Lounge en la parte trasera.<\/strong><\/p>\n<p>Una generosa sensaci\u00f3n de espacio, materiales de alta calidad y un dise\u00f1o rupturista transforman la parte trasera del BMW XM Label Red en un exclusivo M Lounge. Los respaldos calefactables opcionales, que se extienden hasta los laterales del habit\u00e1culo, y las banquetas en cuero Merino con costuras rojas en contraste y el distintivo &#8220;XM&#8221; ofrecen a los pasajeros un lujoso nivel de confort. El escultural techo interior es realmente exclusivo, con una estructura prism\u00e1tica en tres dimensiones e iluminaci\u00f3n gracias a sus 100 unidades LED. La iluminaci\u00f3n ambiental, el climatizador autom\u00e1tico de cuatro zonas, el sistema de sonido envolvente Harman Kardon y el paquete Travel &amp; Comfort tambi\u00e9n forman parte del equipamiento de serie, mientras que la lista de elementos opciones incluye el sistema de sonido envolvente Bowers &amp; Wilkins Diamond con amplificador de 1.475 vatios y cuatro parlantes adicionales en el techo.<\/p>\n<p><strong>Sistemas avanzados de asistencia al conductor<\/strong><\/p>\n<p>El BMW XM Label Red ofrece a los clientes una amplia selecci\u00f3n de avanzados sistemas de conducci\u00f3n y estacionamiento automatizados. Entre las tecnolog\u00edas equipadas de serie se encuentra el Driving Assistant, que comprende la advertencia de colisi\u00f3n frontal, el Aviso de Cambio de Carril que incluye el retorno al carril con asistencia de direcci\u00f3n, el frenado aut\u00f3nomo y el indicador de l\u00edmite de velocidad. El Driving Assistant Professional opcional a\u00f1ade el Control de Crucero Activo con la funci\u00f3n Stop&amp;Go, junto con otras funciones como el reconocimiento de sem\u00e1foros, el asistente de l\u00edmite de velocidad y Navegaci\u00f3n Activa.<\/p>\n<p>El asistente de estacionamiento con funciones ampliadas (Parking Assistant Plus) tambi\u00e9n forma parte del equipamiento de serie. Adem\u00e1s del asistente de marcha atr\u00e1s, este sistema incluye las funciones Park View, Panorama View y 3D View<\/p>\n<\/div>\n<\/div>\n<p><!--more--><\/p>\n<p><!--more--><\/p>\n","protected":false},"excerpt":{"rendered":"<p>M\u00e1s potente, m\u00e1s exclusivo, m\u00e1s extravagante:<\/p>\n","protected":false},"author":4,"featured_media":20932,"comment_status":"open","ping_status":"open","sticky":false,"template":"","format":"standard","meta":{"footnotes":"","jetpack_publicize_message":"","jetpack_publicize_feature_enabled":true,"jetpack_social_post_already_shared":true,"jetpack_social_options":{"image_generator_settings":{"template":"highway","default_image_id":0,"font":"","enabled":false},"version":2}},"categories":[1081],"tags":[2326,37,1082],"class_list":["post-20930","post","type-post","status-publish","format-standard","has-post-thumbnail","hentry","category-autos-en-epoca","tag-bmw","tag-destacada","tag-nuevos-modelos"],"jetpack_publicize_connections":[],"jetpack_featured_media_url":"https:\/\/revistaepocadigital.com.ar\/wp-content\/uploads\/2023\/05\/bmw-xm-label-red-1.jpg","jetpack_likes_enabled":true,"_links":{"self":[{"href":"https:\/\/revistaepocadigital.com.ar\/index.php?rest_route=\/wp\/v2\/posts\/20930","targetHints":{"allow":["GET"]}}],"collection":[{"href":"https:\/\/revistaepocadigital.com.ar\/index.php?rest_route=\/wp\/v2\/posts"}],"about":[{"href":"https:\/\/revistaepocadigital.com.ar\/index.php?rest_route=\/wp\/v2\/types\/post"}],"author":[{"embeddable":true,"href":"https:\/\/revistaepocadigital.com.ar\/index.php?rest_route=\/wp\/v2\/users\/4"}],"replies":[{"embeddable":true,"href":"https:\/\/revistaepocadigital.com.ar\/index.php?rest_route=%2Fwp%2Fv2%2Fcomments&post=20930"}],"version-history":[{"count":0,"href":"https:\/\/revistaepocadigital.com.ar\/index.php?rest_route=\/wp\/v2\/posts\/20930\/revisions"}],"wp:featuredmedia":[{"embeddable":true,"href":"https:\/\/revistaepocadigital.com.ar\/index.php?rest_route=\/wp\/v2\/media\/20932"}],"wp:attachment":[{"href":"https:\/\/revistaepocadigital.com.ar\/index.php?rest_route=%2Fwp%2Fv2%2Fmedia&parent=20930"}],"wp:term":[{"taxonomy":"category","embeddable":true,"href":"https:\/\/revistaepocadigital.com.ar\/index.php?rest_route=%2Fwp%2Fv2%2Fcategories&post=20930"},{"taxonomy":"post_tag","embeddable":true,"href":"https:\/\/revistaepocadigital.com.ar\/index.php?rest_route=%2Fwp%2Fv2%2Ftags&post=20930"}],"curies":[{"name":"wp","href":"https:\/\/api.w.org\/{rel}","templated":true}]}}