{"id":20947,"date":"2023-05-20T15:57:40","date_gmt":"2023-05-20T18:57:40","guid":{"rendered":"https:\/\/revistaepocadigital.com.ar\/?p=20947"},"modified":"2023-05-20T19:23:05","modified_gmt":"2023-05-20T22:23:05","slug":"temporada-de-poda-recoleccion-ordenada-en-parada-robles","status":"publish","type":"post","link":"https:\/\/revistaepocadigital.com.ar\/?p=20947","title":{"rendered":"TEMPORADA DE PODA: RECOLECCI\u00d3N ORDENADA EN PARADA ROBLES"},"content":{"rendered":"<div class=\"xdj266r x11i5rnm xat24cr x1mh8g0r x1vvkbs x126k92a\">\n<div dir=\"auto\"><strong>LA PODA DE \u00c1RBOLES, SIEMPRE A TENER EN CUENTA. NO EFECTUARLA COMO CORRESPONDE OCASIONA PROBLEMAS.<\/strong><\/div>\n<div dir=\"auto\"><\/div>\n<\/div>\n<p><!--more--><\/p>\n<div class=\"x11i5rnm xat24cr x1mh8g0r x1vvkbs xtlvy1s x126k92a\">\n<div dir=\"auto\">Desde el lunes 22 de mayo, los vecinos de Parada Robles pod\u00edan comunicar con la delegaci\u00f3n municipal, para la coordinaci\u00f3n de la recolecci\u00f3n de la nueva poda.<\/div>\n<\/div>\n<div class=\"x11i5rnm xat24cr x1mh8g0r x1vvkbs xtlvy1s x126k92a\">\n<div dir=\"auto\"><\/div>\n<div dir=\"auto\">Podr\u00edan escribir por WhatsApp, de lunes a viernes, de 8 a 14 hs. al 11-7235-0821<\/div>\n<\/div>\n<div class=\"x11i5rnm xat24cr x1mh8g0r x1vvkbs xtlvy1s x126k92a\">\n<div dir=\"auto\"><\/div>\n<div dir=\"auto\">Vale recordar que, seg\u00fan la ordenanza municipal 082\/10, para los barrios parques la temporada exclusiva de poda se desarrolla desde el 15 de mayo hasta el 15 de agosto.<\/div>\n<div dir=\"auto\"><\/div>\n<div dir=\"auto\">Quienes al realizar podas entorpezcan el tr\u00e1nsito vehicular, o el normal escurrimiento de las aguas ser\u00e1n sancionados de acuerdo a la reglamentaci\u00f3n vigente.<\/div>\n<\/div>\n","protected":false},"excerpt":{"rendered":"<p>LA PODA DE \u00c1RBOLES, SIEMPRE A TENER EN CUENTA. NO EFECTUARLA COMO CORRESPONDE OCASIONA PROBLEMAS.<\/p>\n","protected":false},"author":3,"featured_media":0,"comment_status":"open","ping_status":"open","sticky":false,"template":"","format":"standard","meta":{"footnotes":"","jetpack_publicize_message":"","jetpack_publicize_feature_enabled":true,"jetpack_social_post_already_shared":true,"jetpack_social_options":{"image_generator_settings":{"template":"highway","default_image_id":0,"font":"","enabled":false},"version":2}},"categories":[5],"tags":[1065,201],"class_list":["post-20947","post","type-post","status-publish","format-standard","hentry","category-aqui-parada-robles","tag-poda","tag-robles"],"jetpack_publicize_connections":[],"jetpack_featured_media_url":"","jetpack_likes_enabled":true,"_links":{"self":[{"href":"https:\/\/revistaepocadigital.com.ar\/index.php?rest_route=\/wp\/v2\/posts\/20947","targetHints":{"allow":["GET"]}}],"collection":[{"href":"https:\/\/revistaepocadigital.com.ar\/index.php?rest_route=\/wp\/v2\/posts"}],"about":[{"href":"https:\/\/revistaepocadigital.com.ar\/index.php?rest_route=\/wp\/v2\/types\/post"}],"author":[{"embeddable":true,"href":"https:\/\/revistaepocadigital.com.ar\/index.php?rest_route=\/wp\/v2\/users\/3"}],"replies":[{"embeddable":true,"href":"https:\/\/revistaepocadigital.com.ar\/index.php?rest_route=%2Fwp%2Fv2%2Fcomments&post=20947"}],"version-history":[{"count":0,"href":"https:\/\/revistaepocadigital.com.ar\/index.php?rest_route=\/wp\/v2\/posts\/20947\/revisions"}],"wp:attachment":[{"href":"https:\/\/revistaepocadigital.com.ar\/index.php?rest_route=%2Fwp%2Fv2%2Fmedia&parent=20947"}],"wp:term":[{"taxonomy":"category","embeddable":true,"href":"https:\/\/revistaepocadigital.com.ar\/index.php?rest_route=%2Fwp%2Fv2%2Fcategories&post=20947"},{"taxonomy":"post_tag","embeddable":true,"href":"https:\/\/revistaepocadigital.com.ar\/index.php?rest_route=%2Fwp%2Fv2%2Ftags&post=20947"}],"curies":[{"name":"wp","href":"https:\/\/api.w.org\/{rel}","templated":true}]}}