{"id":20950,"date":"2023-05-21T11:17:21","date_gmt":"2023-05-21T14:17:21","guid":{"rendered":"https:\/\/revistaepocadigital.com.ar\/?p=20950"},"modified":"2023-05-21T11:23:09","modified_gmt":"2023-05-21T14:23:09","slug":"susana-maquieira-mendez-en-espana-sigue-muy-involucrada-con-el-mundo-de-las-letras","status":"publish","type":"post","link":"https:\/\/revistaepocadigital.com.ar\/?p=20950","title":{"rendered":"Susana Maquieira M\u00e9ndez, en Espa\u00f1a sigue muy involucrada con el mundo de las letras"},"content":{"rendered":"<div><\/div>\n<div><strong>DESDE TARRAGONA, ESPA\u00d1A, DONDE VIVE HACE A\u00d1OS.<\/strong><\/div>\n<p><!--more--><\/p>\n<div><\/div>\n<div>La exaltacrucense<strong> Susana Maquieira M\u00e9ndez<\/strong>\u00a0habl\u00f3 con EPOCA, acerca del proyecto gestado por la <strong>Editorial Diversidad Literaria.<\/strong><\/div>\n<div><\/div>\n<div>\n<figure id=\"attachment_20953\" aria-describedby=\"caption-attachment-20953\" style=\"width: 300px\" class=\"wp-caption alignleft\"><img loading=\"lazy\" decoding=\"async\" class=\"size-medium wp-image-20953\" src=\"https:\/\/revistaepocadigital.com.ar\/wp-content\/uploads\/2023\/05\/maqieira-s-300x287.jpg\" alt=\"\" width=\"300\" height=\"287\" srcset=\"https:\/\/revistaepocadigital.com.ar\/wp-content\/uploads\/2023\/05\/maqieira-s-300x287.jpg 300w, https:\/\/revistaepocadigital.com.ar\/wp-content\/uploads\/2023\/05\/maqieira-s-1200x1149.jpg 1200w, https:\/\/revistaepocadigital.com.ar\/wp-content\/uploads\/2023\/05\/maqieira-s-768x735.jpg 768w, https:\/\/revistaepocadigital.com.ar\/wp-content\/uploads\/2023\/05\/maqieira-s-1536x1471.jpg 1536w, https:\/\/revistaepocadigital.com.ar\/wp-content\/uploads\/2023\/05\/maqieira-s-696x666.jpg 696w, https:\/\/revistaepocadigital.com.ar\/wp-content\/uploads\/2023\/05\/maqieira-s-1068x1023.jpg 1068w, https:\/\/revistaepocadigital.com.ar\/wp-content\/uploads\/2023\/05\/maqieira-s-439x420.jpg 439w, https:\/\/revistaepocadigital.com.ar\/wp-content\/uploads\/2023\/05\/maqieira-s-877x840.jpg 877w, https:\/\/revistaepocadigital.com.ar\/wp-content\/uploads\/2023\/05\/maqieira-s.jpg 1784w\" sizes=\"auto, (max-width: 300px) 100vw, 300px\" \/><figcaption id=\"caption-attachment-20953\" class=\"wp-caption-text\">Susana despliega sus ideas y vivencias en libros.<\/figcaption><\/figure>\n<\/div>\n<div><\/div>\n<div><\/div>\n<div>&#8220;<em>La\u00a0 editorial ha invitado a escritores que, aunque formaron parte de otras antolog\u00edas de poemas, microrrelatos o poemas que si bien no fueron ganadores, les agrado la forma de escribir o los temas que se escribieron<\/em>&#8220;, cuenta Susana, &#8220;<em>as\u00ed fu\u00ed invitada, junto a otros siete escritores aficionados&#8221;,<\/em> apunta.<\/div>\n<div><\/div>\n<div>Acerca del proyecto detalla, <em>&#8220;es cooperativo, es decir que hay mecenas que compran el libro por anticipado, y de esa manera se van costeando los diferentes procesos de creaci\u00f3n del libro&#8221;.<\/em><\/div>\n<div>\n<figure id=\"attachment_20955\" aria-describedby=\"caption-attachment-20955\" style=\"width: 470px\" class=\"wp-caption aligncenter\"><img loading=\"lazy\" decoding=\"async\" class=\"size-full wp-image-20955\" src=\"https:\/\/revistaepocadigital.com.ar\/wp-content\/uploads\/2023\/05\/maaaaaaaaaa.jpg\" alt=\"\" width=\"470\" height=\"394\" srcset=\"https:\/\/revistaepocadigital.com.ar\/wp-content\/uploads\/2023\/05\/maaaaaaaaaa.jpg 470w, https:\/\/revistaepocadigital.com.ar\/wp-content\/uploads\/2023\/05\/maaaaaaaaaa-300x251.jpg 300w\" sizes=\"auto, (max-width: 470px) 100vw, 470px\" \/><figcaption id=\"caption-attachment-20955\" class=\"wp-caption-text\">La Luz del Conjuro. Susana escritora.<\/figcaption><\/figure>\n<\/div>\n<div><\/div>\n<div><em>Luego<\/em> explica, &#8220;<em>al cumplir los primeros objetivos, mientras se presentan los trabajos y pasan a los editores y correctores, se va completando la p\u00e1gina de la web donde se promociona la venta y adquisici\u00f3n de libros o packs, para particulares, escuelas, bibliotecas, centros culturales, librerias, etc. Yo eleg\u00ed el tema: La luz del conjuro, tem\u00e1tica de fantas\u00eda&#8221;.<\/em><\/div>\n<div><\/div>\n<div><img loading=\"lazy\" decoding=\"async\" class=\"aligncenter size-full wp-image-20957\" src=\"https:\/\/revistaepocadigital.com.ar\/wp-content\/uploads\/2023\/05\/loooo.jpg\" alt=\"\" width=\"385\" height=\"621\" srcset=\"https:\/\/revistaepocadigital.com.ar\/wp-content\/uploads\/2023\/05\/loooo.jpg 385w, https:\/\/revistaepocadigital.com.ar\/wp-content\/uploads\/2023\/05\/loooo-186x300.jpg 186w, https:\/\/revistaepocadigital.com.ar\/wp-content\/uploads\/2023\/05\/loooo-260x420.jpg 260w\" sizes=\"auto, (max-width: 385px) 100vw, 385px\" \/><\/div>\n<div>Y mientras se focaliza en el proyecto que ha comentado, desliza Susana Maquieira M\u00e9ndez, <em>&#8220;hay otros proyectos tambi\u00e9n que tengo en marcha, pero bueno los estoy elaborando, luego les contar\u00e9&#8221;.\u00a0<\/em><\/div>\n<div><\/div>\n<div>M\u00e1s informaci\u00f3n en;\u00a0 \u00a0https:\/\/bit.ly\/3oaLE4T<\/div>\n<div><\/div>\n<div><\/div>\n<div><\/div>\n","protected":false},"excerpt":{"rendered":"<p>DESDE TARRAGONA, ESPA\u00d1A, DONDE VIVE HACE A\u00d1OS.<\/p>\n","protected":false},"author":4,"featured_media":20952,"comment_status":"open","ping_status":"open","sticky":false,"template":"","format":"standard","meta":{"footnotes":"","jetpack_publicize_message":"","jetpack_publicize_feature_enabled":true,"jetpack_social_post_already_shared":true,"jetpack_social_options":{"image_generator_settings":{"template":"highway","default_image_id":0,"font":"","enabled":false},"version":2}},"categories":[13],"tags":[2328,989,2327],"class_list":["post-20950","post","type-post","status-publish","format-standard","has-post-thumbnail","hentry","category-interes-general","tag-escritora","tag-proyectos","tag-susana-maquieira"],"jetpack_publicize_connections":[],"jetpack_featured_media_url":"https:\/\/revistaepocadigital.com.ar\/wp-content\/uploads\/2023\/05\/maquieira-2.jpg","jetpack_likes_enabled":true,"_links":{"self":[{"href":"https:\/\/revistaepocadigital.com.ar\/index.php?rest_route=\/wp\/v2\/posts\/20950","targetHints":{"allow":["GET"]}}],"collection":[{"href":"https:\/\/revistaepocadigital.com.ar\/index.php?rest_route=\/wp\/v2\/posts"}],"about":[{"href":"https:\/\/revistaepocadigital.com.ar\/index.php?rest_route=\/wp\/v2\/types\/post"}],"author":[{"embeddable":true,"href":"https:\/\/revistaepocadigital.com.ar\/index.php?rest_route=\/wp\/v2\/users\/4"}],"replies":[{"embeddable":true,"href":"https:\/\/revistaepocadigital.com.ar\/index.php?rest_route=%2Fwp%2Fv2%2Fcomments&post=20950"}],"version-history":[{"count":0,"href":"https:\/\/revistaepocadigital.com.ar\/index.php?rest_route=\/wp\/v2\/posts\/20950\/revisions"}],"wp:featuredmedia":[{"embeddable":true,"href":"https:\/\/revistaepocadigital.com.ar\/index.php?rest_route=\/wp\/v2\/media\/20952"}],"wp:attachment":[{"href":"https:\/\/revistaepocadigital.com.ar\/index.php?rest_route=%2Fwp%2Fv2%2Fmedia&parent=20950"}],"wp:term":[{"taxonomy":"category","embeddable":true,"href":"https:\/\/revistaepocadigital.com.ar\/index.php?rest_route=%2Fwp%2Fv2%2Fcategories&post=20950"},{"taxonomy":"post_tag","embeddable":true,"href":"https:\/\/revistaepocadigital.com.ar\/index.php?rest_route=%2Fwp%2Fv2%2Ftags&post=20950"}],"curies":[{"name":"wp","href":"https:\/\/api.w.org\/{rel}","templated":true}]}}