{"id":2104,"date":"2019-04-06T01:24:18","date_gmt":"2019-04-06T04:24:18","guid":{"rendered":"https:\/\/revistaepocadigital.com.ar\/?p=2104"},"modified":"2019-04-06T01:24:40","modified_gmt":"2019-04-06T04:24:40","slug":"raul-sancho-replica-al-funcionarios-municipales-sostener-que-intentamos-impedir-que-los-recursos-arriben-no-es-parte-de-la-campana-o-de-una-maniobra-politica-es-una-ridiculez","status":"publish","type":"post","link":"https:\/\/revistaepocadigital.com.ar\/?p=2104","title":{"rendered":"Ra\u00fal Sancho replica al funcionarios municipales: &#8220;Sostener que intentamos impedir que los recursos arriben, no es parte de la campa\u00f1a o de una maniobra pol\u00edtica, es una ridiculez&#8221;"},"content":{"rendered":"<p><strong>LO QUE HAY EN JUEGO ESTE A\u00d1O ES MAY\u00daSCULO, Y ABARCA EL FUTURO DE FUNCIONARIOS MUNICIPALES, Y POL\u00cdTICOS OPOSITORES EN EXALTACI\u00d3N DE LA CRUZ.<\/strong><!--more--><\/p>\n<p>Despu\u00e9s de la pol\u00e9mica por el tema vinculado al env\u00edo a nuestro distrito de m\u00f3viles policiales y m\u00e1s fondos para la polic\u00eda; ante situaciones que se van planteado en el marco de una campa\u00f1a electoral vital para Exaltaci\u00f3n de la Cruz, que no hace m\u00e1s que aumentar la ansiedad y nerviosismo en algunos actores. <strong>Ra\u00fal Sancho,<\/strong> referente de<strong> Cambiemos<\/strong> y titular del <strong>Concejo Deliberante<\/strong> hizo punzantes declaraciones en di\u00e1logo con EPOCA, expresiones que marcaron que la temperatura de la campa\u00f1a electoral exaltacruce\u00f1a va en aumento..<\/p>\n<p><strong>-Con el a\u00f1o electoral iniciado, ratifica su candidatura a intendente?<\/strong><br \/>\n<em>-S\u00ed, desde ya. El motivo fundamental de mi renuncia en el gabinete del gobierno de la provincia de Buenos Aires, fue venir a cumplir con lo que consideramos nuestro compromiso con todos aquellos que han confiado en nosotros, para llevar a Exaltaci\u00f3n de la Cruz a un lugar mejor de lo que hoy vemos. Dej\u00e9 un cargo de subsecretario en la provincia, para asumir como concejal en mi pueblo, lo cual me honra much\u00edsimo. Y de ah\u00ed en m\u00e1s, me he involucrado en pol\u00edtica pensando solo en Exaltaci\u00f3n de la Cruz, y sostenemos ese objetivo firme como el primer d\u00eda. No hay lugar en la provincia o en la Naci\u00f3n que importe un honor mayor que poder trabajar para mejorar tu pueblo, y el resultado obtenido en 2017 nos ha alentado y nos alienta much\u00edsimo a seguir avanzando.<\/em><\/p>\n<p><strong>\u201cNO HABR\u00c1 INTERNAS EN CAMBIEMOS\u201d<\/strong><\/p>\n<p><strong>-En el marco de las PASO, en Cambiemos podr\u00eda ocurrir que se presentara otro candidato a intendente?<\/strong><br \/>\n<em>-A diferencia de lo que ha pasado en otros a\u00f1os, y dejando a salvo que esto no es una ciencia exacta, estamos en condiciones de asegurar que no habr\u00e1 internas en Cambiemos en Exaltaci\u00f3n. Habr\u00e1 una lista \u00fanica conformada por todos los partidos que componen Cambiemos, con la mira puesta en lograr ganar la intendencia. Estamos todos tirando hacia un mismo objetivo.<\/em><\/p>\n<figure id=\"attachment_2109\" aria-describedby=\"caption-attachment-2109\" style=\"width: 484px\" class=\"wp-caption aligncenter\"><img loading=\"lazy\" decoding=\"async\" class=\"size-full wp-image-2109\" src=\"https:\/\/revistaepocadigital.com.ar\/wp-content\/uploads\/2019\/04\/san-hcd.jpg\" alt=\"\" width=\"484\" height=\"450\" srcset=\"https:\/\/revistaepocadigital.com.ar\/wp-content\/uploads\/2019\/04\/san-hcd.jpg 484w, https:\/\/revistaepocadigital.com.ar\/wp-content\/uploads\/2019\/04\/san-hcd-300x279.jpg 300w, https:\/\/revistaepocadigital.com.ar\/wp-content\/uploads\/2019\/04\/san-hcd-452x420.jpg 452w\" sizes=\"auto, (max-width: 484px) 100vw, 484px\" \/><figcaption id=\"caption-attachment-2109\" class=\"wp-caption-text\">El titular del HCD en una sesi\u00f3n junto a la secretaria del cuerpo, Paula Faure<\/figcaption><\/figure>\n<p><strong>-\u00bfQu\u00e9 rol le adjudica a Alejandro Marcus, hombre de su mismo signo pol\u00edtico, quien tambi\u00e9n se ha postulado a la intendencia?<\/strong><br \/>\n<em>-Hemos tenido ya dos internas, ser\u00eda ins\u00f3lito plantear una tercera. Sobre todo teniendo en cuenta no s\u00f3lo el pasado sino tambi\u00e9n el presente. Llevamos 7 a\u00f1os ininterrumpidos de trabajo diario, para poder pararnos frente a nuestros vecinos y decirles que estamos preparados para ser gobierno. Eso no se construye dos meses antes de cada elecci\u00f3n. No somos un espacio cerrado, todo lo contrario, creemos en la construcci\u00f3n desde la diversidad de opiniones, pero sumarse es integrarse a un espacio en condiciones de disputar la intendencia, no haciendo internas, sino complement\u00e1ndose al grupo humano que ya lleva mucho camino recorrido.<\/em><\/p>\n<p><strong>-Acerca de la confrontaci\u00f3n del municipio con el ministerio de seguridad, que origin\u00f3 duros cuestionamientos comunales que tambi\u00e9n lo incluyeron a usted, \u00bfpor que no pudo evitarse?<\/strong><br \/>\n<em>-Las relaciones entre el ministerio y el municipio la manejan los funcionarios de cada organismo, yo no formo parte de ninguno de ellos. Hay una lamentable idea propuesta desde sectores del oficialismo, acerca de que pelearse con el ministerio de seguridad de alg\u00fan modo me perjudica por la relaci\u00f3n que mantengo con el Ministro Ritondo. Es una visi\u00f3n realmente preocupante, cuando viene de quienes tienen la responsabilidad de gobernar. El perjuicio es para todos los vecinos cuando alg\u00fan recurso que puede llegar a Exaltaci\u00f3n de la Cruz no llega. Y estamos en problemas si desde el ejecutivo municipal, prefieren la noticia de que los recursos no llegan, por sobre la comunicaci\u00f3n positiva de lo que env\u00eda la Provincia y la Naci\u00f3n sin hacer ning\u00fan tipo de distinciones.<\/em><\/p>\n<p><strong>-Llam\u00f3 la atenci\u00f3n que a pocos d\u00edas que el municipio (S\u00e1nchez, Flores, Mar\u00eda L. Bozzani) hizo p\u00fablico los reclamos al ministerio de seguridad por falta de env\u00edo de nuevos m\u00f3viles policiales y aumento de fondos, usted se reuniera con el ministro Ritondo y en forma inmediata casi inmediata anunciara la incorporaci\u00f3n de cuatro m\u00f3viles y mas fondos para la polic\u00eda de nuestro distrito.<\/strong><br \/>\n&#8211;<em>Es que no es esa la secuencia de los hechos. El 7 de marzo de este a\u00f1o, el intendente <\/em>(S\u00e1nchez) <em>y los intendentes de los otros 75 municipios que tienen r\u00e9gimen de Polic\u00eda Comunal, fueron convocados por el ministro para la asignaci\u00f3n de recursos y la suscripci\u00f3n de una adenda al convenio original del 2004. El intendente S\u00e1nchez no fue a esa convocatoria, sin siquiera avisar o dar motivo alguno. El martes siguiente, es decir a cinco d\u00edas de haber plantado al ministro, presentaron un proyecto de comunicaci\u00f3n, los concejales de Defensa Comunal para que el Concejo Deliberante le consiguiera al intendente una reuni\u00f3n con el ministro, argumentando que \u201cel ministro no lo atiende\u201d<\/em>.<br \/>\n<em>Frente a ese panorama y advirtiendo que antepusieron una movida pol\u00edtica ante la posibilidad de que recursos necesarios lleguen a nuestro distrito, ped\u00ed reunirme con el Ministro. La reuni\u00f3n no fue para que nos diera recursos porque los ped\u00eda yo, era para hacerle saber que pese al desinter\u00e9s que se tradujo en la ausencia del intendente, para el pueblo de Exaltaci\u00f3n la seguridad estaba siendo una preocupaci\u00f3n y tanto los m\u00f3viles como los fondos y el personal eran algo sumamente necesario. Los recursos que llegaron son los que el ministro hab\u00eda dispuesto para Exaltaci\u00f3n, mucho antes de que yo me reuniera con \u00e9l. La reuni\u00f3n fue urgente porque desde el punto de vista de la Provincia, necesitan sumar una cierta cantidad de polic\u00edas y m\u00f3viles a las calles. Cuando un distrito no est\u00e1 interesado en recibirlo se lo dan a otro, y no pod\u00edamos darnos el lujo de perder algo necesario simplemente por la decisi\u00f3n mezquina de alguien por preferir anunciar que alguien impide que los recursos lleguen, a contar efectivamente con lo que se precisa para combatir el delito en nuestro pueblo.<\/em><br \/>\n<em>Si S\u00e1nchez hubiera ido a la cita con el ministro, el anuncio lo hubiera hecho el, lo que finalmente es un detalle. Lo importante es que los recursos llegasen. Pero tampoco vamos a permitir que se frustre deliberadamente la llegada de recursos, solo porque alguien quiere hacer campa\u00f1a diciendo que Exaltaci\u00f3n es un distrito discriminado.<\/em><\/p>\n<p><strong>-Qued\u00f3 flotando la sensaci\u00f3n clara en el encuentro de hace poco de S\u00e1nchez, Flores, Bozzani con medios de prensa locales, por los dichos manifestados, que usted obstaculiza la relaci\u00f3n del municipio con la gobernaci\u00f3n, y ha quedado expuesto que ela\u00f1o electoral ha comenzado y habr\u00e1 chicanas de ambos lados, oficialismo y Cambiemos en especial<\/strong>.<br \/>\n<em>-Es una ridiculez. No hay forma de catalogar esas tristes expresiones de otro modo. Eso no es una chicana pol\u00edtica, es una ridiculez. Veamos, unas semanas antes de esto se lanz\u00f3 el SAME en Exaltaci\u00f3n de la Cruz, por la gesti\u00f3n directa que efectuamos con funcionarios del Ministerio de Salud. Desde mi llegada al ministerio, Exaltaci\u00f3n ha recibido cinco m\u00f3viles policiales nuevos, 10 motos, una camioneta nueva para el Comando Rural, unos 30 efectivos nuevos; se elev\u00f3 a la categor\u00eda de Comisar\u00eda el destacamento de Parada Robles, expediente del que me ocupe personalmente, y que llevaba m\u00e1s de 10 a\u00f1os durmiendo en el ministerio. Adem\u00e1s, se puso en funciones el Grupo de Apoyo Departamental o GAD, que es ese grupo con uniformes de color negro, que efect\u00faa operaciones especiales, se le dot\u00f3 de armamento y de una camioneta Dodge RAM que no tienen la mayor\u00eda de los distritos del interior, a su vez le fue entregado un chaleco antibalas a cada polic\u00eda, se repusieron unas 50 armas nuevas, dado que algunos polic\u00edas ten\u00edan modelos de m\u00e1s de 40 a\u00f1os. En 2016 el municipio recibi\u00f3 12.000.000 de pesos con los que entre otras cosas se hizo el centro de monitoreo.<\/em><br \/>\n<em>Por otro lado y en otras \u00e1reas, hemos gestionado directamente en educaci\u00f3n la llegada del nivel terciario, sin apoyo alguno de las autoridades municipales, as\u00ed como obras en el Jard\u00edn<\/em> 9<em>10 de Cardales y el Centro de Formaci\u00f3n Profesional a las que les hemos hecho un seguimiento pr\u00e1cticamente diario, para que avancen y son obras que luego de dormir m\u00e1s de siete a\u00f1os, se hicieron realidad. Son s\u00f3lo algunos ejemplos; hacemos un trabajo diario para que lleguen a Exaltaci\u00f3n de la Cruz, la mayor cantidad posible<\/em> <em>de recursos y programas.<\/em><\/p>\n<p><strong>-Entonces\u2026<\/strong><br \/>\n<em>-Entonces, por eso digo que sostener en ese contexto que intentamos impedir que los recursos arriben, no es parte de la campa\u00f1a o de una maniobra pol\u00edtica, es una ridiculez. Por respeto a los vecinos, deber\u00edan retractarse o presentarse en la Justicia a denunciarlo. Ya hemos tenido los argentinos una d\u00e9cada completa de ver como se utilizaban las cadenas nacionales y conferencias de prensa para agraviar al que opina distinto, es lamentable que ahora se imponga eso como pol\u00edtica de gobierno.<\/em><br \/>\n<em>Y por otro lado, es preocupante ver que hay muchos funcionarios m\u00e1s pendientes de lo que ponemos en las redes sociales que de lo que pasa en la calle. Nosotros no vamos a participar de eso, lo que menos quiere la sociedad son peleas entre pol\u00edticos que no conducen a nada. Esperan soluciones y fundamentalmente lo esperan de quienes tienen responsabilidad de gesti\u00f3n. La campa\u00f1a nuestra va a pasar por las propuestas, con mostrar a nuestros vecinos lo que tenemos pensado para el mejor futuro de Exaltaci\u00f3n de la Cruz, lo que podemos llegar a ser si tomamos la decisi\u00f3n de hacerlo.<\/em><\/p>\n<figure id=\"attachment_2110\" aria-describedby=\"caption-attachment-2110\" style=\"width: 478px\" class=\"wp-caption aligncenter\"><img loading=\"lazy\" decoding=\"async\" class=\"size-full wp-image-2110\" src=\"https:\/\/revistaepocadigital.com.ar\/wp-content\/uploads\/2019\/04\/sanch-gas.jpg\" alt=\"\" width=\"478\" height=\"468\" srcset=\"https:\/\/revistaepocadigital.com.ar\/wp-content\/uploads\/2019\/04\/sanch-gas.jpg 478w, https:\/\/revistaepocadigital.com.ar\/wp-content\/uploads\/2019\/04\/sanch-gas-300x294.jpg 300w, https:\/\/revistaepocadigital.com.ar\/wp-content\/uploads\/2019\/04\/sanch-gas-429x420.jpg 429w\" sizes=\"auto, (max-width: 478px) 100vw, 478px\" \/><figcaption id=\"caption-attachment-2110\" class=\"wp-caption-text\">El hombre de Cambiemos durante una reuni\u00f3n apuntada a aumentar la red de gas natural en el distrito.<\/figcaption><\/figure>\n<p><strong>\u201cNO HAY CHANCE ALGUNA QUE S\u00c1NCHEZ SEA CANDIDATO DE CAMBIEMOS\u201d<\/strong><\/p>\n<p><strong>-El intendente lo ha negado en forma reiterada, pero a la vez no ha sido contundente, en cuanto a su eventual pase a Cambiemos. En tal caso como incidir\u00eda en su estrategia electoral?<\/strong><br \/>\n<em>-No hay chance alguna de que S\u00e1nchez sea candidato de Cambiemos. Cambiemos ha construido una opci\u00f3n propia que ha demostrado en 2017 que tiene posibilidades de ganar, que tiene participaci\u00f3n de los vecinos y apoyo. En ese esquema no encaja una gesti\u00f3n de casi 30 a\u00f1os, que viene de estar 12 a\u00f1os con el kirchnerismo, y que en 2015 nos ped\u00eda votar a An\u00edbal Fern\u00e1ndez como gobernador de la provincia. No solo tenemos un armado propio, con muy buenos referentes, sino que tambi\u00e9n tenemos memoria.<\/em><\/p>\n","protected":false},"excerpt":{"rendered":"<p>LO QUE HAY EN JUEGO ESTE A\u00d1O ES MAY\u00daSCULO, Y ABARCA EL FUTURO DE FUNCIONARIOS MUNICIPALES, Y POL\u00cdTICOS OPOSITORES EN EXALTACI\u00d3N DE LA CRUZ.<\/p>\n","protected":false},"author":4,"featured_media":2108,"comment_status":"open","ping_status":"open","sticky":false,"template":"","format":"standard","meta":{"footnotes":"","jetpack_publicize_message":"","jetpack_publicize_feature_enabled":true,"jetpack_social_post_already_shared":false,"jetpack_social_options":{"image_generator_settings":{"template":"highway","default_image_id":0,"font":"","enabled":false},"version":2}},"categories":[17],"tags":[293,256],"class_list":["post-2104","post","type-post","status-publish","format-standard","has-post-thumbnail","hentry","category-politica","tag-campana-electoral","tag-sancho"],"jetpack_publicize_connections":[],"jetpack_featured_media_url":"https:\/\/revistaepocadigital.com.ar\/wp-content\/uploads\/2019\/04\/sanch.jpg","jetpack_likes_enabled":true,"_links":{"self":[{"href":"https:\/\/revistaepocadigital.com.ar\/index.php?rest_route=\/wp\/v2\/posts\/2104","targetHints":{"allow":["GET"]}}],"collection":[{"href":"https:\/\/revistaepocadigital.com.ar\/index.php?rest_route=\/wp\/v2\/posts"}],"about":[{"href":"https:\/\/revistaepocadigital.com.ar\/index.php?rest_route=\/wp\/v2\/types\/post"}],"author":[{"embeddable":true,"href":"https:\/\/revistaepocadigital.com.ar\/index.php?rest_route=\/wp\/v2\/users\/4"}],"replies":[{"embeddable":true,"href":"https:\/\/revistaepocadigital.com.ar\/index.php?rest_route=%2Fwp%2Fv2%2Fcomments&post=2104"}],"version-history":[{"count":0,"href":"https:\/\/revistaepocadigital.com.ar\/index.php?rest_route=\/wp\/v2\/posts\/2104\/revisions"}],"wp:featuredmedia":[{"embeddable":true,"href":"https:\/\/revistaepocadigital.com.ar\/index.php?rest_route=\/wp\/v2\/media\/2108"}],"wp:attachment":[{"href":"https:\/\/revistaepocadigital.com.ar\/index.php?rest_route=%2Fwp%2Fv2%2Fmedia&parent=2104"}],"wp:term":[{"taxonomy":"category","embeddable":true,"href":"https:\/\/revistaepocadigital.com.ar\/index.php?rest_route=%2Fwp%2Fv2%2Fcategories&post=2104"},{"taxonomy":"post_tag","embeddable":true,"href":"https:\/\/revistaepocadigital.com.ar\/index.php?rest_route=%2Fwp%2Fv2%2Ftags&post=2104"}],"curies":[{"name":"wp","href":"https:\/\/api.w.org\/{rel}","templated":true}]}}