{"id":21329,"date":"2023-07-07T01:56:55","date_gmt":"2023-07-07T04:56:55","guid":{"rendered":"https:\/\/revistaepocadigital.com.ar\/?p=21329"},"modified":"2023-07-07T02:24:39","modified_gmt":"2023-07-07T05:24:39","slug":"paro-de-colectivos","status":"publish","type":"post","link":"https:\/\/revistaepocadigital.com.ar\/?p=21329","title":{"rendered":"PARO DE COLECTIVOS"},"content":{"rendered":"<div dir=\"ltr\"><strong>EN TODO EL PA\u00cdS<\/strong>.<\/div>\n<p><!--more--><\/p>\n<div dir=\"ltr\"><\/div>\n<div dir=\"ltr\">La Direcci\u00f3n de Transporte local inform\u00f3 que desde las 00 horas de hoy viernes 7 de julio y por 24 horas,\u00a0 no habr\u00e1 servicio de colectivos tampoco en el distrito de Exaltaci\u00f3n de la Cruz, por el acatamiento al paro nacional de las empresas de colectivos, al que se sumaban Atl\u00e1ntida y Rutabus.<\/div>\n","protected":false},"excerpt":{"rendered":"<p>EN TODO EL PA\u00cdS.<\/p>\n","protected":false},"author":3,"featured_media":21331,"comment_status":"open","ping_status":"open","sticky":false,"template":"","format":"standard","meta":{"footnotes":"","jetpack_publicize_message":"","jetpack_publicize_feature_enabled":true,"jetpack_social_post_already_shared":true,"jetpack_social_options":{"image_generator_settings":{"template":"highway","default_image_id":0,"font":"","enabled":false},"version":2}},"categories":[13],"tags":[2360],"class_list":["post-21329","post","type-post","status-publish","format-standard","has-post-thumbnail","hentry","category-interes-general","tag-paro-colectivos"],"jetpack_publicize_connections":[],"jetpack_featured_media_url":"https:\/\/revistaepocadigital.com.ar\/wp-content\/uploads\/2023\/07\/atlantida.webp","jetpack_likes_enabled":true,"_links":{"self":[{"href":"https:\/\/revistaepocadigital.com.ar\/index.php?rest_route=\/wp\/v2\/posts\/21329","targetHints":{"allow":["GET"]}}],"collection":[{"href":"https:\/\/revistaepocadigital.com.ar\/index.php?rest_route=\/wp\/v2\/posts"}],"about":[{"href":"https:\/\/revistaepocadigital.com.ar\/index.php?rest_route=\/wp\/v2\/types\/post"}],"author":[{"embeddable":true,"href":"https:\/\/revistaepocadigital.com.ar\/index.php?rest_route=\/wp\/v2\/users\/3"}],"replies":[{"embeddable":true,"href":"https:\/\/revistaepocadigital.com.ar\/index.php?rest_route=%2Fwp%2Fv2%2Fcomments&post=21329"}],"version-history":[{"count":0,"href":"https:\/\/revistaepocadigital.com.ar\/index.php?rest_route=\/wp\/v2\/posts\/21329\/revisions"}],"wp:featuredmedia":[{"embeddable":true,"href":"https:\/\/revistaepocadigital.com.ar\/index.php?rest_route=\/wp\/v2\/media\/21331"}],"wp:attachment":[{"href":"https:\/\/revistaepocadigital.com.ar\/index.php?rest_route=%2Fwp%2Fv2%2Fmedia&parent=21329"}],"wp:term":[{"taxonomy":"category","embeddable":true,"href":"https:\/\/revistaepocadigital.com.ar\/index.php?rest_route=%2Fwp%2Fv2%2Fcategories&post=21329"},{"taxonomy":"post_tag","embeddable":true,"href":"https:\/\/revistaepocadigital.com.ar\/index.php?rest_route=%2Fwp%2Fv2%2Ftags&post=21329"}],"curies":[{"name":"wp","href":"https:\/\/api.w.org\/{rel}","templated":true}]}}