{"id":21334,"date":"2023-07-07T02:54:57","date_gmt":"2023-07-07T05:54:57","guid":{"rendered":"https:\/\/revistaepocadigital.com.ar\/?p=21334"},"modified":"2023-07-07T02:56:23","modified_gmt":"2023-07-07T05:56:23","slug":"kicillof-acuso-y-vidal-le-replico-campana-electoral-hot","status":"publish","type":"post","link":"https:\/\/revistaepocadigital.com.ar\/?p=21334","title":{"rendered":"KICILLOF ACUS\u00d3 Y VIDAL LE REPLIC\u00d3. CAMPA\u00d1A ELECTORAL HOT"},"content":{"rendered":"<p>EL CAMINO A LAS PASO, MARCA UN ALTO NIVEL DE CONFRONTACI\u00d3N POL\u00cdTICA.<!--more--><\/p>\n<p>EL GOBERNADOR AXEL KICILLOF BUSCA SU REELECCI\u00d3N Y CRITICA DURO A LA OPOSICI\u00d3N.<\/p>\n<p>&nbsp;<\/p>\n<p>&nbsp;<\/p>\n<p>&nbsp;<\/p>\n<p>Y MARIA EUGENIA VIDAL DE JUNTOS POR CAMBIO LE RESPONDE:<\/p>\n<p>&nbsp;<\/p>\n<p><img loading=\"lazy\" decoding=\"async\" class=\"aligncenter size-medium wp-image-21338\" src=\"https:\/\/revistaepocadigital.com.ar\/wp-content\/uploads\/2023\/07\/VIDAL-300x291.jpg\" alt=\"\" width=\"300\" height=\"291\" srcset=\"https:\/\/revistaepocadigital.com.ar\/wp-content\/uploads\/2023\/07\/VIDAL-300x291.jpg 300w, https:\/\/revistaepocadigital.com.ar\/wp-content\/uploads\/2023\/07\/VIDAL-433x420.jpg 433w, https:\/\/revistaepocadigital.com.ar\/wp-content\/uploads\/2023\/07\/VIDAL.jpg 457w\" sizes=\"auto, (max-width: 300px) 100vw, 300px\" \/><\/p>\n<p>&nbsp;<\/p>\n<p><img loading=\"lazy\" decoding=\"async\" class=\"aligncenter size-full wp-image-21336\" src=\"https:\/\/revistaepocadigital.com.ar\/wp-content\/uploads\/2023\/07\/vid.jpg\" alt=\"\" width=\"559\" height=\"289\" srcset=\"https:\/\/revistaepocadigital.com.ar\/wp-content\/uploads\/2023\/07\/vid.jpg 559w, https:\/\/revistaepocadigital.com.ar\/wp-content\/uploads\/2023\/07\/vid-300x155.jpg 300w\" sizes=\"auto, (max-width: 559px) 100vw, 559px\" \/><\/p>\n","protected":false},"excerpt":{"rendered":"<p>EL CAMINO A LAS PASO, MARCA UN ALTO NIVEL DE CONFRONTACI\u00d3N POL\u00cdTICA.<\/p>\n","protected":false},"author":3,"featured_media":21337,"comment_status":"open","ping_status":"open","sticky":false,"template":"","format":"standard","meta":{"footnotes":"","jetpack_publicize_message":"","jetpack_publicize_feature_enabled":true,"jetpack_social_post_already_shared":true,"jetpack_social_options":{"image_generator_settings":{"template":"highway","default_image_id":0,"font":"","enabled":false},"version":2}},"categories":[17],"tags":[1115,478,146],"class_list":["post-21334","post","type-post","status-publish","format-standard","has-post-thumbnail","hentry","category-politica","tag-elecciones-2023","tag-kicillof","tag-vidal"],"jetpack_publicize_connections":[],"jetpack_featured_media_url":"https:\/\/revistaepocadigital.com.ar\/wp-content\/uploads\/2023\/07\/kici23-1.jpg","jetpack_likes_enabled":true,"_links":{"self":[{"href":"https:\/\/revistaepocadigital.com.ar\/index.php?rest_route=\/wp\/v2\/posts\/21334","targetHints":{"allow":["GET"]}}],"collection":[{"href":"https:\/\/revistaepocadigital.com.ar\/index.php?rest_route=\/wp\/v2\/posts"}],"about":[{"href":"https:\/\/revistaepocadigital.com.ar\/index.php?rest_route=\/wp\/v2\/types\/post"}],"author":[{"embeddable":true,"href":"https:\/\/revistaepocadigital.com.ar\/index.php?rest_route=\/wp\/v2\/users\/3"}],"replies":[{"embeddable":true,"href":"https:\/\/revistaepocadigital.com.ar\/index.php?rest_route=%2Fwp%2Fv2%2Fcomments&post=21334"}],"version-history":[{"count":0,"href":"https:\/\/revistaepocadigital.com.ar\/index.php?rest_route=\/wp\/v2\/posts\/21334\/revisions"}],"wp:featuredmedia":[{"embeddable":true,"href":"https:\/\/revistaepocadigital.com.ar\/index.php?rest_route=\/wp\/v2\/media\/21337"}],"wp:attachment":[{"href":"https:\/\/revistaepocadigital.com.ar\/index.php?rest_route=%2Fwp%2Fv2%2Fmedia&parent=21334"}],"wp:term":[{"taxonomy":"category","embeddable":true,"href":"https:\/\/revistaepocadigital.com.ar\/index.php?rest_route=%2Fwp%2Fv2%2Fcategories&post=21334"},{"taxonomy":"post_tag","embeddable":true,"href":"https:\/\/revistaepocadigital.com.ar\/index.php?rest_route=%2Fwp%2Fv2%2Ftags&post=21334"}],"curies":[{"name":"wp","href":"https:\/\/api.w.org\/{rel}","templated":true}]}}