{"id":21356,"date":"2023-07-09T00:53:57","date_gmt":"2023-07-09T03:53:57","guid":{"rendered":"https:\/\/revistaepocadigital.com.ar\/?p=21356"},"modified":"2023-07-11T00:54:13","modified_gmt":"2023-07-11T03:54:13","slug":"nuevo-operativo-de-anses","status":"publish","type":"post","link":"https:\/\/revistaepocadigital.com.ar\/?p=21356","title":{"rendered":"Nuevo operativo de ANSES"},"content":{"rendered":"<div><strong>SE REITER\u00d3 EN CARDALES.<\/strong><\/div>\n<p><!--more--><\/p>\n<div><\/div>\n<div>Encabezado por el titular de ANSES en Exaltaci\u00f3n de la Cruz, Emmanuel Mart\u00ednez, tuvo lugar, participando adem\u00e1s promotores de salud de la provincia de Buenos Aires, en el Centro de Jubilados y Pensionados de Los Cardales.<\/div>\n<div><\/div>\n<div>Mart\u00ednez dijo, &#8220;quiero darle un enorme agradecimiento por la bienvenida de siempre al centro de jubiladxs y a toda la gente que se acerca amablemente a realizar sus tr\u00e1mites. Entendemos que es una necesidad, y es justamente que lo hacemos para que los y las vecinas no tengan que viajar y que su tr\u00e1mite sea lo m\u00e1s r\u00e1pido posible&#8221;.<\/div>\n","protected":false},"excerpt":{"rendered":"<p>SE REITER\u00d3 EN CARDALES.<\/p>\n","protected":false},"author":3,"featured_media":21361,"comment_status":"open","ping_status":"open","sticky":false,"template":"","format":"standard","meta":{"footnotes":"","jetpack_publicize_message":"","jetpack_publicize_feature_enabled":true,"jetpack_social_post_already_shared":true,"jetpack_social_options":{"image_generator_settings":{"template":"highway","default_image_id":0,"font":"","enabled":false},"version":2}},"categories":[13],"tags":[21,2363],"class_list":["post-21356","post","type-post","status-publish","format-standard","has-post-thumbnail","hentry","category-interes-general","tag-anses","tag-operativo"],"jetpack_publicize_connections":[],"jetpack_featured_media_url":"https:\/\/revistaepocadigital.com.ar\/wp-content\/uploads\/2023\/07\/martinez-anses.jpg","jetpack_likes_enabled":true,"_links":{"self":[{"href":"https:\/\/revistaepocadigital.com.ar\/index.php?rest_route=\/wp\/v2\/posts\/21356","targetHints":{"allow":["GET"]}}],"collection":[{"href":"https:\/\/revistaepocadigital.com.ar\/index.php?rest_route=\/wp\/v2\/posts"}],"about":[{"href":"https:\/\/revistaepocadigital.com.ar\/index.php?rest_route=\/wp\/v2\/types\/post"}],"author":[{"embeddable":true,"href":"https:\/\/revistaepocadigital.com.ar\/index.php?rest_route=\/wp\/v2\/users\/3"}],"replies":[{"embeddable":true,"href":"https:\/\/revistaepocadigital.com.ar\/index.php?rest_route=%2Fwp%2Fv2%2Fcomments&post=21356"}],"version-history":[{"count":0,"href":"https:\/\/revistaepocadigital.com.ar\/index.php?rest_route=\/wp\/v2\/posts\/21356\/revisions"}],"wp:featuredmedia":[{"embeddable":true,"href":"https:\/\/revistaepocadigital.com.ar\/index.php?rest_route=\/wp\/v2\/media\/21361"}],"wp:attachment":[{"href":"https:\/\/revistaepocadigital.com.ar\/index.php?rest_route=%2Fwp%2Fv2%2Fmedia&parent=21356"}],"wp:term":[{"taxonomy":"category","embeddable":true,"href":"https:\/\/revistaepocadigital.com.ar\/index.php?rest_route=%2Fwp%2Fv2%2Fcategories&post=21356"},{"taxonomy":"post_tag","embeddable":true,"href":"https:\/\/revistaepocadigital.com.ar\/index.php?rest_route=%2Fwp%2Fv2%2Ftags&post=21356"}],"curies":[{"name":"wp","href":"https:\/\/api.w.org\/{rel}","templated":true}]}}