{"id":21384,"date":"2023-07-10T17:34:36","date_gmt":"2023-07-10T20:34:36","guid":{"rendered":"https:\/\/revistaepocadigital.com.ar\/?p=21384"},"modified":"2023-07-18T22:51:36","modified_gmt":"2023-07-19T01:51:36","slug":"feria-de-las-carreras-universitarias-agropecuarias","status":"publish","type":"post","link":"https:\/\/revistaepocadigital.com.ar\/?p=21384","title":{"rendered":"FERIA DE LAS CARRERAS UNIVERSITARIAS AGROPECUARIAS"},"content":{"rendered":"<p class=\"yiv0361279673MsoNormal\"><strong>Organizada por la Comisi\u00f3n de Educaci\u00f3n de CARBAP y la Sociedad Rural de Coronel Su\u00e1rez. Tuvo lugar en la sede Capilla de la Sociedad Rural de Exaltaci\u00f3n de la Cruz, Campana y Z\u00e1rate.<\/strong><!--more--><\/p>\n<p class=\"yiv0361279673MsoNormal\">Organizada por la Comision de Educaci\u00f3n de CARBAP y la Sociedad Rural de Coronel Su\u00e1rez se realizo\u00a0 la sede Capilla de la entidad ruralista local, una convocatoria a alumnos pertenecientes a distintas escuelas del Partido de Exaltaci\u00f3n de la Cruz y Z\u00e1rate.<\/p>\n<p class=\"yiv0361279673MsoNormal\">Los alumnos v\u00eda streaming pudieron conocer la oferta educativa terciaria y universitaria en carreras afines a la producci\u00f3n agropecuaria, la agroindustria y la agrobioindustria que presentaron distintas casas de altos estudios de todo el pa\u00eds: Universidad Provincial del Sudoeste; Universidad Cat\u00f3lica Argentina; Universidad de Buenos Aires; Universidad Nacional del Centro; Universidad Nacional de La Plata; Universidad Tecnol\u00f3gica Nacional; Universidad Nacional de La Pampa; Universidad Nacional del Sur. entre otras. Tambi\u00e9n hubo una charla de orientaci\u00f3n vocacional, y se proyect\u00f3 el video \u201cEl Campo Es Futuro\u201d<\/p>\n<p class=\"yiv0361279673MsoNormal\"><img loading=\"lazy\" decoding=\"async\" id=\"yiv0361279673Imagen_x0020_5\" src=\"https:\/\/ecp.yusercontent.com\/mail?url=https%3A%2F%2F101737.asset.dattanet.com%2Fweb_public_shared%2Fimage%2F101737%2F64ac5af4dc53e.jpeg&amp;t=1689020029&amp;ymreqid=a1e28384-e738-286e-1c20-ec0001016e00&amp;sig=f2QuuAR8CObQRi2QnQpzlw--~D\" width=\"566\" height=\"425\" \/><\/p>\n<p class=\"yiv0361279673MsoNormal\">Participaron 80 alumnos de las siguientes escuelas:<\/p>\n<p class=\"yiv0361279673MsoNormal\">Exaltaci\u00f3n de la Cruz:<\/p>\n<p class=\"yiv0361279673MsoNormal\">Urbanas: Escuela n\u00ba 3 \u201cDr. Luis Terrarossa\u201d; Escuela n\u00ba4 \u201cJuana Azurduy\u201d; Escuela n\u00ba5 \u201cLola Mora\u201d.<\/p>\n<p class=\"yiv0361279673MsoNormal\">Rural: Escuela n\u00ba 7 \u201cRoque Saenz Pe\u00f1a;<\/p>\n<p class=\"yiv0361279673MsoNormal\">Agrot\u00e9cnica: CEPT 32 \u201cDiego Gaynor\u201d.<\/p>\n<p class=\"yiv0361279673MsoNormal\">Z\u00e1rate: Agrot\u00e9cnica: EESA n\u00ba 1 \u201cCarlos Von Bernard\u201d<\/p>\n<p class=\"yiv0361279673MsoNormal\"><img loading=\"lazy\" decoding=\"async\" id=\"yiv0361279673Imagen_x0020_7\" src=\"https:\/\/ecp.yusercontent.com\/mail?url=https%3A%2F%2F101737.asset.dattanet.com%2Fweb_public_shared%2Fimage%2F101737%2F64ac5af4e2475.jpeg&amp;t=1689020029&amp;ymreqid=a1e28384-e738-286e-1c20-ec0001016e00&amp;sig=HdBJh2loG8ZR4wW57YP5Eg--~D\" width=\"567\" height=\"282\" \/><\/p>\n<p>Fotos: Soc.Rural de Ex. de la Cruz, Campana y Z\u00e1rate.<\/p>\n","protected":false},"excerpt":{"rendered":"<p>Organizada por la Comisi\u00f3n de Educaci\u00f3n de CARBAP y la Sociedad Rural de Coronel Su\u00e1rez. Tuvo lugar en la sede Capilla de la Sociedad Rural de Exaltaci\u00f3n de la Cruz, Campana y Z\u00e1rate.<\/p>\n","protected":false},"author":3,"featured_media":21385,"comment_status":"open","ping_status":"open","sticky":false,"template":"","format":"standard","meta":{"footnotes":"","jetpack_publicize_message":"","jetpack_publicize_feature_enabled":true,"jetpack_social_post_already_shared":true,"jetpack_social_options":{"image_generator_settings":{"template":"highway","default_image_id":0,"font":"","enabled":false},"version":2}},"categories":[11],"tags":[2367,2368,501],"class_list":["post-21384","post","type-post","status-publish","format-standard","has-post-thumbnail","hentry","category-entidades","tag-alumnos","tag-orientacion-vocacional","tag-rural"],"jetpack_publicize_connections":[],"jetpack_featured_media_url":"https:\/\/revistaepocadigital.com.ar\/wp-content\/uploads\/2023\/07\/rural-charla-aluumnos23.jpg","jetpack_likes_enabled":true,"_links":{"self":[{"href":"https:\/\/revistaepocadigital.com.ar\/index.php?rest_route=\/wp\/v2\/posts\/21384","targetHints":{"allow":["GET"]}}],"collection":[{"href":"https:\/\/revistaepocadigital.com.ar\/index.php?rest_route=\/wp\/v2\/posts"}],"about":[{"href":"https:\/\/revistaepocadigital.com.ar\/index.php?rest_route=\/wp\/v2\/types\/post"}],"author":[{"embeddable":true,"href":"https:\/\/revistaepocadigital.com.ar\/index.php?rest_route=\/wp\/v2\/users\/3"}],"replies":[{"embeddable":true,"href":"https:\/\/revistaepocadigital.com.ar\/index.php?rest_route=%2Fwp%2Fv2%2Fcomments&post=21384"}],"version-history":[{"count":0,"href":"https:\/\/revistaepocadigital.com.ar\/index.php?rest_route=\/wp\/v2\/posts\/21384\/revisions"}],"wp:featuredmedia":[{"embeddable":true,"href":"https:\/\/revistaepocadigital.com.ar\/index.php?rest_route=\/wp\/v2\/media\/21385"}],"wp:attachment":[{"href":"https:\/\/revistaepocadigital.com.ar\/index.php?rest_route=%2Fwp%2Fv2%2Fmedia&parent=21384"}],"wp:term":[{"taxonomy":"category","embeddable":true,"href":"https:\/\/revistaepocadigital.com.ar\/index.php?rest_route=%2Fwp%2Fv2%2Fcategories&post=21384"},{"taxonomy":"post_tag","embeddable":true,"href":"https:\/\/revistaepocadigital.com.ar\/index.php?rest_route=%2Fwp%2Fv2%2Ftags&post=21384"}],"curies":[{"name":"wp","href":"https:\/\/api.w.org\/{rel}","templated":true}]}}