{"id":2141,"date":"2019-04-09T21:31:19","date_gmt":"2019-04-10T00:31:19","guid":{"rendered":"https:\/\/revistaepocadigital.com.ar\/?p=2141"},"modified":"2019-04-09T21:32:36","modified_gmt":"2019-04-10T00:32:36","slug":"radares-fotomultas-respuestas-ante-tanta-confusion","status":"publish","type":"post","link":"https:\/\/revistaepocadigital.com.ar\/?p=2141","title":{"rendered":"Radares, fotomultas, respuestas ante tanta confusi\u00f3n"},"content":{"rendered":"<table class=\"yiv5079630999mcnImageCardBlock\" border=\"0\" width=\"100%\" cellspacing=\"0\" cellpadding=\"0\">\n<tbody class=\"yiv5079630999mcnImageCardBlockOuter\">\n<tr>\n<td class=\"yiv5079630999mcnImageCardBlockInner\" valign=\"top\">\n<table class=\"yiv5079630999mcnImageCardBottomContent\" border=\"0\" width=\"100%\" cellspacing=\"0\" cellpadding=\"0\" align=\"left\">\n<tbody>\n<tr>\n<td class=\"yiv5079630999mcnImageCardBottomImageContent\" align=\"left\" valign=\"top\"><a class=\"yiv5079630999\" title=\"\" href=\"https:\/\/xn--mamasynioseguros-eub.us3.list-manage.com\/track\/click?u=e66ee362592bbf790693c34f0&amp;id=25bd915cab&amp;e=1f88e1f4a9\" target=\"_blank\" rel=\"nofollow noopener\">\u00a0 <\/a><\/td>\n<\/tr>\n<tr>\n<td class=\"yiv5079630999mcnTextContent\" valign=\"top\" width=\"546\"><em>La\u00a0<\/em><strong><em>velocidad<\/em><\/strong><em>\u00a0por s\u00ed sola no es causa de siniestros, influye en la\u00a0<\/em><strong><em>gravedad<\/em><\/strong>\u00a0<strong><em>de las consecuencias<\/em><\/strong><em>.<\/em><\/td>\n<\/tr>\n<\/tbody>\n<\/table>\n<\/td>\n<\/tr>\n<\/tbody>\n<\/table>\n<table class=\"yiv5079630999mcnTextBlock\" border=\"0\" width=\"100%\" cellspacing=\"0\" cellpadding=\"0\">\n<tbody class=\"yiv5079630999mcnTextBlockOuter\">\n<tr>\n<td class=\"yiv5079630999mcnTextBlockInner\" valign=\"top\">\n<table class=\"yiv5079630999mcnTextContentContainer\" border=\"0\" width=\"100%\" cellspacing=\"0\" cellpadding=\"0\" align=\"left\">\n<tbody>\n<tr>\n<td class=\"yiv5079630999mcnTextContent\" valign=\"top\">&nbsp;<\/p>\n<p><strong>Gu\u00eda de respuestas b\u00e1sicas.<\/strong><\/p>\n<p><strong>\u00bfPor qu\u00e9 controlar velocidad?<\/strong><br \/>\nHay estudios serios en materia de seguridad vial que sostienen que el &#8220;choque por alcance&#8221;, con el correcto uso de radares de multas, se podr\u00eda disminuir entre un 45% y un 50%, tambi\u00e9n especifican la disminuci\u00f3n de gastos en materia de salud y hasta se especifica que un veh\u00edculo que circula en exceso de velocidad produce mayor cantidad de contaminaci\u00f3n (\u00d3xido de Nitr\u00f3geno) que aquel que lo hace a velocidades inferiores.<\/p>\n<p><em>\u00bfSab\u00edas que? <\/em>si un veh\u00edculo (1.000 kg) a 90 km\/h. frena de golpe y es impactado por una cami\u00f3n cargado (44.000 kg) a 60 km\/h. recibe durante 1 segundo y 1 metro una fuerza de casi 73.000 kg?\u00a0Por eso, adem\u00e1s de realizar los controles, es sumamente necesario se\u00f1alizar bien d\u00f3nde est\u00e1n los radares, para no producir frenadas bruscas.<\/p>\n<p><strong>\u00bfC\u00f3mo se mide la velocidad?<\/strong><br \/>\nLa velocidad se mide con un radar, t\u00e9cnicamente: UN CINEM\u00d3METRO<\/p>\n<p><strong>\u00bfQu\u00e9 es un Cinem\u00f3metro?<\/strong><br \/>\nEl Cinem\u00f3metros es un aparato que\u00a0<em>mide velocidad en funci\u00f3n de tiempo y distancia recorrida.<\/em>\u00a0Existen fijos y m\u00f3viles<\/p>\n<p><strong>\u00bfSirve cualquier aparato?<\/strong><br \/>\nNO. Tiene que tener SIEMPRE homologaci\u00f3n del INTI<\/p>\n<p><strong>Los radares fijos hacen multas fotogr\u00e1ficas \u00bfSON LEGALES?<\/strong><br \/>\n<strong>SI, SON LEGALES (PERO)<br \/>\nSI<\/strong>, SON LEGALES PERO&#8230; si est\u00e1n sobre Rutas Nacionales deben tener permiso de la Direcci\u00f3n Nacional de Vialidad para operar (sobre rutas de Provincia, autorizaci\u00f3n de esa provincia)<br \/>\n&#8211;\u00a0<strong>SI<\/strong>, SON LEGALES, PERO&#8230; Tienen que estar homologados por INTI<br \/>\n&#8211;\u00a0<strong>SI<\/strong>, SON LEGALES, PERO&#8230; la foto debe ser clara<br \/>\n&#8211;\u00a0<strong>SI<\/strong>, SON LEGALES, PERO&#8230; el acta tiene que tener todos los datos<\/p>\n<p>~ Fecha (d\u00eda, mes y a\u00f1o); hora y minuto de la medici\u00f3n<br \/>\n~ Velocidad medida del veh\u00edculo afectado, en km\/h<br \/>\n~ Ubicaci\u00f3n geogr\u00e1fica del cinem\u00f3metro (Ej.: calle y numeraci\u00f3n o intersecci\u00f3n; o bien ruta, kil\u00f3metro y localidad)<br \/>\n~ Velocidad m\u00e1xima autorizada en el lugar<br \/>\n~ Datos del cinem\u00f3metro: Marca, modelo o c\u00f3digo de aprobaci\u00f3n y n\u00famero de serie.<\/p>\n<p><strong>\u00bfMe deben notificar en el lugar?<\/strong><br \/>\n<strong>NO<\/strong>. La ley es clara en ese sentido.<br \/>\nLNTySV N\u00b0 24.449 en su <strong>Art. 75 <\/strong>sobre Responsabilidad que dice en su inc. c) Cuando no se identifica al conductor infractor, recaer\u00e1 una presunci\u00f3n de comisi\u00f3n de la infracci\u00f3n en el propietario del veh\u00edculo, a no ser que compruebe que lo hab\u00eda enajenado o no estaba bajo su tenencia o custodia, denunciando al comprador, tenedor o custodio.<\/p>\n<p><strong>\u00bfTienen que detenerme para avisar sobre la infracci\u00f3n?<\/strong><br \/>\n<strong>NO.<\/strong>\u00a0<em>No se detiene la marcha del veh\u00edculo\u00a0porque el\u00a0<strong>Punto 3 del Art. 70 de la Ley Nacional de Tr\u00e1nsito<\/strong><\/em><br \/>\n<em>solicita, \u201cIdentificarse ante el presunto infractor, indic\u00e1ndole la dependencia inmediata a la que<\/em><br \/>\n<em>pertenece\u201d,\u00a0<strong>esto se cumplimenta a trav\u00e9s de la carteler\u00eda<\/strong>\u00a0instalada en los accesos a la localidad, en la<\/em><br \/>\n<em>que se expresa cual es la dependencia que est\u00e1 realizando controles de Tr\u00e1nsito, de esta manera se est\u00e1<\/em><br \/>\n<em>identificando ante el presunto infractor la dependencia que realiza el control. Esto puede realizarse de<\/em><br \/>\n<em>manera independiente con inspectores o con dispositivos de captura de im\u00e1genes, o en forma<\/em><br \/>\n<em>complementaria entre ambos. Reiterando que de esta manera se cumple con el Punto 3 del Art\u00edculo 70,<\/em><br \/>\n<em>que en ninguna parte expresa que hay que detener al presunto infractor.<\/em><\/p>\n<p><strong>\u00bfExisten cinem\u00f3metros en regla?\u00a0<\/strong>SI<\/p>\n<p><strong>\u00bfCu\u00e1ntos?\u00a0<\/strong>Pocos<\/p>\n<p><strong>\u00bfD\u00f3nde puedo ver si los cinem\u00f3metros est\u00e1n homologados?<\/strong><br \/>\nEl listado, aunque no necesariamente 100% actualizado se encuentra disponible en la\u00a0<a href=\"https:\/\/xn--mamasynioseguros-eub.us3.list-manage.com\/track\/click?u=e66ee362592bbf790693c34f0&amp;id=96c2fce773&amp;e=1f88e1f4a9\" target=\"_blank\" rel=\"nofollow noopener\">web<\/a>\u00a0del INTI<\/p>\n<p><strong>\u00bfQu\u00e9 datos necesita tener el cinem\u00f3metro homologado?<\/strong><br \/>\n~ MARCA y MODELO.<br \/>\n~ PROCEDENCIA: Pa\u00eds de fabricaci\u00f3n del producto.<br \/>\n~ N\u00ba DE SERIE, CODIGO APROBACION.<br \/>\n~ TIPO: Fijo o Port\u00e1til.<br \/>\n~ VIGENCIA: Fecha entre las que puede operar el equipo,\u00a0no puede estar vencida.<\/p>\n<p><strong>\u00bfQu\u00e9 ocurre en las rutas provinciales?<\/strong><\/p>\n<p>Lo mismo que en las nacionales, solamente cambia que el permiso de colocar el cinem\u00f3metro lo debe dar la Direcci\u00f3n de vialidad de la provincia y no la de naci\u00f3n.<\/p>\n<p><em>Por <a href=\"https:\/\/xn--mamasynioseguros-eub.us3.list-manage.com\/track\/click?u=e66ee362592bbf790693c34f0&amp;id=0c9cca29b0&amp;e=1f88e1f4a9\" target=\"_blank\" rel=\"nofollow noopener\"><strong>Axel Dell` olio<\/strong><\/a><\/em><br \/>\nTitular de la Asociaci\u00f3n para la Disminuci\u00f3n de la Siniestralidad Vial (ADISIV)<\/td>\n<\/tr>\n<\/tbody>\n<\/table>\n<\/td>\n<\/tr>\n<\/tbody>\n<\/table>\n","protected":false},"excerpt":{"rendered":"<p>\u00a0 La\u00a0velocidad\u00a0por s\u00ed sola no es causa de siniestros, influye en la\u00a0gravedad\u00a0de las consecuencias. &nbsp; Gu\u00eda de respuestas b\u00e1sicas. \u00bfPor qu\u00e9 controlar velocidad? Hay estudios serios en materia de seguridad vial que sostienen que el &#8220;choque por alcance&#8221;, con el correcto uso de radares de multas, se podr\u00eda disminuir entre un 45% y un 50%, [&hellip;]<\/p>\n","protected":false},"author":3,"featured_media":2144,"comment_status":"open","ping_status":"open","sticky":false,"template":"","format":"standard","meta":{"footnotes":"","jetpack_publicize_message":"","jetpack_publicize_feature_enabled":true,"jetpack_social_post_already_shared":false,"jetpack_social_options":{"image_generator_settings":{"template":"highway","default_image_id":0,"font":"","enabled":false},"version":2}},"categories":[13],"tags":[48,301],"class_list":["post-2141","post","type-post","status-publish","format-standard","has-post-thumbnail","hentry","category-interes-general","tag-foto-multas","tag-radares"],"jetpack_publicize_connections":[],"jetpack_featured_media_url":"https:\/\/revistaepocadigital.com.ar\/wp-content\/uploads\/2019\/04\/mail.jpg","jetpack_likes_enabled":true,"_links":{"self":[{"href":"https:\/\/revistaepocadigital.com.ar\/index.php?rest_route=\/wp\/v2\/posts\/2141","targetHints":{"allow":["GET"]}}],"collection":[{"href":"https:\/\/revistaepocadigital.com.ar\/index.php?rest_route=\/wp\/v2\/posts"}],"about":[{"href":"https:\/\/revistaepocadigital.com.ar\/index.php?rest_route=\/wp\/v2\/types\/post"}],"author":[{"embeddable":true,"href":"https:\/\/revistaepocadigital.com.ar\/index.php?rest_route=\/wp\/v2\/users\/3"}],"replies":[{"embeddable":true,"href":"https:\/\/revistaepocadigital.com.ar\/index.php?rest_route=%2Fwp%2Fv2%2Fcomments&post=2141"}],"version-history":[{"count":0,"href":"https:\/\/revistaepocadigital.com.ar\/index.php?rest_route=\/wp\/v2\/posts\/2141\/revisions"}],"wp:featuredmedia":[{"embeddable":true,"href":"https:\/\/revistaepocadigital.com.ar\/index.php?rest_route=\/wp\/v2\/media\/2144"}],"wp:attachment":[{"href":"https:\/\/revistaepocadigital.com.ar\/index.php?rest_route=%2Fwp%2Fv2%2Fmedia&parent=2141"}],"wp:term":[{"taxonomy":"category","embeddable":true,"href":"https:\/\/revistaepocadigital.com.ar\/index.php?rest_route=%2Fwp%2Fv2%2Fcategories&post=2141"},{"taxonomy":"post_tag","embeddable":true,"href":"https:\/\/revistaepocadigital.com.ar\/index.php?rest_route=%2Fwp%2Fv2%2Ftags&post=2141"}],"curies":[{"name":"wp","href":"https:\/\/api.w.org\/{rel}","templated":true}]}}