{"id":21430,"date":"2023-07-10T02:29:36","date_gmt":"2023-07-10T05:29:36","guid":{"rendered":"https:\/\/revistaepocadigital.com.ar\/?p=21430"},"modified":"2023-07-17T02:37:59","modified_gmt":"2023-07-17T05:37:59","slug":"remeros-plaza-te-invita-a-des-corchando-4ta-edicion-la-noche-del-vino","status":"publish","type":"post","link":"https:\/\/revistaepocadigital.com.ar\/?p=21430","title":{"rendered":"Remeros Plaza te invita a \u201cDes-corchando\u201d 4ta. Edici\u00f3n, La Noche del Vino"},"content":{"rendered":"<p class=\"yiv6566445125MsoNormal\" style=\"text-align: left;\" align=\"center\"><strong>El shopping ser\u00e1 sede de una fiesta estelar que es sin\u00f3nimo de \u00e9xito en la zona.<\/strong><!--more--><\/p>\n<p>Este viernes 14 de julio, se lleva a cabo en el centro comercial de Tigre, una nueva edici\u00f3n de Des-corchando, evento que contar\u00e1 con la presencia de las principales marcas de vino del pa\u00eds. El acontecimiento se desarrollar\u00e1 entre las 20:00 \u2013 00-00hs. <b>En el circuito gastron\u00f3mico del shopping<\/b>, ubicado en\u00a0Avenida Santa Mar\u00eda de las Conchas 4711, Tigre, Provincia de Buenos Aires.<\/p>\n<p class=\"yiv6566445125MsoNormal\">El p\u00fablico que asista a la fiesta vivir\u00e1 una noche a puro vino, pudiendo disfrutar de m\u00e1s de 15 bodegas de alta calidad.\u00a0<b>Entre las marcas invitadas se destacan:<\/b>\u00a0Alto Las Hormigas, Salentein, Cadus, Aqu\u00ed, Sabato, Corbeau Wines, Abejorro, Trivento, Cha\u00f1armuyo, Solo Contigo, Martino, Sarapura, Cuarto Surco, Tapiz, Contegrand, Falasco, Piatelli, Cimarron Wines, Zaffiro Wines y Vi\u00f1a Olivia.<\/p>\n<p><img loading=\"lazy\" decoding=\"async\" class=\"alignleft size-medium wp-image-21432\" src=\"https:\/\/revistaepocadigital.com.ar\/wp-content\/uploads\/2023\/07\/remeros-289x300.jpg\" alt=\"\" width=\"289\" height=\"300\" srcset=\"https:\/\/revistaepocadigital.com.ar\/wp-content\/uploads\/2023\/07\/remeros-289x300.jpg 289w, https:\/\/revistaepocadigital.com.ar\/wp-content\/uploads\/2023\/07\/remeros-696x724.jpg 696w, https:\/\/revistaepocadigital.com.ar\/wp-content\/uploads\/2023\/07\/remeros-404x420.jpg 404w, https:\/\/revistaepocadigital.com.ar\/wp-content\/uploads\/2023\/07\/remeros.jpg 756w\" sizes=\"auto, (max-width: 289px) 100vw, 289px\" \/><\/p>\n<p class=\"yiv6566445125MsoNormal\">Por otro lado, <strong>Des-corchando<\/strong> prepara al p\u00fablico una propuesta gastron\u00f3mica explosiva y de primer nivel, que estar\u00e1 a cargo de \u201cUn Pernil volando\u201d y \u201cLa Colonial\u201d. En este sentido, Mature ser\u00e1 uno de los invitados especiales, exponiendo sus chocolates para disfrutar junto al vino.<\/p>\n<p class=\"yiv6566445125MsoNormal\">Adem\u00e1s de la variedad de propuestas en gastronom\u00eda y bebida, la fiesta contar\u00e1 con el show musical de un Dj, y al mismo tiempo se esperan sorteos y otras sorpresas.<\/p>\n<p class=\"yiv6566445125MsoNormal\">Para comprar tu entrada a la 4ta edici\u00f3n de Des-corchando, podes ingresar a:\u00a0<a href=\"https:\/\/www.eventbrite.com.ar\/e\/copia-de-des-corchando-la-noche-del-vino-4ta-edicion-tickets-667868792537?fbclid=PAAaZGeWZn0Aj18yP3ZP4TGPmzOT3cB_x4qwzpFZ92hQHI6FrxRQ4tFZs4bMQ\" target=\"_blank\" rel=\"nofollow noopener noreferrer\">https:\/\/www.eventbrite.com.ar\/e\/copia-de-des-corchando-la-noche-del-vino-4ta-edicion-tickets-667868792537?fbclid=PAAaZGeWZn0Aj18yP3ZP4TGPmzOT3cB_x4qwzpFZ92hQHI6FrxRQ4tFZs4bMQ<\/a>\u00a0.<\/p>\n<p class=\"yiv6566445125MsoNormal\"><b>La compra del ticket incluye:<\/b>\u00a0una copa de regalo utilizada para degustar en las bodegas expositoras, puestos de agua durante toda la noche, vouchers de propuestas gastron\u00f3mica para canjear y estacionamiento sin cargo.<\/p>\n<p class=\"yiv6566445125MsoNormal\">Vale destacar que el evento no se suspende por malas condiciones clim\u00e1ticas y la venta de entradas es limitada.<\/p>\n<p class=\"yiv6566445125MsoNormal\">Nuevamente, Remeros Plaza Shopping se siente orgulloso de organizar un acontecimiento de tal magnitud, promoviendo \u201cMOMENTOS \u00daNICOS\u201d.<\/p>\n<p class=\"yiv6566445125MsoNormal\">\n","protected":false},"excerpt":{"rendered":"<p>El shopping ser\u00e1 sede de una fiesta estelar que es sin\u00f3nimo de \u00e9xito en la zona.<\/p>\n","protected":false},"author":4,"featured_media":21432,"comment_status":"open","ping_status":"open","sticky":false,"template":"","format":"standard","meta":{"footnotes":"","jetpack_publicize_message":"","jetpack_publicize_feature_enabled":true,"jetpack_social_post_already_shared":true,"jetpack_social_options":{"image_generator_settings":{"template":"highway","default_image_id":0,"font":"","enabled":false},"version":2}},"categories":[14],"tags":[2311],"class_list":["post-21430","post","type-post","status-publish","format-standard","has-post-thumbnail","hentry","category-la-gente","tag-remeros-plaza"],"jetpack_publicize_connections":[],"jetpack_featured_media_url":"https:\/\/revistaepocadigital.com.ar\/wp-content\/uploads\/2023\/07\/remeros.jpg","jetpack_likes_enabled":true,"_links":{"self":[{"href":"https:\/\/revistaepocadigital.com.ar\/index.php?rest_route=\/wp\/v2\/posts\/21430","targetHints":{"allow":["GET"]}}],"collection":[{"href":"https:\/\/revistaepocadigital.com.ar\/index.php?rest_route=\/wp\/v2\/posts"}],"about":[{"href":"https:\/\/revistaepocadigital.com.ar\/index.php?rest_route=\/wp\/v2\/types\/post"}],"author":[{"embeddable":true,"href":"https:\/\/revistaepocadigital.com.ar\/index.php?rest_route=\/wp\/v2\/users\/4"}],"replies":[{"embeddable":true,"href":"https:\/\/revistaepocadigital.com.ar\/index.php?rest_route=%2Fwp%2Fv2%2Fcomments&post=21430"}],"version-history":[{"count":0,"href":"https:\/\/revistaepocadigital.com.ar\/index.php?rest_route=\/wp\/v2\/posts\/21430\/revisions"}],"wp:featuredmedia":[{"embeddable":true,"href":"https:\/\/revistaepocadigital.com.ar\/index.php?rest_route=\/wp\/v2\/media\/21432"}],"wp:attachment":[{"href":"https:\/\/revistaepocadigital.com.ar\/index.php?rest_route=%2Fwp%2Fv2%2Fmedia&parent=21430"}],"wp:term":[{"taxonomy":"category","embeddable":true,"href":"https:\/\/revistaepocadigital.com.ar\/index.php?rest_route=%2Fwp%2Fv2%2Fcategories&post=21430"},{"taxonomy":"post_tag","embeddable":true,"href":"https:\/\/revistaepocadigital.com.ar\/index.php?rest_route=%2Fwp%2Fv2%2Ftags&post=21430"}],"curies":[{"name":"wp","href":"https:\/\/api.w.org\/{rel}","templated":true}]}}