{"id":21439,"date":"2023-07-12T03:00:57","date_gmt":"2023-07-12T06:00:57","guid":{"rendered":"https:\/\/revistaepocadigital.com.ar\/?p=21439"},"modified":"2023-07-12T03:00:57","modified_gmt":"2023-07-12T06:00:57","slug":"el-superintendente-de-seguridad-de-la-region-interior-norte-1-en-la-rural-en-capilla","status":"publish","type":"post","link":"https:\/\/revistaepocadigital.com.ar\/?p=21439","title":{"rendered":"EL SUPERINTENDENTE DE SEGURIDAD DE LA REGION INTERIOR NORTE 1 EN LA RURAL EN CAPILLA"},"content":{"rendered":"<p class=\"yiv5805069790MsoNormal\"><b><u>EN LA SEDE DE CAPILLA DEL SE\u00d1OR, DE LA SOCIEDAD RURAL DE EXALTACI\u00d3N DE LA CRUZ, CAMPANA Y Z\u00c1RATE.<\/u><\/b><!--more--><\/p>\n<p class=\"yiv5805069790MsoNormal\">En la entidad ruralista tuvo lugar un almuerzo al que asisti\u00f3 el Comisario Mayor Cristian. Carrera, Superintendente de Seguridad de la Regi\u00f3n Interior Norte 1 de la Polic\u00eda de la Provincia de Buenos Aires.<\/p>\n<p class=\"yiv5805069790MsoNormal\">Asistieron tambi\u00e9n el Jefe Comunal de Exaltaci\u00f3n de la Cruz, Comisario Jos\u00e9 Manuel Manteiga y los Jefes de los Comandos de Prevenci\u00f3n Rural (CPR) Exaltaci\u00f3n de la Cruz, Comisario Fernando Battista y de Z\u00e1rate-Campana, Comisario Silvio Piazzale, adem\u00e1s asistieron los Oficiales Jonathan Rojas y Victor Basavilbaso. En tanto, representaron a la Sociedad Rural, el Coordinador de Seguridad Pedro Querencio, el Vicepresidente 1\u00ba Fernando Boracchia y el Secretario Carlos Altieri. Durante el encuentro se convers\u00f3 sobre aspectos vinculados a ambos sectores.<\/p>\n<p class=\"yiv5805069790MsoNormal\"><img loading=\"lazy\" decoding=\"async\" id=\"yiv5805069790Imagen_x0020_5\" src=\"https:\/\/ecp.yusercontent.com\/mail?url=https%3A%2F%2F101737.asset.dattanet.com%2Fweb_public_shared%2Fimage%2F101737%2F64adc3dee43aa.jpeg&amp;t=1689140047&amp;ymreqid=a1e28384-e738-286e-1c9e-1b0010012000&amp;sig=JmwHhCMxnSpNXu8CQ3PJvA--~D\" width=\"566\" height=\"425\" \/><\/p>\n<p class=\"yiv5805069790MsoNormal\">Foto prensa Sociedad Rural.<\/p>\n","protected":false},"excerpt":{"rendered":"<p>EN LA SEDE DE CAPILLA DEL SE\u00d1OR, DE LA SOCIEDAD RURAL DE EXALTACI\u00d3N DE LA CRUZ, CAMPANA Y Z\u00c1RATE.<\/p>\n","protected":false},"author":3,"featured_media":21440,"comment_status":"open","ping_status":"open","sticky":false,"template":"","format":"standard","meta":{"footnotes":"","jetpack_publicize_message":"","jetpack_publicize_feature_enabled":true,"jetpack_social_post_already_shared":true,"jetpack_social_options":{"image_generator_settings":{"template":"highway","default_image_id":0,"font":"","enabled":false},"version":2}},"categories":[11],"tags":[2376,784,501],"class_list":["post-21439","post","type-post","status-publish","format-standard","has-post-thumbnail","hentry","category-entidades","tag-funcionarios-policiales","tag-reunion","tag-rural"],"jetpack_publicize_connections":[],"jetpack_featured_media_url":"https:\/\/revistaepocadigital.com.ar\/wp-content\/uploads\/2023\/07\/rural-y-policias23.jpg","jetpack_likes_enabled":true,"_links":{"self":[{"href":"https:\/\/revistaepocadigital.com.ar\/index.php?rest_route=\/wp\/v2\/posts\/21439","targetHints":{"allow":["GET"]}}],"collection":[{"href":"https:\/\/revistaepocadigital.com.ar\/index.php?rest_route=\/wp\/v2\/posts"}],"about":[{"href":"https:\/\/revistaepocadigital.com.ar\/index.php?rest_route=\/wp\/v2\/types\/post"}],"author":[{"embeddable":true,"href":"https:\/\/revistaepocadigital.com.ar\/index.php?rest_route=\/wp\/v2\/users\/3"}],"replies":[{"embeddable":true,"href":"https:\/\/revistaepocadigital.com.ar\/index.php?rest_route=%2Fwp%2Fv2%2Fcomments&post=21439"}],"version-history":[{"count":0,"href":"https:\/\/revistaepocadigital.com.ar\/index.php?rest_route=\/wp\/v2\/posts\/21439\/revisions"}],"wp:featuredmedia":[{"embeddable":true,"href":"https:\/\/revistaepocadigital.com.ar\/index.php?rest_route=\/wp\/v2\/media\/21440"}],"wp:attachment":[{"href":"https:\/\/revistaepocadigital.com.ar\/index.php?rest_route=%2Fwp%2Fv2%2Fmedia&parent=21439"}],"wp:term":[{"taxonomy":"category","embeddable":true,"href":"https:\/\/revistaepocadigital.com.ar\/index.php?rest_route=%2Fwp%2Fv2%2Fcategories&post=21439"},{"taxonomy":"post_tag","embeddable":true,"href":"https:\/\/revistaepocadigital.com.ar\/index.php?rest_route=%2Fwp%2Fv2%2Ftags&post=21439"}],"curies":[{"name":"wp","href":"https:\/\/api.w.org\/{rel}","templated":true}]}}