{"id":21445,"date":"2023-07-12T12:33:46","date_gmt":"2023-07-12T15:33:46","guid":{"rendered":"https:\/\/revistaepocadigital.com.ar\/?p=21445"},"modified":"2023-07-12T12:33:46","modified_gmt":"2023-07-12T15:33:46","slug":"detuvieron-al-autor-sindicado-de-tres-robos-ocurridos-en-las-ultimas-semanas","status":"publish","type":"post","link":"https:\/\/revistaepocadigital.com.ar\/?p=21445","title":{"rendered":"DETUVIERON AL AUTOR SINDICADO DE TRES ROBOS OCURRIDOS EN LAS \u00daLTIMAS SEMANAS"},"content":{"rendered":"<p><strong>LUEGO DE ALLANAMIENTOS.<\/strong><!--more--><\/p>\n<p>Se inform\u00f3 que fue detenido el autor material de una serie de robos perpetrados durante las \u00faltimas semanas en Cardales.\u00a0 Para la concreci\u00f3n de esos procedimientos y sus resultados positivos, result\u00f3 clave la investigaci\u00f3n efectuada por la Polic\u00eda de Los Cardales y el fiscal Juan Manuel Esperante.<\/p>\n<p>La pesquisa comenz\u00f3 luego de la denuncia efectuada el pasado 28 de junio por el robo a una inmobiliaria. El trabajo r\u00e1pido, eficaz y en las \u00faltimas horas se imparti\u00f3 la correspondiente orden de allanamiento y detenci\u00f3n contra el sujeto sindicado como el responsable del il\u00edcito.<\/p>\n<p>Se concretaron dos allanamientos y en uno de ellos, llevado a cabo en una finca de la calle Alsina e Irigoyen, se procedi\u00f3 a detener a un sujeto de 21 a\u00f1os, que era buscado como el autor del citado robo y otros episodios delictivos. Adem\u00e1s se identific\u00f3 a los padres del aprehendido, quienes se encontraban en el lugar.\u00a0Durante el operativo, se logr\u00f3 la incautaci\u00f3n de un tel\u00e9fono celular y tr\u00edpode DJI estabilizador, sustra\u00eddo en el hecho de marras y requerido en oficio judicial.<\/p>\n<p>A ra\u00edz de los elementos incautados y las pruebas aportadas por la investigaci\u00f3n, el fiscal Jos\u00e9 Lu\u00eds Aguado aval\u00f3 lo actuado, dispuso medidas de rigor y elevaci\u00f3n de actuaciones con secuestros a sede judicial.<\/p>\n<p>Pero adem\u00e1s, de acuerdo a los elementos secuestrados, se confirm\u00f3 que el detenido tambi\u00e9n fue el autor de otros dos hechos acaecidos el 1\u00b0 de junio pasado bajo la misma modalidad y en la misma zona geogr\u00e1fica.<\/p>\n<p>En uno de ellos, el ladr\u00f3n violent\u00f3 la reja de una habitaci\u00f3n y rob\u00f3 900 d\u00f3lares y una notebook, mientras que en el otro se llev\u00f3 una motosierra naranja y negra. Por estas horas, se trata de establecer donde fueran comercializados los elementos sustra\u00eddos que no se encontraron en la vivienda del detenido.<\/p>\n","protected":false},"excerpt":{"rendered":"<p>LUEGO DE ALLANAMIENTOS.<\/p>\n","protected":false},"author":3,"featured_media":21447,"comment_status":"open","ping_status":"open","sticky":false,"template":"","format":"standard","meta":{"footnotes":"","jetpack_publicize_message":"","jetpack_publicize_feature_enabled":true,"jetpack_social_post_already_shared":true,"jetpack_social_options":{"image_generator_settings":{"template":"highway","default_image_id":0,"font":"","enabled":false},"version":2}},"categories":[4],"tags":[176],"class_list":["post-21445","post","type-post","status-publish","format-standard","has-post-thumbnail","hentry","category-aqui-los-cardales","tag-robos"],"jetpack_publicize_connections":[],"jetpack_featured_media_url":"https:\/\/revistaepocadigital.com.ar\/wp-content\/uploads\/2023\/07\/IMG_5201-e1689175982305.png","jetpack_likes_enabled":true,"_links":{"self":[{"href":"https:\/\/revistaepocadigital.com.ar\/index.php?rest_route=\/wp\/v2\/posts\/21445","targetHints":{"allow":["GET"]}}],"collection":[{"href":"https:\/\/revistaepocadigital.com.ar\/index.php?rest_route=\/wp\/v2\/posts"}],"about":[{"href":"https:\/\/revistaepocadigital.com.ar\/index.php?rest_route=\/wp\/v2\/types\/post"}],"author":[{"embeddable":true,"href":"https:\/\/revistaepocadigital.com.ar\/index.php?rest_route=\/wp\/v2\/users\/3"}],"replies":[{"embeddable":true,"href":"https:\/\/revistaepocadigital.com.ar\/index.php?rest_route=%2Fwp%2Fv2%2Fcomments&post=21445"}],"version-history":[{"count":0,"href":"https:\/\/revistaepocadigital.com.ar\/index.php?rest_route=\/wp\/v2\/posts\/21445\/revisions"}],"wp:featuredmedia":[{"embeddable":true,"href":"https:\/\/revistaepocadigital.com.ar\/index.php?rest_route=\/wp\/v2\/media\/21447"}],"wp:attachment":[{"href":"https:\/\/revistaepocadigital.com.ar\/index.php?rest_route=%2Fwp%2Fv2%2Fmedia&parent=21445"}],"wp:term":[{"taxonomy":"category","embeddable":true,"href":"https:\/\/revistaepocadigital.com.ar\/index.php?rest_route=%2Fwp%2Fv2%2Fcategories&post=21445"},{"taxonomy":"post_tag","embeddable":true,"href":"https:\/\/revistaepocadigital.com.ar\/index.php?rest_route=%2Fwp%2Fv2%2Ftags&post=21445"}],"curies":[{"name":"wp","href":"https:\/\/api.w.org\/{rel}","templated":true}]}}