{"id":2145,"date":"2019-04-09T21:47:18","date_gmt":"2019-04-10T00:47:18","guid":{"rendered":"https:\/\/revistaepocadigital.com.ar\/?p=2145"},"modified":"2019-04-09T21:48:10","modified_gmt":"2019-04-10T00:48:10","slug":"la-defensoria-del-pueblo-el-inta-y-especialistas-en-derecho-ambiental-y-administrativo-ante-el-uso-de-agroquimicos","status":"publish","type":"post","link":"https:\/\/revistaepocadigital.com.ar\/?p=2145","title":{"rendered":"LA DEFENSORIA DEL PUEBLO, EL INTA Y ESPECIALISTAS EN DERECHO AMBIENTAL Y ADMINISTRATIVO, ANTE EL USO DE AGROQU\u00cdMICOS"},"content":{"rendered":"<p><strong>EXPUSIERON EN LA JORNADA DE CONCIENTIZACI\u00d3N.<\/strong><!--more--><\/p>\n<p>Se denomin\u00f3 <strong>&#8220;Las buenas pr\u00e1cticas agr\u00edcolas y su transici\u00f3n a la agroecolog\u00eda&#8221;<\/strong> organizado por la Direcci\u00f3n de Producci\u00f3n del\u00a0 municipio\u00a0 local.<\/p>\n<p>En un auditorio compuesto por productores rurales, vecinos y organizaciones ambientalistas la Defensor\u00eda del Pueblo encabezada por su director de Infraestructura y Servicios P\u00fablicos, N\u00e9stor \u00c1lvarez, junto a Mariano Patanetti y Mariano Purtic, ambos de la Comisi\u00f3n Ambiental del organismo, plantearon la posibilidad de la agroecolog\u00eda como un nuevo paradigma productivo. Brindando para ello una detallada rese\u00f1a respecto al crecimiento que vienen teniendo las producciones de este tipo en la provincia de Buenos Aires; d\u00f3nde ya han superado las 600.000 hect\u00e1reas cultivadas en distintos municipios.<\/p>\n<p><img loading=\"lazy\" decoding=\"async\" class=\"aligncenter size-large wp-image-2149\" src=\"https:\/\/revistaepocadigital.com.ar\/wp-content\/uploads\/2019\/04\/thumbnail1-1024x576.jpg\" alt=\"\" width=\"696\" height=\"392\" srcset=\"https:\/\/revistaepocadigital.com.ar\/wp-content\/uploads\/2019\/04\/thumbnail1-1024x576.jpg 1024w, https:\/\/revistaepocadigital.com.ar\/wp-content\/uploads\/2019\/04\/thumbnail1-300x169.jpg 300w, https:\/\/revistaepocadigital.com.ar\/wp-content\/uploads\/2019\/04\/thumbnail1-768x432.jpg 768w, https:\/\/revistaepocadigital.com.ar\/wp-content\/uploads\/2019\/04\/thumbnail1-696x392.jpg 696w, https:\/\/revistaepocadigital.com.ar\/wp-content\/uploads\/2019\/04\/thumbnail1.jpg 1032w, https:\/\/revistaepocadigital.com.ar\/wp-content\/uploads\/2019\/04\/thumbnail1-746x420.jpg 746w\" sizes=\"auto, (max-width: 696px) 100vw, 696px\" \/><\/p>\n<p>A su turno, la doctora Anal\u00eda Balbarani, especialista en derecho ambiental, hizo un detallado repaso por la Ley Provincial N\u00b0 10.699 y su Decreto 499\/91 que regula el uso de agroqu\u00edmicos.<\/p>\n<p>Luego, el Dr. Pedro Mermilhaa, especialista en derecho administrativo y civil, llamo a volver al ejercicio de la ley, a partir del cumplimiento de la Constituci\u00f3n Nacional. A su vez, descart\u00f3 la posibilidad de regular el uso de agroqu\u00edmicos bajo normas municipales, ya que las mismas son inconstitucionales para este tipo de asuntos.<\/p>\n<p>Por \u00faltimo, el ingeniero agr\u00f3nomo Leonardo Garcia y la ingeniera forestal Rosana Guti\u00e9rrez, ambos del INTA Z\u00e1rate, hicieron eje en las buenas pr\u00e1cticas agr\u00edcolas, adem\u00e1s de presentar un mapa descriptivo donde muy detalladamente se mostr\u00f3 el gran crecimiento de las producciones intensivas en el distrito.<\/p>\n","protected":false},"excerpt":{"rendered":"<p>EXPUSIERON EN LA JORNADA DE CONCIENTIZACI\u00d3N.<\/p>\n","protected":false},"author":3,"featured_media":2147,"comment_status":"open","ping_status":"open","sticky":false,"template":"","format":"standard","meta":{"footnotes":"","jetpack_publicize_message":"","jetpack_publicize_feature_enabled":true,"jetpack_social_post_already_shared":false,"jetpack_social_options":{"image_generator_settings":{"template":"highway","default_image_id":0,"font":"","enabled":false},"version":2}},"categories":[6],"tags":[302,261],"class_list":["post-2145","post","type-post","status-publish","format-standard","has-post-thumbnail","hentry","category-barrios","tag-agroquimicos","tag-barrios"],"jetpack_publicize_connections":[],"jetpack_featured_media_url":"https:\/\/revistaepocadigital.com.ar\/wp-content\/uploads\/2019\/04\/thumbnail-1.jpg","jetpack_likes_enabled":true,"_links":{"self":[{"href":"https:\/\/revistaepocadigital.com.ar\/index.php?rest_route=\/wp\/v2\/posts\/2145","targetHints":{"allow":["GET"]}}],"collection":[{"href":"https:\/\/revistaepocadigital.com.ar\/index.php?rest_route=\/wp\/v2\/posts"}],"about":[{"href":"https:\/\/revistaepocadigital.com.ar\/index.php?rest_route=\/wp\/v2\/types\/post"}],"author":[{"embeddable":true,"href":"https:\/\/revistaepocadigital.com.ar\/index.php?rest_route=\/wp\/v2\/users\/3"}],"replies":[{"embeddable":true,"href":"https:\/\/revistaepocadigital.com.ar\/index.php?rest_route=%2Fwp%2Fv2%2Fcomments&post=2145"}],"version-history":[{"count":0,"href":"https:\/\/revistaepocadigital.com.ar\/index.php?rest_route=\/wp\/v2\/posts\/2145\/revisions"}],"wp:featuredmedia":[{"embeddable":true,"href":"https:\/\/revistaepocadigital.com.ar\/index.php?rest_route=\/wp\/v2\/media\/2147"}],"wp:attachment":[{"href":"https:\/\/revistaepocadigital.com.ar\/index.php?rest_route=%2Fwp%2Fv2%2Fmedia&parent=2145"}],"wp:term":[{"taxonomy":"category","embeddable":true,"href":"https:\/\/revistaepocadigital.com.ar\/index.php?rest_route=%2Fwp%2Fv2%2Fcategories&post=2145"},{"taxonomy":"post_tag","embeddable":true,"href":"https:\/\/revistaepocadigital.com.ar\/index.php?rest_route=%2Fwp%2Fv2%2Ftags&post=2145"}],"curies":[{"name":"wp","href":"https:\/\/api.w.org\/{rel}","templated":true}]}}