{"id":21450,"date":"2023-07-14T01:57:32","date_gmt":"2023-07-14T04:57:32","guid":{"rendered":"https:\/\/revistaepocadigital.com.ar\/?p=21450"},"modified":"2023-07-18T14:23:02","modified_gmt":"2023-07-18T17:23:02","slug":"evangelina-carrozzo-17-anos-despues-de-su-historica-protesta-candidata-a-concejal","status":"publish","type":"post","link":"https:\/\/revistaepocadigital.com.ar\/?p=21450","title":{"rendered":"Evangelina Carrozzo: 17 a\u00f1os despu\u00e9s de su hist\u00f3rica protesta, candidata a concejal"},"content":{"rendered":"<header class=\"news-headline\">\n<h4 class=\"news-headline__article-summary\"><strong>En 2006 reclam\u00f3 contra la instalaci\u00f3n de la pastera uruguaya. De all\u00ed salt\u00f3 a una ef\u00edmera fama de la mano de Tinelli. Ahora entr\u00f3 a la pol\u00edtica por Juntos por el Cambio.<\/strong><\/h4>\n<\/header>\n<p><!--more--><\/p>\n<div class=\"detail-highlighted-multimedia content-protected-false\">\n<figure class=\"detail-highlighted-multimedia__figure\"><img loading=\"lazy\" decoding=\"async\" class=\"detail-highlighted-multimedia__figure-img img-fluid\" src=\"https:\/\/media.ambito.com\/p\/fbe03fd4aa520800974699d06d778a4a\/adjuntos\/239\/imagenes\/040\/826\/0040826831\/655x368\/smart\/imagepng.png\" alt=\"A 17 a\u00f1os de la irrupci\u00f3n de Eva Carrozzo.&amp;nbsp;\" width=\"1920\" height=\"1367\" \/><figcaption class=\"detail-highlighted-multimedia__figcaption\">\n<div class=\"detail-highlighted-multimedia__caption\">\n<p><em>A 17 a\u00f1os de la irrupci\u00f3n de Eva Carrozzo<\/em>.<\/p>\n<\/div>\n<\/figcaption><\/figure>\n<\/div>\n<article class=\"article-body article-body--first-paragraph content-protected-false\" data-td-script-src=\"https:\/\/www.ambito.com\/td\/modulos\/encuestas\/js\/function-embeds-min-version-1660312129.js\">Muchos recuerdan a<strong>\u00a0Evangelina Carrozzo<\/strong>\u00a0como la agraciada entrerriana escasa de ropas que realiz\u00f3 una infrecuente protesta delante de presidentes, contra la instalaci\u00f3n de la papelera uruguaya frente a las costas de\u00a0<strong>Gualeguaych\u00fa,\u00a0<a href=\"https:\/\/www.ambito.com\/politica\/arde-la-interna-juntos-el-cambio-rios-denuncias-favoritismo-rogelio-frigerio-n5756590\" target=\"_blank\" rel=\"follow noopener\">Entre R\u00edos.<\/a><\/strong><\/article>\n<article class=\"article-body article-body--second-paragraph content-protected-false\">Se recuerda: su imagen fue una de las m\u00e1s vista en el mundo all\u00e1 por 2006, cuando se desarrollaba la IV Cumbre Uni\u00f3n Europea-Am\u00e9rica Latina y el Caribe, en Viena (Austria), cuando se present\u00f3 reclamando por la instalaci\u00f3n de plantas de celulosa sobre la orilla del R\u00edo Uruguay.<\/article>\n<article class=\"article-body article-body--third-paragraph content-protected-false\">El reclamo, con un cartel con la banderas uruguaya y argentina, fue visto in situ por los respectivos presidentes\u00a0<strong>Tabar\u00e9 V\u00e1zquez y N\u00e9stor Kirchner<\/strong>, que manten\u00edan ese diferendo.<\/article>\n<article class=\"article-body article-body--fourth-paragraph content-protected-false\">\n<div id=\"7814892-Libre-1584028842_wrap\" class=\"embed_cont type_imagen\" contenteditable=\"false\">\n<div id=\"7814892-Libre-1584028842_content\" class=\"embed_content\"><img decoding=\"async\" id=\"7814892-Libre-1584028842_embed\" title=\"\" src=\"https:\/\/media.ambito.com\/p\/c5f189266e27c31b0ad3900f68a1089e\/adjuntos\/239\/imagenes\/040\/826\/0040826834\/730x0\/smart\/imagepng.png\" alt=\"\" width=\"730\" height=\"\" data-td-src-property=\"https:\/\/media.ambito.com\/p\/c5f189266e27c31b0ad3900f68a1089e\/adjuntos\/239\/imagenes\/040\/826\/0040826834\/730x0\/smart\/imagepng.png\" \/><\/div>\n<\/div>\n<h4><strong>Del reclamo ambiental a una ef\u00edmera fama en la tele<\/strong><\/h4>\n<p>No pas\u00f3 mucho tiempo para que la Reina del Carnaval llegara a la televisi\u00f3n, pasando por el \u201cBailando por un sue\u00f1o\u201d y \u201cPatinando por un sue\u00f1o\u201d, los formatos de<strong>\u00a0Marcelo Tinelli<\/strong>, y debutara en teatro de la mano de Gerardo Sofovich, en Mar del Plata. Lo que sigui\u00f3 fue una &#8220;producci\u00f3n cuidada&#8221; para la revista Play-Boy, y la conducci\u00f3n del programa &#8220;Combate&#8221;, por Canal 9.<\/p>\n<\/article>\n<article class=\"article-body article-body--remaining-paragraph content-protected-false\">Cabe se\u00f1alar que todo ello fue previo a la explosi\u00f3n de las redes sociales, que seguramente le hubieran servido para sostenerse en la mirada p\u00fablica.<\/p>\n<div id=\"7814893-Libre-76080686_wrap\" class=\"embed_cont type_imagen\" contenteditable=\"false\">\n<div id=\"7814893-Libre-76080686_content\" class=\"embed_content\"><img decoding=\"async\" id=\"7814893-Libre-76080686_embed\" title=\"\" src=\"https:\/\/media.ambito.com\/p\/90268600570f611972798e2ca189fb39\/adjuntos\/239\/imagenes\/040\/826\/0040826835\/730x0\/smart\/imagepng.png\" alt=\"\" width=\"730\" height=\"\" data-td-src-property=\"https:\/\/media.ambito.com\/p\/90268600570f611972798e2ca189fb39\/adjuntos\/239\/imagenes\/040\/826\/0040826835\/730x0\/smart\/imagepng.png\" \/><\/div>\n<\/div>\n<h4><strong>Candidata a concejal de Gualeguaych\u00fa<\/strong><\/h4>\n<p>De regreso de Buenos Aires, Eva, ahora de 42 a\u00f1os, emprendi\u00f3 un nuevo camino junto a su hermano\u00a0<strong>Rub\u00e9n Carrozzo<\/strong>, postul\u00e1ndose como segunda candidata a concejal por el Frente Vecinal Gualeguaych\u00fa, lista que lleva a Pedro Galimberti como precandidato a gobernador por Entre R\u00edos y tiene el apoyo de Rogelio Frigerio, referente de Juntos por el Cambio.<\/p>\n<p data-mrf-recirculation=\"Links inline\">Respecto del armado de listas, aclar\u00f3: \u201cSe arm\u00f3 entre todos. Mi hermano fue elegido como precandidato a intendente de la ciudad de\u00a0<strong>Gualeguaych\u00fa<\/strong>. A m\u00ed me invitaron a formar parte de la lista, soy la segunda precandidata a concejal, por el aporte que puedo hacer desde mi profesi\u00f3n (es consultora psicol\u00f3gica), sobre todo en el sector los adultos mayores, por mi compromiso con el medioambiente que es de p\u00fablico conocimiento. Y por supuesto que tambi\u00e9n tiene un plus ser una persona conocida\u201d.<\/p>\n<p data-mrf-recirculation=\"Links inline\">Pese a que desde aquella cumbre de Viena hab\u00eda recibido propuestas de distintos espacios pol\u00edticos para ser parte de sus listas,\u00a0<strong>Carrozzo\u00a0<\/strong>las desech\u00f3 de plano hasta que, 17 a\u00f1os despu\u00e9s, le cay\u00f3 la ficha.<\/p>\n<\/article>\n<div class=\"news-topics\"><span class=\"news-topics__title\">nota y fotos publicadas en Ambito Financiero<\/span><\/div>\n","protected":false},"excerpt":{"rendered":"<p>En 2006 reclam\u00f3 contra la instalaci\u00f3n de la pastera uruguaya. De all\u00ed salt\u00f3 a una ef\u00edmera fama de la mano de Tinelli. Ahora entr\u00f3 a la pol\u00edtica por Juntos por el Cambio.<\/p>\n","protected":false},"author":3,"featured_media":21452,"comment_status":"open","ping_status":"open","sticky":false,"template":"","format":"standard","meta":{"footnotes":"","jetpack_publicize_message":"","jetpack_publicize_feature_enabled":true,"jetpack_social_post_already_shared":true,"jetpack_social_options":{"image_generator_settings":{"template":"highway","default_image_id":0,"font":"","enabled":false},"version":2}},"categories":[17],"tags":[2377,2379,2378,1379],"class_list":["post-21450","post","type-post","status-publish","format-standard","has-post-thumbnail","hentry","category-politica","tag-carrozzo","tag-concejall","tag-pasteras","tag-protesta"],"jetpack_publicize_connections":[],"jetpack_featured_media_url":"https:\/\/revistaepocadigital.com.ar\/wp-content\/uploads\/2023\/07\/imagepng.webp","jetpack_likes_enabled":true,"_links":{"self":[{"href":"https:\/\/revistaepocadigital.com.ar\/index.php?rest_route=\/wp\/v2\/posts\/21450","targetHints":{"allow":["GET"]}}],"collection":[{"href":"https:\/\/revistaepocadigital.com.ar\/index.php?rest_route=\/wp\/v2\/posts"}],"about":[{"href":"https:\/\/revistaepocadigital.com.ar\/index.php?rest_route=\/wp\/v2\/types\/post"}],"author":[{"embeddable":true,"href":"https:\/\/revistaepocadigital.com.ar\/index.php?rest_route=\/wp\/v2\/users\/3"}],"replies":[{"embeddable":true,"href":"https:\/\/revistaepocadigital.com.ar\/index.php?rest_route=%2Fwp%2Fv2%2Fcomments&post=21450"}],"version-history":[{"count":0,"href":"https:\/\/revistaepocadigital.com.ar\/index.php?rest_route=\/wp\/v2\/posts\/21450\/revisions"}],"wp:featuredmedia":[{"embeddable":true,"href":"https:\/\/revistaepocadigital.com.ar\/index.php?rest_route=\/wp\/v2\/media\/21452"}],"wp:attachment":[{"href":"https:\/\/revistaepocadigital.com.ar\/index.php?rest_route=%2Fwp%2Fv2%2Fmedia&parent=21450"}],"wp:term":[{"taxonomy":"category","embeddable":true,"href":"https:\/\/revistaepocadigital.com.ar\/index.php?rest_route=%2Fwp%2Fv2%2Fcategories&post=21450"},{"taxonomy":"post_tag","embeddable":true,"href":"https:\/\/revistaepocadigital.com.ar\/index.php?rest_route=%2Fwp%2Fv2%2Ftags&post=21450"}],"curies":[{"name":"wp","href":"https:\/\/api.w.org\/{rel}","templated":true}]}}