{"id":21461,"date":"2023-07-15T03:49:59","date_gmt":"2023-07-15T06:49:59","guid":{"rendered":"https:\/\/revistaepocadigital.com.ar\/?p=21461"},"modified":"2023-07-15T03:51:37","modified_gmt":"2023-07-15T06:51:37","slug":"paso-2023-jose-shmidt-razones-por-las-que-bajaron-la-lista-que-encabezaba","status":"publish","type":"post","link":"https:\/\/revistaepocadigital.com.ar\/?p=21461","title":{"rendered":"PASO 2023. Jos\u00e9 Shmidt. Razones por las que bajaron la lista que encabezaba"},"content":{"rendered":"<p><strong>EL AZAROSO CAMINO QUE CONDUCE A LAS PASO DEL MES PR\u00d3XIMO.<\/strong><!--more--><\/p>\n<p>Como resulta evidente, en el camino que conduce a las PASO del 13 de agosto, cada representante de sectores pol\u00edticos exaltacruce\u00f1o, tiene la palabra. EPOCA habl\u00f3 con<strong> Jos\u00e9 Mar\u00eda Shmidt,<\/strong> ex presidente de la UCR en el distrito, y quien hab\u00eda sido postulado como precandidato a intendente por un sector interno de Juntos Cambio. Lista \u201ccorta\u201d sobre cuyo tema habl\u00f3 la concejal Ester Juncos (Juntos por el Cambio) en una nota anterior. Controversia sobre la que Shmidt dio m\u00e1s precisiones, y ampli\u00f3 con cr\u00edticas en torno a lo sucedido, que deriv\u00f3 en que pese a estar habilitada, dicha lista desistiera de participar en las PASO.<\/p>\n<p><em>\u201cDurante una reuni\u00f3n con el armador de Evoluci\u00f3n Radical de la Segunda Secci\u00f3n, Federico Zanettin, nos confirm\u00f3 tiempo atr\u00e1s que Martin Diez ser\u00eda el precandidato a intendente por la lista encabezada por Diego Santilli a gobernador de la provincia de Buenos Aires. Entonces, sin posibilidad de competir con otra lista, y se nos orden\u00f3 a integrarnos a esa lista, sin explicaciones de c\u00f3mo se obtuvo dicha bendici\u00f3n, y dijimos que ese candidato no nos representa\u201d,<\/em> sostuvo Shmidt.<\/p>\n<p>Lu<em>ego al hablar sobre c\u00f3mo hab\u00eda surgido la lista interna encabezada por Diez, manifest\u00f3 que \u201choy sabemos de la compra de candidaturas a cambio de una importante suma en d\u00f3lares, no s\u00e9 si este es un caso. Nosotros dijimos que ese candidato no nos representa, ni pertenece a la oposici\u00f3n, m\u00e1s bien dir\u00eda que pertenece al oficialismo local, ya que es delegado municipal en uso de licencia, y quien hasta el mes de enero cumpl\u00eda funciones\u201d.<\/em><\/p>\n<p>Apunt\u00f3 despu\u00e9s Shmidt, <em>\u201cante este panorama, de que un candidato no afiliado a ninguna de las fuerzas pol\u00edticas que componen \u201cJuntos\u201d, fuera impuesto sin el consentimiento de los afiliados y mucho menos de los representantes de la l\u00ednea Evoluci\u00f3n Radical, llegamos a un acuerdo con CC\/Ari y Avanza Libertad y resolvimos presentarnos a las PASO como una alternativa, pero el acuerdo establecido era ir por \u201cboleta larga\u201d y as\u00ed lograr el reconocimiento\u201d.<\/em><\/p>\n<p><em>\u201cDicha lista<\/em> -sigui\u00f3 diciendo el pol\u00edtico local-<em> fue presentada por la Coalici\u00f3n C\u00edvica (CC), y nos otorgaron una \u201cboleta corta\u201d, bajo la denominaci\u00f3n Lista 4 CC Fucsia. Ante esto, y como lo acordamos con Ester Junco y Eduardo Alga\u00f1araz, renunciamos los 13 integrantes de dicha lista y solicitamos la baja autom\u00e1tica, con el consentimiento general de dar nuestro total apoyo a la precandidatura de Ra\u00fal Sancho a nivel local, por lo que nos encontramos trabajando en la campa\u00f1a electoral\u201d<\/em>.<\/p>\n<p><strong>&#8211; \u00bfQu\u00e9 lo llev\u00f3 a volcarse a encabezar esa finalmente, frustrada lista?<\/strong><br \/>\n<em>&#8211; En la interna radical que tuvo lugar y que triunf\u00f3 el Dr. Iv\u00e1n Gambra, nuestra l\u00ednea decidi\u00f3 no integrar la minor\u00eda que le correspond\u00eda en la mesa directiva del Comit\u00e9 Radical. Se debi\u00f3 a que ya que nuestra postura es antag\u00f3nica a la\u00a0 l\u00ednea ganadora, cuando recibimos el pedido de la entrega del Comit\u00e9 por parte de los due\u00f1os herederos de la propiedad, lo hicimos bajo el mandato de un plenario. Y as\u00ed, ante un escribano p\u00fablico, se realiz\u00f3 la entrega del bien inmueble a sus due\u00f1os, junto a un inventario de los muebles que quedaban en resguardo. Nuestra comisi\u00f3n realiz\u00f3 tres gestiones ante el Comit\u00e9 Provincia para solucionar la titularidad del inmueble,\u00a0 no recibiendo respuesta alguna a nuestro pedido. A su vez, con respecto al libro de actas, nunca pudo ser rubricado ya que el Comit\u00e9 Provincia de la UCR, nunca envi\u00f3 los certificados solicitados, y pertenece a nuestra gesti\u00f3n. En cuanto al libro contable, nunca se llev\u00f3 porque el Comit\u00e9 no recibe aporte de dinero alguno, ni del de Provincia, ni aporte partidario de funcionarios afiliados.<\/em><\/p>\n<figure id=\"attachment_21468\" aria-describedby=\"caption-attachment-21468\" style=\"width: 499px\" class=\"wp-caption aligncenter\"><img loading=\"lazy\" decoding=\"async\" class=\"size-full wp-image-21468\" src=\"https:\/\/revistaepocadigital.com.ar\/wp-content\/uploads\/2023\/07\/shmidt-lista235.jpg\" alt=\"\" width=\"499\" height=\"313\" srcset=\"https:\/\/revistaepocadigital.com.ar\/wp-content\/uploads\/2023\/07\/shmidt-lista235.jpg 499w, https:\/\/revistaepocadigital.com.ar\/wp-content\/uploads\/2023\/07\/shmidt-lista235-300x188.jpg 300w\" sizes=\"auto, (max-width: 499px) 100vw, 499px\" \/><figcaption id=\"caption-attachment-21468\" class=\"wp-caption-text\">Shmidt, junto a algunos integrantes de la lista que iba a encabezar en la PASO de Juntos por el Cambio.<\/figcaption><\/figure>\n<p><strong>-\u00bfQu\u00e9 razones tuvo para dejar el radicalismo que presidi\u00f3 nada menos, y sumarse a las filas de Juntos por el Cambio?.<\/strong><\/p>\n<p><em>-Nuestra l\u00ednea del radicalismo local Boina Blanca, siempre estuvo integrada a Juntos, desde que est\u00e1bamos al frente del Comit\u00e9. As\u00ed lo demostramos siempre, hoy m\u00e1s que nunca, ya que consideramos a Sancho como la \u00fanica oposici\u00f3n real, a un\u00a0 gobierno de 32 a\u00f1os en Exaltaci\u00f3n de la Cruz . Seguimos como radicales, honrando la palabra que dimos en el 2021, cuando el Comit\u00e9 de la Uni\u00f3n C\u00edvica Radical de Exaltaci\u00f3n de la Cruz, present\u00f3 una lista representativa, con afiliados radicales y nos identificamos como verdadera oposici\u00f3n.<\/em><\/p>\n<p><strong>-\u00bfC\u00f3mo explica que el oficialismo de la UCR en nuestro distrito, luego de imponerse en las internas, un proceso interno tan controvertido, haya quedado afuera en cuanto a su participaci\u00f3n en las PASO?.<\/strong><br \/>\n<em>-En las PASO 2021, cuando presentamos aquella lista, cre\u00edamos haber comenzado una etapa nueva. Y que en las futuras elecciones que hubieran, siempre deber\u00eda estar presente una opci\u00f3n radical\u2026 Sin embargo, hoy vemos, tristemente, que el Comit\u00e9 actual no tiene participaci\u00f3n en estas elecciones, ni tampoco integrando la lista con el Pro.<\/em><br \/>\n<em>Sobre el asunto, antes de las internas en el radicalismo, tuvimos una reuni\u00f3n con Iv\u00e1n Gambra, Pedro Querencio, C\u00e9sar Acosta y \u201cPerico\u201d M\u00e1ntaras. En tanto, de nuestra parte estuvieron Rosa Tedesco, Marina Ferreyra y Carlos Hermida. All\u00ed nos explicaron que la intenci\u00f3n de ellos era participar en las elecciones a intendente, con el Dr. Gambra a la cabeza, y que contaban con 4000 votos y que no les interesaba el Comit\u00e9. A lo cual, nosotros respondimos que eso no era posible, faltaba mucho para las elecciones. <\/em><\/p>\n<p><strong>-Entonces&#8230;<\/strong><br \/>\n<em>Creo que no supieron manejar la pol\u00edtica partidaria, ni comprender la pol\u00edtica local, y tambi\u00e9n la UCR provincial no los tuvo en cuenta para negociar en el distrito. Esa falta de compromiso desde la dirigencia provincial,\u00a0 ya lo hab\u00edamos venido criticando, y hoy muy a pesar, debo decir que la UCR en Exaltaci\u00f3n de la Cruz, se encuentra dividida y sin horizonte cercano, como as\u00ed tambi\u00e9n lo est\u00e1 en la Provincia de Buenos Aires y en la Naci\u00f3n. Se hab\u00eda venido con un discurso de liderar la coalici\u00f3n, y se termin\u00f3 pidiendo un puesto para algunos radicales. Se olvidaron de las bases, de los comit\u00e9s. Tambi\u00e9n ha sido llamativo que los \u00faltimos tres concejales de la UCR, no hayan podido renovar sus bancas<\/em>.<br \/>\n<em>Nosotros dimos esa batalla, logramos tener participaci\u00f3n, pero no como se dio. Tenemos orgullo, tenemos ideales y un objetivo claro que es ayudar, contribuir y apoyar el triunfo de Ra\u00fal Sancho en el municipio\u2026.<\/em><\/p>\n","protected":false},"excerpt":{"rendered":"<p>EL AZAROSO CAMINO QUE CONDUCE A LAS PASO DEL MES PR\u00d3XIMO.<\/p>\n","protected":false},"author":4,"featured_media":21469,"comment_status":"open","ping_status":"open","sticky":false,"template":"","format":"standard","meta":{"footnotes":"","jetpack_publicize_message":"","jetpack_publicize_feature_enabled":true,"jetpack_social_post_already_shared":true,"jetpack_social_options":{"image_generator_settings":{"template":"highway","default_image_id":0,"font":"","enabled":false},"version":2}},"categories":[17],"tags":[2109,1489,381,1536],"class_list":["post-21461","post","type-post","status-publish","format-standard","has-post-thumbnail","hentry","category-politica","tag-interna-radical","tag-juntos","tag-paso","tag-shmidt"],"jetpack_publicize_connections":[],"jetpack_featured_media_url":"https:\/\/revistaepocadigital.com.ar\/wp-content\/uploads\/2023\/07\/shmidt.jpg","jetpack_likes_enabled":true,"_links":{"self":[{"href":"https:\/\/revistaepocadigital.com.ar\/index.php?rest_route=\/wp\/v2\/posts\/21461","targetHints":{"allow":["GET"]}}],"collection":[{"href":"https:\/\/revistaepocadigital.com.ar\/index.php?rest_route=\/wp\/v2\/posts"}],"about":[{"href":"https:\/\/revistaepocadigital.com.ar\/index.php?rest_route=\/wp\/v2\/types\/post"}],"author":[{"embeddable":true,"href":"https:\/\/revistaepocadigital.com.ar\/index.php?rest_route=\/wp\/v2\/users\/4"}],"replies":[{"embeddable":true,"href":"https:\/\/revistaepocadigital.com.ar\/index.php?rest_route=%2Fwp%2Fv2%2Fcomments&post=21461"}],"version-history":[{"count":0,"href":"https:\/\/revistaepocadigital.com.ar\/index.php?rest_route=\/wp\/v2\/posts\/21461\/revisions"}],"wp:featuredmedia":[{"embeddable":true,"href":"https:\/\/revistaepocadigital.com.ar\/index.php?rest_route=\/wp\/v2\/media\/21469"}],"wp:attachment":[{"href":"https:\/\/revistaepocadigital.com.ar\/index.php?rest_route=%2Fwp%2Fv2%2Fmedia&parent=21461"}],"wp:term":[{"taxonomy":"category","embeddable":true,"href":"https:\/\/revistaepocadigital.com.ar\/index.php?rest_route=%2Fwp%2Fv2%2Fcategories&post=21461"},{"taxonomy":"post_tag","embeddable":true,"href":"https:\/\/revistaepocadigital.com.ar\/index.php?rest_route=%2Fwp%2Fv2%2Ftags&post=21461"}],"curies":[{"name":"wp","href":"https:\/\/api.w.org\/{rel}","templated":true}]}}