{"id":21473,"date":"2023-07-17T01:37:51","date_gmt":"2023-07-17T04:37:51","guid":{"rendered":"https:\/\/revistaepocadigital.com.ar\/?p=21473"},"modified":"2023-07-17T01:37:51","modified_gmt":"2023-07-17T04:37:51","slug":"martin-diez-los-vecinos-van-a-votar-por-un-candidato-que-le-diga-lo-que-va-a-hacer-y-no-que-este-todo-el-tiempo-criticando-quejandose","status":"publish","type":"post","link":"https:\/\/revistaepocadigital.com.ar\/?p=21473","title":{"rendered":"Mart\u00edn Diez. &#8220;Los vecinos van a votar por un candidato que le diga lo que va a hacer, y no qu\u00e9 est\u00e9 todo el tiempo criticando, quej\u00e1ndose&#8221;"},"content":{"rendered":"<p><strong>PASO 2023. LE PLANTEA LA PELEA EN LAS URNAS A LA LINEA ENCABEZADA POR RA\u00daL SANCHO.<\/strong><!--more--><\/p>\n<p>La lista de precandidatos a intendente, concejales y consejeros escolares para las internas dentro de Juntos por el Cambio en nuestro distrito, es encabezada por <strong>Mart\u00edn Diez. <\/strong>Una postulaci\u00f3n que cont\u00f3 con el respaldo de uno de los sectores internos de Juntos por el Cambio, y que se corporiz\u00f3. <strong>EPOCA<\/strong> habl\u00f3 con<strong> Diez <\/strong>sobre temas que hacen a la gente, a los vecinos, e<strong> importan.<\/strong><\/p>\n<p>&#8211;<strong>Su precandidatura a intendente alineado a Juntos por el Cambio no ha dejado de sorprender. \u00bfQue lo ha llevado a postularse y c\u00f3mo surgi\u00f3 la postulaci\u00f3n?<\/strong><br \/>\n<em>&#8211;<strong>Desde hace largo tiempo<\/strong> he mantenido charlas con diferentes dirigentes de Juntos por el Cambio, compartiendo reuniones y expresando mis inquietudes y mis proyectos para Exaltaci\u00f3n de la Cruz. Desde el mismo espaci\u00f3 me ofrecieron participar activamente, as\u00ed lo hice, y as\u00ed lo seguir\u00e9 haciendo por eso soy precandidato a intendente en las elecciones pr\u00f3ximas.<\/em><\/p>\n<p>&#8211;<strong>Su v\u00ednculo laboral desde hace a\u00f1os con la Municipalidad de Exaltaci\u00f3n de la Cruz, tambi\u00e9n gener\u00f3 interrogantes. \u00bfQue razones encontr\u00f3 para alinearse con un sector pol\u00edtico, que est\u00e1 en las ant\u00edpodas del oficialismo local, provincial y nacional?.<\/strong><br \/>\n<em>-Fu\u00ed empleado municipal durante 23 a\u00f1os de mi vida, y orgulloso de ser parte de la familia municipal. Transit\u00e9 a\u00f1os hermosos junto a mis compa\u00f1eros en todas las a\u00e9reas por las que pas\u00e9. Ahora bien, mi salida ya en el a\u00f1o 2020 la hab\u00eda hablado con el intendente, y que ser\u00eda en cualquier momento.<strong> Las razones han sido netamente laborales<\/strong>, para poder desarrollar mi experiencia de gesti\u00f3n junto a mi equipo de trabajo, para los vecinos de Exaltaci\u00f3n de la Cruz en forma general.<\/em><\/p>\n<p><strong>-El intendente Nanni en una reciente entrevista con EPOCA, al responder sobre su precandidatura por Juntos por el Cambio, dijo no comprender su paso concretado y que por ello no deb\u00eda seguir con licencia en el municipio, sino renunciar a sus funciones. Se escucha tambi\u00e9n a vecinos, aludir a su relaci\u00f3n laboral\/pol\u00edtica con el municipio.<\/strong><br \/>\n<em>-Al respecto del intendente actual que se encuentra en funciones, <strong>no pretendo que el entienda mis decisiones y mis convicciones.<\/strong> En cuanto a la licencia sin goce de sueldo, me corresponde como empleado municipal de planta- Entonces, ni el (Nanni), ni ning\u00fan funcionario le puede quitar los derechos a los empleados que nos corresponden. Y en segundo lugar, la licencia la solicit\u00e9 para poder continuar contando con la obra social de IOMA para m\u00ed grupo familiar de IOMA en forma voluntaria.<\/em><br \/>\n<em>Y sobre una relaci\u00f3n con la gesti\u00f3n actual,<strong> no tengo ninguna relaci\u00f3n con la misma; por algo tom\u00e9 la decisi\u00f3n de irme y presentarme<\/strong> como precandidato a intendente en las elecciones que hay este a\u00f1o.<\/em><\/p>\n<figure id=\"attachment_21475\" aria-describedby=\"caption-attachment-21475\" style=\"width: 237px\" class=\"wp-caption alignleft\"><img loading=\"lazy\" decoding=\"async\" class=\"size-full wp-image-21475\" src=\"https:\/\/revistaepocadigital.com.ar\/wp-content\/uploads\/2023\/07\/DIEZmartin.jpg\" alt=\"\" width=\"237\" height=\"421\" srcset=\"https:\/\/revistaepocadigital.com.ar\/wp-content\/uploads\/2023\/07\/DIEZmartin.jpg 237w, https:\/\/revistaepocadigital.com.ar\/wp-content\/uploads\/2023\/07\/DIEZmartin-169x300.jpg 169w\" sizes=\"auto, (max-width: 237px) 100vw, 237px\" \/><figcaption id=\"caption-attachment-21475\" class=\"wp-caption-text\">Diez habl\u00f3 de su paso por el municipio donde se encuentra con licencia sin goce de sueldo, y aludi\u00f3 a Ra\u00fal Sancho, su rival en las internas en Juntos por el Cambio.<\/figcaption><\/figure>\n<p><strong>-En la etapa actual de campa\u00f1a electoral hacia las PASO, \u00bfen que se diferencia de Ra\u00fal Sancho, su contrincante en las urnas dentro del espacio pol\u00edtico, y que eco recoge en los vecinos en sus recorridas por el distrito?<\/strong><br \/>\n&#8211;<em>Estoy feliz de participar en una interna, porque ah\u00ed<strong> realmente se ven los resultados de los candidatos con la poblaci\u00f3n en su totalidad.<\/strong> Es el momento cuando los vecinos con su voto, tienen la oportunidad de expresarse libremente.<\/em><br \/>\n<em>Y en cuanto a lo que <strong>nos diferencia con el otro precandidato de Juntos por el Cambio <\/strong><\/em>(aludiendo a Sancho),<em> bueno nos diferencia la experiencia y el liderazgo de trabajo, con una lista integrada por personas nuevas en la pol\u00edtica pero con experiencia laboral, sensibilidad humana y sobretodo vocaci\u00f3n. Los vecinos cuando camino por distintos puntos de nuestro distrito, te cuentan sobre temas varios, y hoy se siente la tristeza que se vive en general como pa\u00eds e inevitablemente nos toca de lleno. Y lo comprobamos sin dudas como digo cuando charlamos con vecinos en nuestras caminatas, al tocar temas fundamentales como seguridad, trabajo, salud p\u00fablica, educaci\u00f3n<\/em>.<\/p>\n<p><strong>-\u00bfEn que propone diferenciarse de la actual gesti\u00f3n municipal encabezada por Nanni?<\/strong><br \/>\n<em><strong>-La diferencia soy yo, Mart\u00edn Diez;<\/strong> un vecino nacido y criado ac\u00e1 en Exaltaci\u00f3n de la Cruz, padre, con una hermosa familia pilar fundamentales para poder apoyarme d\u00eda a d\u00eda. Y en cuanto a mi gesti\u00f3n como intendente, se va a ver desde el 10 de diciembre pr\u00f3ximo, junto a los vecinos trabajando incansablemente para mejorarles la calidad de vida en todos los aspectos.<\/em><\/p>\n<p><strong>-\u00bfCuales son las razones que deben atender los seguidores de Juntos por el Cambio, para votarlo a usted y no a Sancho en las PASO?<\/strong><br \/>\n<em>-La poblaci\u00f3n de Exaltaci\u00f3n de la Cruz este a\u00f1o tienen la herramienta del voto para expresarse tanto en las PASO como en las elecciones generales. Las razones como opci\u00f3n presentada por nuestra lista, se apoyan en el equipo de trabajo, las personas que la conformamos; los puntos que desarrollamos en temas centrales como los que he mencionado, seguridad, salud, educaci\u00f3n, trabajo, calidad de vida en los barrios. Estoy seguro que los <strong>vecinos a la hora de votar lo van a hacer con much\u00edsima seriedad e inteligencia, por un candidato que le diga lo que va a hacer y no qu\u00e9 est\u00e9 todo el tiempo criticando, quej\u00e1ndose y no trabajando para el conjunto de toda la sociedad del distrito a modo de resolver de verdad las cosas.<\/strong><\/em><\/p>\n<p><strong>&#8220;LO MAS SANO ES TRABAJAR EN CONJUNTO, Y NO HACER<\/strong><br \/>\n<strong>UNA CAMPA\u00d1A DESDE LA OSCURIDAD Y LA MALDAD&#8221;<\/strong><\/p>\n<p><strong>-Una vez dejadas atr\u00e1s las PASO, \u00bfpuede decirse en Juntos por el Cambio que el que pierde acompa\u00f1a?. Eventualmente si no ganara la interna, trabajar\u00e1 en pos de la candidatura a intendente de Raul Sancho?<\/strong><br \/>\n&#8211;<em>Estamos convencidos que vamos a ganar las PASO, ac\u00e1 la poblaci\u00f3n se va a expresar en su totalidad y lo <strong>m\u00e1s sano es trabajar en conjunto y no hacer una campa\u00f1a desde la oscuridad y la maldad<\/strong>.<strong> Los vecinos est\u00e1n cansados de las peleas de los pol\u00edticos,<\/strong> nosotros como equipo estamos para sumar y no para restar, y nos debemos a los vecinos. Exaltaci\u00f3n de la Cruz necesita un gobierno para el conjunto de la sociedad en su totalidad.<\/em><\/p>\n<p><strong>-\u00bfQue panorama actual y futuro visualiza respecto a Exaltaci\u00f3n de la Cruz?. \u00bfPuede sintetizar la principal carencia y el mayor atributo del distrito?<\/strong><br \/>\n<em>-En la actualidad la Argentina est\u00e1 pasando un momento muy dif\u00edcil, y por ende repercute en nuestro distrito. Se nos hace cuesta arriba como ciudadanos, y <strong>siento la p\u00e9rdida de dignidad en la sociedad, una palabra muy dura, pero es lo que siento cada vez que charlo con la gente.<\/strong> Y si hablamos de futuro, lo que quiero y por lo que voy a trabajar incansablemente junto a mi equipo de trabajo es, insisto, para mejorarle la calidad de vida y estar a la altura de las circunstancias de cada vecino en salud, educaci\u00f3n, seguridad, trabajo genuino, obras para la calidad de vida en los barrios que tenemos, y siempre escuchar y hacer <strong>participar a los j\u00f3venes<\/strong> que va a ser uno de los temas puntuales de mi gesti\u00f3n. No s\u00e9 si la palabra a utilizar es carencia, pero s\u00ed como funcionarios p\u00fablicos nos debemos a la gente porque &#8220;la gente te pone y la gente te saca&#8221;.<\/em><\/p>\n<p>&nbsp;<\/p>\n<p>Fotos: Prensa.<\/p>\n<p>&nbsp;<\/p>\n<p>&nbsp;<\/p>\n","protected":false},"excerpt":{"rendered":"<p>PASO 2023. LE PLANTEA LA PELEA EN LAS URNAS A LA LINEA ENCABEZADA POR RA\u00daL SANCHO.<\/p>\n","protected":false},"author":4,"featured_media":21474,"comment_status":"open","ping_status":"open","sticky":false,"template":"","format":"standard","meta":{"footnotes":"","jetpack_publicize_message":"","jetpack_publicize_feature_enabled":true,"jetpack_social_post_already_shared":true,"jetpack_social_options":{"image_generator_settings":{"template":"highway","default_image_id":0,"font":"","enabled":false},"version":2}},"categories":[17],"tags":[],"class_list":["post-21473","post","type-post","status-publish","format-standard","has-post-thumbnail","hentry","category-politica"],"jetpack_publicize_connections":[],"jetpack_featured_media_url":"https:\/\/revistaepocadigital.com.ar\/wp-content\/uploads\/2023\/07\/DIEZ-23.jpg","jetpack_likes_enabled":true,"_links":{"self":[{"href":"https:\/\/revistaepocadigital.com.ar\/index.php?rest_route=\/wp\/v2\/posts\/21473","targetHints":{"allow":["GET"]}}],"collection":[{"href":"https:\/\/revistaepocadigital.com.ar\/index.php?rest_route=\/wp\/v2\/posts"}],"about":[{"href":"https:\/\/revistaepocadigital.com.ar\/index.php?rest_route=\/wp\/v2\/types\/post"}],"author":[{"embeddable":true,"href":"https:\/\/revistaepocadigital.com.ar\/index.php?rest_route=\/wp\/v2\/users\/4"}],"replies":[{"embeddable":true,"href":"https:\/\/revistaepocadigital.com.ar\/index.php?rest_route=%2Fwp%2Fv2%2Fcomments&post=21473"}],"version-history":[{"count":0,"href":"https:\/\/revistaepocadigital.com.ar\/index.php?rest_route=\/wp\/v2\/posts\/21473\/revisions"}],"wp:featuredmedia":[{"embeddable":true,"href":"https:\/\/revistaepocadigital.com.ar\/index.php?rest_route=\/wp\/v2\/media\/21474"}],"wp:attachment":[{"href":"https:\/\/revistaepocadigital.com.ar\/index.php?rest_route=%2Fwp%2Fv2%2Fmedia&parent=21473"}],"wp:term":[{"taxonomy":"category","embeddable":true,"href":"https:\/\/revistaepocadigital.com.ar\/index.php?rest_route=%2Fwp%2Fv2%2Fcategories&post=21473"},{"taxonomy":"post_tag","embeddable":true,"href":"https:\/\/revistaepocadigital.com.ar\/index.php?rest_route=%2Fwp%2Fv2%2Ftags&post=21473"}],"curies":[{"name":"wp","href":"https:\/\/api.w.org\/{rel}","templated":true}]}}